{"id":12514,"date":"2024-12-06T12:00:32","date_gmt":"2024-12-06T11:00:32","guid":{"rendered":"https:\/\/eager-austin.188-34-163-140.plesk.page\/?p=12514"},"modified":"2024-12-06T12:00:32","modified_gmt":"2024-12-06T11:00:32","slug":"der-erste-schnee","status":"publish","type":"post","link":"https:\/\/kitabluemli.ch\/en\/der-erste-schnee\/","title":{"rendered":"Der erste Schnee"},"content":{"rendered":"<p>Die Freude war riesig, als die Kinder den ersten Schnee der Saison entdeckten. Die Terrasse verwandelte sich in eine weisse Winterlandschaft, und ein grosser Haufen Neuschnee wartete darauf, erkundet zu werden.<\/p>\n<p>Mit lautem Jubel und strahlenden Gesichtern st\u00fcrzten sich die Kleinen in den Schneeberg. Es wurde fleissig geworfen, geknetet und gegraben, w\u00e4hrend Schneeflocken auf ihren warm eingepackten M\u00fctzen landeten. Einige Kinder machten begeistert kleine Schneeb\u00e4lle, w\u00e4hrend andere einfach durch den Schnee robbten und sich \u00fcber die kalte, weiche Pracht freuten.<\/p>\n<p>Die Terrasse war erf\u00fcllt von Lachen und fr\u00f6hlichem Rufen \u2013 der erste Schnee hat eindeutig alle Herzen erobert. Nach dem Spielen gab es eine kurze Pause, um die kalten H\u00e4nde aufzuw\u00e4rmen, bevor es weiterging.<\/p>\n<p>Dieser Tag war ein ganz besonderer Moment, der den Zauber des Winters und die pure Freude der Kinder einfing.<\/p>","protected":false},"excerpt":{"rendered":"<p>Die Freude war riesig, als die Kinder den ersten Schnee der Saison entdeckten. Die Terrasse verwandelte sich in eine weisse Winterlandschaft, und ein grosser Haufen Neuschnee wartete darauf, erkundet zu werden. Mit lautem Jubel und strahlenden Gesichtern st\u00fcrzten sich die Kleinen in den Schneeberg. Es wurde fleissig geworfen, geknetet und gegraben, w\u00e4hrend Schneeflocken auf ihren [&hellip;]<\/p>\n","protected":false},"author":2,"featured_media":12515,"comment_status":"closed","ping_status":"closed","sticky":false,"template":"","format":"standard","meta":{"footnotes":""},"categories":[519],"tags":[],"class_list":["post-12514","post","type-post","status-publish","format-standard","has-post-thumbnail","hentry","category-kinderkrippe-blog"],"_links":{"self":[{"href":"https:\/\/kitabluemli.ch\/en\/wp-json\/wp\/v2\/posts\/12514","targetHints":{"allow":["GET"]}}],"collection":[{"href":"https:\/\/kitabluemli.ch\/en\/wp-json\/wp\/v2\/posts"}],"about":[{"href":"https:\/\/kitabluemli.ch\/en\/wp-json\/wp\/v2\/types\/post"}],"author":[{"embeddable":true,"href":"https:\/\/kitabluemli.ch\/en\/wp-json\/wp\/v2\/users\/2"}],"replies":[{"embeddable":true,"href":"https:\/\/kitabluemli.ch\/en\/wp-json\/wp\/v2\/comments?post=12514"}],"version-history":[{"count":0,"href":"https:\/\/kitabluemli.ch\/en\/wp-json\/wp\/v2\/posts\/12514\/revisions"}],"wp:featuredmedia":[{"embeddable":true,"href":"https:\/\/kitabluemli.ch\/en\/wp-json\/wp\/v2\/media\/12515"}],"wp:attachment":[{"href":"https:\/\/kitabluemli.ch\/en\/wp-json\/wp\/v2\/media?parent=12514"}],"wp:term":[{"taxonomy":"category","embeddable":true,"href":"https:\/\/kitabluemli.ch\/en\/wp-json\/wp\/v2\/categories?post=12514"},{"taxonomy":"post_tag","embeddable":true,"href":"https:\/\/kitabluemli.ch\/en\/wp-json\/wp\/v2\/tags?post=12514"}],"curies":[{"name":"wp","href":"https:\/\/api.w.org\/{rel}","templated":true}]}}