{"id":12520,"date":"2024-12-12T12:00:55","date_gmt":"2024-12-12T11:00:55","guid":{"rendered":"https:\/\/eager-austin.188-34-163-140.plesk.page\/?p=12520"},"modified":"2024-12-12T12:00:55","modified_gmt":"2024-12-12T11:00:55","slug":"zusammenhalt-2","status":"publish","type":"post","link":"https:\/\/kitabluemli.ch\/en\/zusammenhalt-2\/","title":{"rendered":"Zusammenhalt"},"content":{"rendered":"<p>Im Alltag wird der Zusammenhalt der Kinder immer wieder sichtbar. Ob beim Spielen, Entdecken oder Basteln \u2013 die Kinder unterst\u00fctzen sich gegenseitig mit einer nat\u00fcrlichen Herzlichkeit.<\/p>\n<p>Ein besonders sch\u00f6ner Moment war, als sie sich spontan alle an den H\u00e4nden fassten und in einer Reihe zusammen liefen. Mit strahlenden Gesichtern und viel Gel\u00e4chter marschierten sie gemeinsam durch den Garten, jeder hielt den n\u00e4chsten fest, damit niemand zur\u00fcckbleibt.<\/p>\n<p>Es war wunderbar zu sehen, wie die Kinder miteinander agierten \u2013 die Gr\u00f6sseren achteten darauf, die Kleineren nicht zu verlieren, und alle schienen die Freude an diesem besonderen Spiel zu teilen. Die Reihe bewegte sich langsam, aber voller Energie und Zusammenhalt, durch die Umgebung.<\/p>\n<p>Dieser einfache, aber herzerw\u00e4rmende Moment zeigte, wie stark der Teamgeist der Kinder ist. Gemeinsam, Hand in Hand, erlebten sie einen Augenblick, der allen ein L\u00e4cheln ins Gesicht zauberte.<\/p>\n<p>&nbsp;<\/p>","protected":false},"excerpt":{"rendered":"<p>Im Alltag wird der Zusammenhalt der Kinder immer wieder sichtbar. Ob beim Spielen, Entdecken oder Basteln \u2013 die Kinder unterst\u00fctzen sich gegenseitig mit einer nat\u00fcrlichen Herzlichkeit. Ein besonders sch\u00f6ner Moment war, als sie sich spontan alle an den H\u00e4nden fassten und in einer Reihe zusammen liefen. Mit strahlenden Gesichtern und viel Gel\u00e4chter marschierten sie gemeinsam [&hellip;]<\/p>\n","protected":false},"author":2,"featured_media":12521,"comment_status":"closed","ping_status":"closed","sticky":false,"template":"","format":"standard","meta":{"footnotes":""},"categories":[520],"tags":[],"class_list":["post-12520","post","type-post","status-publish","format-standard","has-post-thumbnail","hentry","category-waldkinderkrippe-blog"],"_links":{"self":[{"href":"https:\/\/kitabluemli.ch\/en\/wp-json\/wp\/v2\/posts\/12520","targetHints":{"allow":["GET"]}}],"collection":[{"href":"https:\/\/kitabluemli.ch\/en\/wp-json\/wp\/v2\/posts"}],"about":[{"href":"https:\/\/kitabluemli.ch\/en\/wp-json\/wp\/v2\/types\/post"}],"author":[{"embeddable":true,"href":"https:\/\/kitabluemli.ch\/en\/wp-json\/wp\/v2\/users\/2"}],"replies":[{"embeddable":true,"href":"https:\/\/kitabluemli.ch\/en\/wp-json\/wp\/v2\/comments?post=12520"}],"version-history":[{"count":0,"href":"https:\/\/kitabluemli.ch\/en\/wp-json\/wp\/v2\/posts\/12520\/revisions"}],"wp:featuredmedia":[{"embeddable":true,"href":"https:\/\/kitabluemli.ch\/en\/wp-json\/wp\/v2\/media\/12521"}],"wp:attachment":[{"href":"https:\/\/kitabluemli.ch\/en\/wp-json\/wp\/v2\/media?parent=12520"}],"wp:term":[{"taxonomy":"category","embeddable":true,"href":"https:\/\/kitabluemli.ch\/en\/wp-json\/wp\/v2\/categories?post=12520"},{"taxonomy":"post_tag","embeddable":true,"href":"https:\/\/kitabluemli.ch\/en\/wp-json\/wp\/v2\/tags?post=12520"}],"curies":[{"name":"wp","href":"https:\/\/api.w.org\/{rel}","templated":true}]}}