{"id":12523,"date":"2024-12-15T12:00:01","date_gmt":"2024-12-15T11:00:01","guid":{"rendered":"https:\/\/eager-austin.188-34-163-140.plesk.page\/?p=12523"},"modified":"2025-01-03T15:14:39","modified_gmt":"2025-01-03T14:14:39","slug":"eule-basteln","status":"publish","type":"post","link":"https:\/\/kitabluemli.ch\/en\/eule-basteln\/","title":{"rendered":"Eule basteln"},"content":{"rendered":"<p>Mit viel Freude und Kreativit\u00e4t machten sich die Kinder an ihre Herbstbastelei. Das Ziel: bunte Eulen aus Papier und gesammelten Bl\u00e4ttern zu gestalten.<\/p>\n<p>Zun\u00e4chst suchten sich die Kinder farbige Papiere aus und schnitten kleine Formen f\u00fcr die Eulenk\u00f6rper aus. Anschliessen durften sie die Bl\u00e4tter aus ihrer Waldsammlung ausw\u00e4hlen, die die Fl\u00fcgel und Federn der Eulen darstellten. Mit Kleber, Schere und jeder Menge Fantasie entstanden nach und nach ganz unterschiedliche Eulen, die von der Natur inspiriert waren.<\/p>\n<p>W\u00e4hrend des Bastelns tauschten die Kinder Ideen aus und bewunderten gegenseitig ihre Werke. Die fertigen Eulen wurden stolz pr\u00e4sentiert und schm\u00fccken nun die W\u00e4nde der Kita \u2013 ein sch\u00f6ner Beweis f\u00fcr die Kreativit\u00e4t der Kinder und die Sch\u00f6nheit der Herbstzeit.<\/p>","protected":false},"excerpt":{"rendered":"<p>Mit viel Freude und Kreativit\u00e4t machten sich die Kinder an ihre Herbstbastelei. Das Ziel: bunte Eulen aus Papier und gesammelten Bl\u00e4ttern zu gestalten. Zun\u00e4chst suchten sich die Kinder farbige Papiere aus und schnitten kleine Formen f\u00fcr die Eulenk\u00f6rper aus. Anschliessen durften sie die Bl\u00e4tter aus ihrer Waldsammlung ausw\u00e4hlen, die die Fl\u00fcgel und Federn der Eulen [&hellip;]<\/p>\n","protected":false},"author":2,"featured_media":12524,"comment_status":"closed","ping_status":"closed","sticky":false,"template":"","format":"standard","meta":{"footnotes":""},"categories":[519],"tags":[],"class_list":["post-12523","post","type-post","status-publish","format-standard","has-post-thumbnail","hentry","category-kinderkrippe-blog"],"_links":{"self":[{"href":"https:\/\/kitabluemli.ch\/en\/wp-json\/wp\/v2\/posts\/12523","targetHints":{"allow":["GET"]}}],"collection":[{"href":"https:\/\/kitabluemli.ch\/en\/wp-json\/wp\/v2\/posts"}],"about":[{"href":"https:\/\/kitabluemli.ch\/en\/wp-json\/wp\/v2\/types\/post"}],"author":[{"embeddable":true,"href":"https:\/\/kitabluemli.ch\/en\/wp-json\/wp\/v2\/users\/2"}],"replies":[{"embeddable":true,"href":"https:\/\/kitabluemli.ch\/en\/wp-json\/wp\/v2\/comments?post=12523"}],"version-history":[{"count":0,"href":"https:\/\/kitabluemli.ch\/en\/wp-json\/wp\/v2\/posts\/12523\/revisions"}],"wp:featuredmedia":[{"embeddable":true,"href":"https:\/\/kitabluemli.ch\/en\/wp-json\/wp\/v2\/media\/12524"}],"wp:attachment":[{"href":"https:\/\/kitabluemli.ch\/en\/wp-json\/wp\/v2\/media?parent=12523"}],"wp:term":[{"taxonomy":"category","embeddable":true,"href":"https:\/\/kitabluemli.ch\/en\/wp-json\/wp\/v2\/categories?post=12523"},{"taxonomy":"post_tag","embeddable":true,"href":"https:\/\/kitabluemli.ch\/en\/wp-json\/wp\/v2\/tags?post=12523"}],"curies":[{"name":"wp","href":"https:\/\/api.w.org\/{rel}","templated":true}]}}