{"id":30071,"date":"2025-01-24T08:00:10","date_gmt":"2025-01-24T07:00:10","guid":{"rendered":"https:\/\/kitabluemli.ch\/?p=30071"},"modified":"2025-01-22T18:33:07","modified_gmt":"2025-01-22T17:33:07","slug":"waldpaedagogik-fuer-kinder-7-vorteile","status":"publish","type":"post","link":"https:\/\/kitabluemli.ch\/en\/waldpaedagogik-fuer-kinder-7-vorteile\/","title":{"rendered":"Waldp\u00e4dagogik f\u00fcr Kinder 7 Vorteile"},"content":{"rendered":"<p class=\"p1\">Waldp\u00e4dagogik f\u00fcr Kinder ist eine spannende und wertvolle M\u00f6glichkeit, die Natur zu erleben und gleichzeitig zahlreiche F\u00e4higkeiten zu entwickeln. Zeit im Wald st\u00e4rkt nicht nur die Verbindung zur Umwelt, sondern hat auch einen positiven Einfluss auf die motorische, soziale und emotionale Entwicklung. In einer Welt, die von Technologie dominiert wird, bietet der Wald einen nat\u00fcrlichen Ausgleich.<\/p>\n<p class=\"p3\"><b>Warum Waldp\u00e4dagogik so wichtig ist<\/b><b><\/b><\/p>\n<p class=\"p1\">Die Natur bietet Kindern eine einzigartige Lernumgebung. Im Gegensatz zu vorstrukturierten Spielpl\u00e4tzen fordert der Wald die Kreativit\u00e4t der Kinder heraus und bietet unz\u00e4hlige M\u00f6glichkeiten zum Entdecken und Experimentieren. Ob das Balancieren auf einem Baumstamm oder das Erkunden von Pflanzen und Tieren \u2013 die Erfahrungen im Wald pr\u00e4gen Kinder nachhaltig.<\/p>\n<p class=\"p1\"><b>Hier sind die sieben wichtigsten Vorteile der Waldp\u00e4dagogik f\u00fcr Kinder:<\/b><b><\/b><\/p>\n<p class=\"p4\">1.<b>Motorische F\u00e4higkeiten:<\/b> Klettern, Springen und Balancieren f\u00f6rdern die Grob- und Feinmotorik.<\/p>\n<p class=\"p4\">2.<b>St\u00e4rkung der Sinne:<\/b> Im Wald werden alle Sinne angesprochen \u2013 Sehen, H\u00f6ren, Riechen und F\u00fchlen.<\/p>\n<p class=\"p4\">3.<b>Kreativit\u00e4t und Fantasie:<\/b> Die Natur bietet unbegrenzte M\u00f6glichkeiten f\u00fcr Rollenspiele und kreatives Gestalten.<\/p>\n<p class=\"p4\">4.<b>Selbstvertrauen:<\/b> Kinder lernen, Herausforderungen wie das \u00dcberqueren eines Baumstamms eigenst\u00e4ndig zu bew\u00e4ltigen.<\/p>\n<p class=\"p4\">5.<b>Teamwork:<\/b> Gemeinsame Erkundungen f\u00f6rdern die Zusammenarbeit und das soziale Miteinander.<\/p>\n<p class=\"p4\">6.<b>Verbindung zur Natur:<\/b> Kinder entwickeln ein Bewusstsein f\u00fcr Umwelt und Nachhaltigkeit.<\/p>\n<p class=\"p4\">7.<b>Stressabbau:<\/b> Zeit im Wald wirkt beruhigend und hilft Kindern, ihren Alltag besser zu bew\u00e4ltigen.<\/p>\n<p class=\"p3\"><b>Waldp\u00e4dagogik in der KiTa Bl\u00fcemli<\/b><b><\/b><\/p>\n<p class=\"p1\">Die Waldp\u00e4dagogik ist ein fester Bestandteil des Konzepts der <b>KiTa Bl\u00fcemli<\/b>. Unsere Kinder verbringen t\u00e4glich Zeit in der Natur, sei es bei der Erkundung des Waldes, beim Balancieren auf Baumst\u00e4mmen oder beim Sammeln von Sch\u00e4tzen wie Bl\u00e4ttern und Tannenzapfen. Diese Aktivit\u00e4ten f\u00f6rdern nicht nur die motorischen F\u00e4higkeiten, sondern auch die Neugier und den Forschergeist der Kinder.<\/p>\n<p class=\"p1\">Unsere <b>Forest Group<\/b> erm\u00f6glicht es den Kindern, jeden Tag die Natur hautnah zu erleben. Dabei legen wir besonderen Wert auf Sicherheit, indem wir die Kinder mit reflektierenden Westen und wettergerechter Kleidung ausstatten. Durch regelm\u00e4\u00dfige Waldtage werden die Kinder nicht nur k\u00f6rperlich, sondern auch emotional gest\u00e4rkt.<\/p>\n<p class=\"p3\"><b>Tipps f\u00fcr Eltern: Waldp\u00e4dagogik im Alltag integrieren<\/b><b><\/b><\/p>\n<p class=\"p5\">\u2022<b>Waldspazierg\u00e4nge:<\/b> Planen Sie gemeinsame Ausfl\u00fcge in den Wald, bei denen Ihr Kind die Umgebung erkunden kann.<\/p>\n<p class=\"p5\">\u2022<b>Naturmaterialien nutzen:<\/b> Basteln Sie zu Hause mit gesammelten Zweigen, Bl\u00e4ttern oder Steinen.<\/p>\n<p class=\"p5\">\u2022<b>Freiraum geben:<\/b> Lassen Sie Ihr Kind eigene Entdeckungen machen und seiner Fantasie freien Lauf.<\/p>\n<p class=\"p3\"><b>Lernen Sie uns kennen<\/b><b><\/b><\/p>\n<p class=\"p1\">M\u00f6chten Sie mehr \u00fcber unsere <a href=\"https:\/\/kitabluemli.ch\/en\/forest-group\/\"><b>Forest Group<\/b><\/a> erfahren? In der KiTa Bl\u00fcemli stehen Natur und Bewegung im Mittelpunkt. Wir freuen uns, Ihnen unsere Philosophie n\u00e4herzubringen und Ihre Fragen zu beantworten!<\/p>","protected":false},"excerpt":{"rendered":"<p>Waldp\u00e4dagogik f\u00fcr Kinder ist eine spannende und wertvolle M\u00f6glichkeit, die Natur zu erleben und gleichzeitig zahlreiche F\u00e4higkeiten zu entwickeln. Zeit im Wald st\u00e4rkt nicht nur die Verbindung zur Umwelt, sondern hat auch einen positiven Einfluss auf die motorische, soziale und emotionale Entwicklung. In einer Welt, die von Technologie dominiert wird, bietet der Wald einen nat\u00fcrlichen [&hellip;]<\/p>\n","protected":false},"author":2,"featured_media":30109,"comment_status":"closed","ping_status":"closed","sticky":false,"template":"","format":"standard","meta":{"footnotes":""},"categories":[520],"tags":[],"class_list":["post-30071","post","type-post","status-publish","format-standard","has-post-thumbnail","hentry","category-waldkinderkrippe-blog"],"_links":{"self":[{"href":"https:\/\/kitabluemli.ch\/en\/wp-json\/wp\/v2\/posts\/30071","targetHints":{"allow":["GET"]}}],"collection":[{"href":"https:\/\/kitabluemli.ch\/en\/wp-json\/wp\/v2\/posts"}],"about":[{"href":"https:\/\/kitabluemli.ch\/en\/wp-json\/wp\/v2\/types\/post"}],"author":[{"embeddable":true,"href":"https:\/\/kitabluemli.ch\/en\/wp-json\/wp\/v2\/users\/2"}],"replies":[{"embeddable":true,"href":"https:\/\/kitabluemli.ch\/en\/wp-json\/wp\/v2\/comments?post=30071"}],"version-history":[{"count":0,"href":"https:\/\/kitabluemli.ch\/en\/wp-json\/wp\/v2\/posts\/30071\/revisions"}],"wp:featuredmedia":[{"embeddable":true,"href":"https:\/\/kitabluemli.ch\/en\/wp-json\/wp\/v2\/media\/30109"}],"wp:attachment":[{"href":"https:\/\/kitabluemli.ch\/en\/wp-json\/wp\/v2\/media?parent=30071"}],"wp:term":[{"taxonomy":"category","embeddable":true,"href":"https:\/\/kitabluemli.ch\/en\/wp-json\/wp\/v2\/categories?post=30071"},{"taxonomy":"post_tag","embeddable":true,"href":"https:\/\/kitabluemli.ch\/en\/wp-json\/wp\/v2\/tags?post=30071"}],"curies":[{"name":"wp","href":"https:\/\/api.w.org\/{rel}","templated":true}]}}