{"id":30162,"date":"2025-02-10T12:00:26","date_gmt":"2025-02-10T11:00:26","guid":{"rendered":"https:\/\/kitabluemli.ch\/?p=30162"},"modified":"2025-02-06T15:36:32","modified_gmt":"2025-02-06T14:36:32","slug":"gefrorener-wald","status":"publish","type":"post","link":"https:\/\/kitabluemli.ch\/en\/gefrorener-wald\/","title":{"rendered":"Gefrorener Wald"},"content":{"rendered":"<p>Ein Spaziergang durch den winterlichen Wald wurde zu einem ganz besonderen Erlebnis. Die Kinder staunten \u00fcber die vereisten \u00c4ste, glitzernden Eiskristalle und die frostige Stille, die den Wald in eine zauberhafte Winterwelt verwandelte. Jeder Schritt auf dem gefrorenen Boden knirschte, und neugierig erkundeten die Kinder die eisige Natur.<\/p>\n<p>Besonders spannend war der zugefrorene Teich. Die Kinder beobachteten, wie das Eis schimmerte und versuchten vorsichtig, kleine \u00c4ste dar\u00fcber rutschen zu lassen. Sie stellten viele Fragen \u2013 wie entsteht Eis, warum friert das Wasser so glatt? Mit roten Wangen und leuchtenden Augen entdeckten sie die Wunder des Winters.<\/p>\n<p>Nach all den spannenden Erkundungen w\u00e4rmten wir uns mit Bewegungsspielen auf und genossen die klare Winterluft. Mit vielen neuen Eindr\u00fccken machten wir uns auf den R\u00fcckweg \u2013 ein wundersch\u00f6ner Wintertag, der den Kindern lange in Erinnerung bleiben wird.<\/p>","protected":false},"excerpt":{"rendered":"<p>Ein Spaziergang durch den winterlichen Wald wurde zu einem ganz besonderen Erlebnis. Die Kinder staunten \u00fcber die vereisten \u00c4ste, glitzernden Eiskristalle und die frostige Stille, die den Wald in eine zauberhafte Winterwelt verwandelte. Jeder Schritt auf dem gefrorenen Boden knirschte, und neugierig erkundeten die Kinder die eisige Natur. Besonders spannend war der zugefrorene Teich. Die [&hellip;]<\/p>\n","protected":false},"author":2,"featured_media":30163,"comment_status":"closed","ping_status":"closed","sticky":false,"template":"","format":"standard","meta":{"footnotes":""},"categories":[520],"tags":[],"class_list":["post-30162","post","type-post","status-publish","format-standard","has-post-thumbnail","hentry","category-waldkinderkrippe-blog"],"_links":{"self":[{"href":"https:\/\/kitabluemli.ch\/en\/wp-json\/wp\/v2\/posts\/30162","targetHints":{"allow":["GET"]}}],"collection":[{"href":"https:\/\/kitabluemli.ch\/en\/wp-json\/wp\/v2\/posts"}],"about":[{"href":"https:\/\/kitabluemli.ch\/en\/wp-json\/wp\/v2\/types\/post"}],"author":[{"embeddable":true,"href":"https:\/\/kitabluemli.ch\/en\/wp-json\/wp\/v2\/users\/2"}],"replies":[{"embeddable":true,"href":"https:\/\/kitabluemli.ch\/en\/wp-json\/wp\/v2\/comments?post=30162"}],"version-history":[{"count":0,"href":"https:\/\/kitabluemli.ch\/en\/wp-json\/wp\/v2\/posts\/30162\/revisions"}],"wp:featuredmedia":[{"embeddable":true,"href":"https:\/\/kitabluemli.ch\/en\/wp-json\/wp\/v2\/media\/30163"}],"wp:attachment":[{"href":"https:\/\/kitabluemli.ch\/en\/wp-json\/wp\/v2\/media?parent=30162"}],"wp:term":[{"taxonomy":"category","embeddable":true,"href":"https:\/\/kitabluemli.ch\/en\/wp-json\/wp\/v2\/categories?post=30162"},{"taxonomy":"post_tag","embeddable":true,"href":"https:\/\/kitabluemli.ch\/en\/wp-json\/wp\/v2\/tags?post=30162"}],"curies":[{"name":"wp","href":"https:\/\/api.w.org\/{rel}","templated":true}]}}