{"id":30179,"date":"2025-02-19T12:00:30","date_gmt":"2025-02-19T11:00:30","guid":{"rendered":"https:\/\/kitabluemli.ch\/?p=30179"},"modified":"2025-02-07T11:01:19","modified_gmt":"2025-02-07T10:01:19","slug":"hexensuppe-zaubern","status":"publish","type":"post","link":"https:\/\/kitabluemli.ch\/en\/hexensuppe-zaubern\/","title":{"rendered":"Hexensuppe zaubern"},"content":{"rendered":"<p>Mit viel Fantasie und Eifer verwandelten sich die Kinder im Wald in kleine Hexen und Zauberer. Aus Bl\u00e4ttern, Zweigen, Moos und Tannenzapfen entstand eine geheimnisvolle Hexensuppe, die mit kreativen Zutaten immer weiter verfeinert wurde.<\/p>\n<p>Eifrig wurde ger\u00fchrt, gemischt und ausprobiert \u2013 jede Zutat hatte eine besondere Bedeutung. \u201eDas ist Feenstaub!\u201c, rief ein Kind, w\u00e4hrend ein anderes erkl\u00e4rte, dass die Suppe magische Kr\u00e4fte verleiht. Die Kinder liessen ihrer Vorstellungskraft freien Lauf und tauchten voller Begeisterung in ihr Spiel ein.<\/p>\n<p>Nach einer erfolgreichen Zaubersitzung wurde die Hexensuppe feierlich pr\u00e4sentiert. Stolz bestaunten die kleinen Hexen ihr Werk, bevor das n\u00e4chste Abenteuer im Wald begann. Ein fantasievoller Tag voller Spiel, Kreativit\u00e4t und magischer Momente.<\/p>","protected":false},"excerpt":{"rendered":"<p>Mit viel Fantasie und Eifer verwandelten sich die Kinder im Wald in kleine Hexen und Zauberer. Aus Bl\u00e4ttern, Zweigen, Moos und Tannenzapfen entstand eine geheimnisvolle Hexensuppe, die mit kreativen Zutaten immer weiter verfeinert wurde. Eifrig wurde ger\u00fchrt, gemischt und ausprobiert \u2013 jede Zutat hatte eine besondere Bedeutung. \u201eDas ist Feenstaub!\u201c, rief ein Kind, w\u00e4hrend ein [&hellip;]<\/p>\n","protected":false},"author":2,"featured_media":30178,"comment_status":"closed","ping_status":"closed","sticky":false,"template":"","format":"standard","meta":{"footnotes":""},"categories":[520],"tags":[],"class_list":["post-30179","post","type-post","status-publish","format-standard","has-post-thumbnail","hentry","category-waldkinderkrippe-blog"],"_links":{"self":[{"href":"https:\/\/kitabluemli.ch\/en\/wp-json\/wp\/v2\/posts\/30179","targetHints":{"allow":["GET"]}}],"collection":[{"href":"https:\/\/kitabluemli.ch\/en\/wp-json\/wp\/v2\/posts"}],"about":[{"href":"https:\/\/kitabluemli.ch\/en\/wp-json\/wp\/v2\/types\/post"}],"author":[{"embeddable":true,"href":"https:\/\/kitabluemli.ch\/en\/wp-json\/wp\/v2\/users\/2"}],"replies":[{"embeddable":true,"href":"https:\/\/kitabluemli.ch\/en\/wp-json\/wp\/v2\/comments?post=30179"}],"version-history":[{"count":0,"href":"https:\/\/kitabluemli.ch\/en\/wp-json\/wp\/v2\/posts\/30179\/revisions"}],"wp:featuredmedia":[{"embeddable":true,"href":"https:\/\/kitabluemli.ch\/en\/wp-json\/wp\/v2\/media\/30178"}],"wp:attachment":[{"href":"https:\/\/kitabluemli.ch\/en\/wp-json\/wp\/v2\/media?parent=30179"}],"wp:term":[{"taxonomy":"category","embeddable":true,"href":"https:\/\/kitabluemli.ch\/en\/wp-json\/wp\/v2\/categories?post=30179"},{"taxonomy":"post_tag","embeddable":true,"href":"https:\/\/kitabluemli.ch\/en\/wp-json\/wp\/v2\/tags?post=30179"}],"curies":[{"name":"wp","href":"https:\/\/api.w.org\/{rel}","templated":true}]}}