{"id":30242,"date":"2025-03-15T12:00:47","date_gmt":"2025-03-15T11:00:47","guid":{"rendered":"https:\/\/kitabluemli.ch\/?p=30242"},"modified":"2025-02-27T16:02:48","modified_gmt":"2025-02-27T15:02:48","slug":"spannende-waldgeschichten-und-neue-abenteuer","status":"publish","type":"post","link":"https:\/\/kitabluemli.ch\/en\/spannende-waldgeschichten-und-neue-abenteuer\/","title":{"rendered":"Spannende Waldgeschichten und neue Abenteuer"},"content":{"rendered":"<p data-start=\"52\" data-end=\"273\">An einem grossen Holztisch im Wald sassen die Kinder und lauschten aufmerksam den Worten der Betreuerin. Gespannt verfolgten sie die Erz\u00e4hlung und warteten neugierig darauf, welches Abenteuer als N\u00e4chstes auf sie wartete.<\/p>\n<p data-start=\"275\" data-end=\"523\">Die Natur um sie herum machte den Moment noch besonderer \u2013 das Rascheln der Bl\u00e4tter, das Zwitschern der V\u00f6gel und der Duft des Waldes begleiteten die Erz\u00e4hlung. Die Kinder stellten Fragen, tauschten sich aus und liessen ihrer Fantasie freien Lauf.<\/p>\n<p data-start=\"525\" data-end=\"725\" data-is-last-node=\"\" data-is-only-node=\"\">Mit leuchtenden Augen sprangen sie schliesslich auf, bereit, die n\u00e4chste Entdeckungstour zu starten. Ein sch\u00f6ner Moment, der Gemeinschaft, Neugier und die Freude an der Natur miteinander verband.<\/p>","protected":false},"excerpt":{"rendered":"<p>An einem grossen Holztisch im Wald sassen die Kinder und lauschten aufmerksam den Worten der Betreuerin. Gespannt verfolgten sie die Erz\u00e4hlung und warteten neugierig darauf, welches Abenteuer als N\u00e4chstes auf sie wartete. Die Natur um sie herum machte den Moment noch besonderer \u2013 das Rascheln der Bl\u00e4tter, das Zwitschern der V\u00f6gel und der Duft des [&hellip;]<\/p>\n","protected":false},"author":2,"featured_media":30243,"comment_status":"closed","ping_status":"closed","sticky":false,"template":"","format":"standard","meta":{"footnotes":""},"categories":[520],"tags":[],"class_list":["post-30242","post","type-post","status-publish","format-standard","has-post-thumbnail","hentry","category-waldkinderkrippe-blog"],"_links":{"self":[{"href":"https:\/\/kitabluemli.ch\/en\/wp-json\/wp\/v2\/posts\/30242","targetHints":{"allow":["GET"]}}],"collection":[{"href":"https:\/\/kitabluemli.ch\/en\/wp-json\/wp\/v2\/posts"}],"about":[{"href":"https:\/\/kitabluemli.ch\/en\/wp-json\/wp\/v2\/types\/post"}],"author":[{"embeddable":true,"href":"https:\/\/kitabluemli.ch\/en\/wp-json\/wp\/v2\/users\/2"}],"replies":[{"embeddable":true,"href":"https:\/\/kitabluemli.ch\/en\/wp-json\/wp\/v2\/comments?post=30242"}],"version-history":[{"count":0,"href":"https:\/\/kitabluemli.ch\/en\/wp-json\/wp\/v2\/posts\/30242\/revisions"}],"wp:featuredmedia":[{"embeddable":true,"href":"https:\/\/kitabluemli.ch\/en\/wp-json\/wp\/v2\/media\/30243"}],"wp:attachment":[{"href":"https:\/\/kitabluemli.ch\/en\/wp-json\/wp\/v2\/media?parent=30242"}],"wp:term":[{"taxonomy":"category","embeddable":true,"href":"https:\/\/kitabluemli.ch\/en\/wp-json\/wp\/v2\/categories?post=30242"},{"taxonomy":"post_tag","embeddable":true,"href":"https:\/\/kitabluemli.ch\/en\/wp-json\/wp\/v2\/tags?post=30242"}],"curies":[{"name":"wp","href":"https:\/\/api.w.org\/{rel}","templated":true}]}}