{"id":30298,"date":"2025-03-27T12:00:32","date_gmt":"2025-03-27T11:00:32","guid":{"rendered":"https:\/\/kitabluemli.ch\/?p=30298"},"modified":"2025-03-25T12:10:29","modified_gmt":"2025-03-25T11:10:29","slug":"waldgruppe-kita-begeistert-mit-5-naturmomenten","status":"publish","type":"post","link":"https:\/\/kitabluemli.ch\/en\/waldgruppe-kita-begeistert-mit-5-naturmomenten\/","title":{"rendered":"Waldgruppe Kita begeistert mit 5 Naturmomenten"},"content":{"rendered":"<p class=\"\" data-start=\"317\" data-end=\"367\"><strong data-start=\"317\" data-end=\"367\">Waldgruppe Kita begeistert mit 5 Naturmomenten<\/strong><\/p>\n<p class=\"\" data-start=\"369\" data-end=\"999\">Waldgruppe Kita \u2013 allein dieses Wort l\u00f6st bei vielen Eltern und Kindern positive Assoziationen aus. Und das v\u00f6llig zu Recht. Denn die t\u00e4glichen Ausfl\u00fcge in den Wald bieten Kindern nicht nur frische Luft, sondern auch unvergessliche Erlebnisse, die ihre Entwicklung nachhaltig f\u00f6rdern. In der KiTa Bl\u00fcemli in Z\u00fcrich Witikon geh\u00f6rt der t\u00e4gliche Aufenthalt im Wald zum festen Bestandteil des p\u00e4dagogischen Alltags. Bereits ab dem Zn\u00fcni geht es hinaus in die Natur \u2013 bei jedem Wetter, zu jeder Jahreszeit. Besonders unsere Waldgruppe f\u00fcr Kinder ab 2 Jahren bis zum Kindergarteneintritt erlebt Tag f\u00fcr Tag die Magie des Waldes hautnah.<\/p>\n<h2 class=\"\" data-start=\"1001\" data-end=\"1046\">Warum die Waldgruppe Kita so besonders ist<\/h2>\n<p class=\"\" data-start=\"1048\" data-end=\"1625\">In der KiTa Bl\u00fcemli erfahren Kinder durch die t\u00e4gliche Waldzeit, wie spannend und lehrreich die Natur sein kann. Dabei geht es nicht nur um Spiel und Bewegung, sondern vor allem um das sinnliche Erleben, das Entdecken von Kleintieren, Pflanzen und Naturph\u00e4nomenen. Der Wald bietet unz\u00e4hlige M\u00f6glichkeiten zur F\u00f6rderung der Kreativit\u00e4t und der motorischen F\u00e4higkeiten. Die Kinder lernen, sich in unwegsamem Gel\u00e4nde zu bewegen, Balancen zu halten, mit Naturmaterialien zu bauen und eigene L\u00f6sungen zu finden \u2013 wie etwa beim Bau eines kleinen Ast-Tipis, wie auf dem Bild zu sehen.<\/p>\n<h2 class=\"\" data-start=\"1627\" data-end=\"1685\">Waldgruppe Kita f\u00f6rdert Selbstst\u00e4ndigkeit und Teamgeist<\/h2>\n<p class=\"\" data-start=\"1687\" data-end=\"2165\">Beim gemeinsamen Erkunden entwickeln die Kinder nicht nur ein Gef\u00fchl f\u00fcr ihre Umwelt, sondern auch f\u00fcr ihre Mitmenschen. Die Waldgruppe Kita st\u00e4rkt den Teamgeist: Wer gemeinsam einen K\u00e4fer entdeckt oder ein verstecktes Vogelnest findet, erlebt Gemeinschaft. Im freien Spiel entstehen soziale Regeln, Absprachen und kreative Rollenspiele. Die Kinder helfen sich gegenseitig, ermutigen einander und entwickeln Selbstvertrauen \u2013 Eigenschaften, die weit \u00fcber den Wald hinaus wirken.<\/p>\n<h2 class=\"\" data-start=\"2167\" data-end=\"2216\">Lernen mit allen Sinnen in der Waldgruppe Kita<\/h2>\n<p class=\"\" data-start=\"2218\" data-end=\"2823\">Im Gegensatz zu Innenr\u00e4umen bietet der Wald eine unersch\u00f6pfliche Vielfalt an Reizen f\u00fcr alle Sinne: das Rascheln der Bl\u00e4tter, der Geruch von feuchter Erde, das F\u00fchlen von Baumrinde und Moos. Gerade f\u00fcr Kinder in der sensiblen Entwicklungsphase ist dieses multisensorische Lernen von unsch\u00e4tzbarem Wert. Unsere Erzieherinnen begleiten diese Erfahrungen professionell und einf\u00fchlsam. Dabei wird jedes Kind individuell in seinem Lerntempo unterst\u00fctzt. Spielerisch lernen sie dabei auch erste Naturbegriffe kennen \u2013 in Deutsch und ab Januar 2025 auf Wunsch auch auf Englisch, als Teil unserer Sprachf\u00f6rderung.<\/p>\n<h2 class=\"\" data-start=\"2825\" data-end=\"2866\">Sicherheit und Struktur im freien Raum<\/h2>\n<p class=\"\" data-start=\"2868\" data-end=\"3469\">Auch wenn die Waldgruppe Kita auf Freiheit und Entdeckerlust setzt \u2013 Sicherheit und Struktur haben bei uns oberste Priorit\u00e4t. Die Kinder tragen gut sichtbare Sicherheitswesten, wie auf dem Bild deutlich wird. Unsere p\u00e4dagogischen Fachkr\u00e4fte sind ausgebildet im Bereich Waldp\u00e4dagogik und Notfallmanagement. Der Ablauf ist klar strukturiert: Nach dem Zn\u00fcni geht es in den Wald, gegen Mittag zur\u00fcck in die Kita zum warmen Essen. Am Nachmittag folgt erneut eine Runde Waldzeit. Diese verl\u00e4sslichen Rhythmen geben den Kindern Sicherheit, w\u00e4hrend sie gleichzeitig viel Raum zum Forschen und Lernen erhalten.<\/p>\n<h2 class=\"\" data-start=\"3471\" data-end=\"3522\">Nachhaltiges Lernen: Die Werte der Natur erleben<\/h2>\n<p class=\"\" data-start=\"3524\" data-end=\"3998\">Der regelm\u00e4ssige Aufenthalt in der Waldgruppe Kita sensibilisiert Kinder fr\u00fchzeitig f\u00fcr Nachhaltigkeit und Umweltbewusstsein. Sie erleben, wie Pflanzen wachsen, wie Tiere sich verhalten und wie der Mensch verantwortungsvoll mit der Natur umgehen kann. Solche Erfahrungen pr\u00e4gen \u2013 oft ein Leben lang. Genau deshalb legen wir in der KiTa Bl\u00fcemli grossen Wert auf unsere Waldgruppe. Sie ist mehr als nur ein Ausflug: Sie ist ein Lernort, ein Bewegungsraum, ein Ort des Staunens.<\/p>\n<p class=\"\" data-start=\"4000\" data-end=\"4122\">Mehr \u00fcber unsere Waldgruppe findest du hier:<br data-start=\"4044\" data-end=\"4047\" \/>\ud83d\udc49 <a href=\"https:\/\/kitabluemli.ch\/en\/forest-group\/\" target=\"_new\" rel=\"noopener\" data-start=\"4050\" data-end=\"4122\">https:\/\/kitabluemli.ch\/waldgruppe\/<\/a><\/p>\n<p class=\"\" data-start=\"4124\" data-end=\"4270\">Und falls du dein Kind bei uns anmelden m\u00f6chtest, geht es hier weiter:<br data-start=\"4194\" data-end=\"4197\" \/>\ud83d\udc49 <a href=\"https:\/\/kitabluemli.ch\/en\/enrollment\/\" target=\"_new\" rel=\"noopener\" data-start=\"4200\" data-end=\"4270\">https:\/\/kitabluemli.ch\/anmeldung\/<\/a><\/p>","protected":false},"excerpt":{"rendered":"<p>Waldgruppe Kita begeistert mit 5 Naturmomenten Waldgruppe Kita \u2013 allein dieses Wort l\u00f6st bei vielen Eltern und Kindern positive Assoziationen aus. Und das v\u00f6llig zu Recht. Denn die t\u00e4glichen Ausfl\u00fcge in den Wald bieten Kindern nicht nur frische Luft, sondern auch unvergessliche Erlebnisse, die ihre Entwicklung nachhaltig f\u00f6rdern. In der KiTa Bl\u00fcemli in Z\u00fcrich Witikon [&hellip;]<\/p>\n","protected":false},"author":2,"featured_media":30299,"comment_status":"closed","ping_status":"closed","sticky":false,"template":"","format":"standard","meta":{"footnotes":""},"categories":[520],"tags":[],"class_list":["post-30298","post","type-post","status-publish","format-standard","has-post-thumbnail","hentry","category-waldkinderkrippe-blog"],"_links":{"self":[{"href":"https:\/\/kitabluemli.ch\/en\/wp-json\/wp\/v2\/posts\/30298","targetHints":{"allow":["GET"]}}],"collection":[{"href":"https:\/\/kitabluemli.ch\/en\/wp-json\/wp\/v2\/posts"}],"about":[{"href":"https:\/\/kitabluemli.ch\/en\/wp-json\/wp\/v2\/types\/post"}],"author":[{"embeddable":true,"href":"https:\/\/kitabluemli.ch\/en\/wp-json\/wp\/v2\/users\/2"}],"replies":[{"embeddable":true,"href":"https:\/\/kitabluemli.ch\/en\/wp-json\/wp\/v2\/comments?post=30298"}],"version-history":[{"count":0,"href":"https:\/\/kitabluemli.ch\/en\/wp-json\/wp\/v2\/posts\/30298\/revisions"}],"wp:featuredmedia":[{"embeddable":true,"href":"https:\/\/kitabluemli.ch\/en\/wp-json\/wp\/v2\/media\/30299"}],"wp:attachment":[{"href":"https:\/\/kitabluemli.ch\/en\/wp-json\/wp\/v2\/media?parent=30298"}],"wp:term":[{"taxonomy":"category","embeddable":true,"href":"https:\/\/kitabluemli.ch\/en\/wp-json\/wp\/v2\/categories?post=30298"},{"taxonomy":"post_tag","embeddable":true,"href":"https:\/\/kitabluemli.ch\/en\/wp-json\/wp\/v2\/tags?post=30298"}],"curies":[{"name":"wp","href":"https:\/\/api.w.org\/{rel}","templated":true}]}}