{"id":30304,"date":"2025-04-02T12:00:55","date_gmt":"2025-04-02T10:00:55","guid":{"rendered":"https:\/\/kitabluemli.ch\/?p=30304"},"modified":"2025-03-25T12:18:15","modified_gmt":"2025-03-25T11:18:15","slug":"fasnacht-in-der-krippe-bringt-20-magische-momente","status":"publish","type":"post","link":"https:\/\/kitabluemli.ch\/en\/fasnacht-in-der-krippe-bringt-20-magische-momente\/","title":{"rendered":"Fasnacht in der Krippe bringt 20 magische Momente"},"content":{"rendered":"<p class=\"\" data-start=\"269\" data-end=\"339\"><strong data-start=\"269\" data-end=\"339\">Fasnacht in der Krippe begeistert Kinder und Eltern gleichermassen<\/strong><\/p>\n<p class=\"\" data-start=\"341\" data-end=\"1005\">Fasnacht in der Krippe ist jedes Jahr ein buntes Highlight im Kita-Alltag der KiTa Bl\u00fcemli. Wenn sich Kinder, Eltern und Betreuungspersonen verkleiden, gemeinsam lachen und tanzen, entstehen besondere Erinnerungen. Die diesj\u00e4hrige Fasnachtsfeier fand in einem grossen Pavillon im Wald statt \u2013 ein idealer Ort f\u00fcr ein fr\u00f6hliches Fest voller Konfetti, Musik und Leckereien. Die Kinder kamen verkleidet als Prinzessin, Superheld oder Tierfigur, einige in leuchtenden Warnwesten f\u00fcr zus\u00e4tzliche Sicherheit. Auch das Team der KiTa Bl\u00fcemli zeigte sich kreativ: bunte Clownskost\u00fcme, Punkte, Tierohren und eine ordentliche Portion Humor machten die Stimmung unvergesslich.<\/p>\n<p class=\"\" data-start=\"1007\" data-end=\"1491\">Der Pavillon war liebevoll mit Girlanden geschm\u00fcckt, aus jeder Ecke schallte Kinderlachen. Eltern waren herzlich eingeladen, mitzufeiern und sich mit ihren Kindern ins Fasnachtsget\u00fcmmel zu st\u00fcrzen. Die Feier st\u00e4rkt nicht nur das Gemeinschaftsgef\u00fchl unter den Familien, sondern bringt auch die p\u00e4dagogische Haltung der KiTa zum Ausdruck: kindzentriert, feierfreudig und famili\u00e4r. Gemeinsam Feiern bedeutet f\u00fcr uns, gemeinsam wachsen \u2013 und das sieht man an solchen Tagen ganz besonders.<\/p>\n<p class=\"\" data-start=\"1493\" data-end=\"1540\"><strong data-start=\"1493\" data-end=\"1540\">Fasnacht in der Krippe als gelebte Vielfalt<\/strong><\/p>\n<p class=\"\" data-start=\"1542\" data-end=\"2180\">Fasnacht in der Krippe ist mehr als ein lustiger Tag \u2013 sie ist auch Ausdruck gelebter Vielfalt. Jedes Kind bringt seine eigene Vorstellung von Verkleidung mit. F\u00fcr einige ist es ein M\u00e4rchenheld, f\u00fcr andere ein Tier aus der Natur oder einfach ein kuscheliger Umhang. In der KiTa Bl\u00fcemli d\u00fcrfen die Kinder selbst bestimmen, wie sie an der Fasnacht teilnehmen m\u00f6chten. Diese Freiheit st\u00e4rkt das Selbstwertgef\u00fchl und die Identit\u00e4tsentwicklung. Auch Kinder, die sich nicht verkleiden wollen, werden einf\u00fchlsam einbezogen. Unsere Mitarbeitenden achten darauf, dass sich jedes Kind wohlf\u00fchlt \u2013 egal ob bunt geschminkt oder lieber ganz nat\u00fcrlich.<\/p>\n<p class=\"\" data-start=\"2182\" data-end=\"2787\">Der Fasnachtsmorgen begann mit einem kleinen Umzug durch den Wald, begleitet von Liedern und Rasseln. Zur\u00fcck im Pavillon durften sich die Kinder mit Konfetti austoben, eine eigene Kinderdisco erleben und sich am leckeren Buffet bedienen. Auch die Eltern waren aktiv: Es wurde geholfen, gelacht, fotografiert \u2013 und das Gef\u00fchl der Gemeinschaft war \u00fcberall sp\u00fcrbar. Solche Elternanl\u00e4sse sind fester Bestandteil unseres Konzeptes. Sie finden regelm\u00e4ssig statt und tragen zur engen Bindung zwischen Familie und Krippe bei. Mehr dazu auf unserer Seite zu den <a href=\"https:\/\/kitabluemli.ch\/en\/activities\/\" target=\"_new\" rel=\"noopener\" data-start=\"2735\" data-end=\"2786\">Activities<\/a>.<\/p>\n<p class=\"\" data-start=\"2789\" data-end=\"2855\"><strong data-start=\"2789\" data-end=\"2855\">Fasnacht in der Krippe f\u00f6rdert Kreativit\u00e4t und soziales Lernen<\/strong><\/p>\n<p class=\"\" data-start=\"2857\" data-end=\"3284\">Fasnacht in der Krippe bietet viele p\u00e4dagogische Chancen. Schon die Vorbereitung auf das Fest ist f\u00fcr die Kinder eine Zeit voller Fantasie und Vorfreude. Welche Kost\u00fcme gibt es? Wie f\u00fchlt sich ein T\u00fcllrock an? Wie viele Farben hat ein Clown? Die Kinder entdecken neue Rollen, erfinden Geschichten und lernen durch Nachahmung. So werden wichtige F\u00e4higkeiten wie Empathie, Sprachentwicklung und Kreativit\u00e4t spielerisch gef\u00f6rdert.<\/p>\n<p class=\"\" data-start=\"3286\" data-end=\"3823\">Das gemeinsame Feiern st\u00e4rkt ausserdem die Gruppendynamik. Die Kinder lernen, R\u00fccksicht zu nehmen, sich abzuwechseln und gemeinsam Spass zu haben. Besonders beim Werfen von Konfetti oder beim Tanzen in der Gruppe entstehen wertvolle soziale Lernmomente. Auch Kinder, die sonst eher sch\u00fcchtern sind, bl\u00fchen an Fasnacht oft auf. In der sicheren Atmosph\u00e4re der KiTa d\u00fcrfen sie Neues ausprobieren und sich von der Energie der Gruppe mitreissen lassen. Genau solche Erlebnisse sind es, die Kinder stark machen \u2013 emotional, sozial und kreativ.<\/p>\n<p class=\"\" data-start=\"3825\" data-end=\"3872\"><strong data-start=\"3825\" data-end=\"3872\">Fasnacht in der Krippe bleibt in Erinnerung<\/strong><\/p>\n<p class=\"\" data-start=\"3874\" data-end=\"4479\">Fasnacht in der Krippe ist f\u00fcr viele Kinder eines der sch\u00f6nsten Erlebnisse im Jahr. In der KiTa Bl\u00fcemli legen wir grossen Wert darauf, solche Feste bewusst und kindgerecht zu gestalten. Es gibt keine Reiz\u00fcberflutung, keine laute Musik ohne Pause \u2013 stattdessen gibt es kleine R\u00fcckzugsorte, strukturierte Angebote und liebevolle Begleitung. So kann jedes Kind auf seine eigene Weise teilnehmen. Die Bilder des Tages zeigen lachende Kinder, entspannte Eltern und ein Team, das mit Herzblut dabei ist. F\u00fcr uns ist Fasnacht mehr als ein Tag im Kalender \u2013 sie ist ein Ausdruck von Lebensfreude und Zusammenhalt.<\/p>\n<p class=\"\" data-start=\"4481\" data-end=\"4612\">Wer mehr \u00fcber unsere Werte erfahren m\u00f6chte, findet alle Informationen hier: <a href=\"https:\/\/kitabluemli.ch\/en\/our-values\/\" target=\"_new\" rel=\"noopener\" data-start=\"4557\" data-end=\"4609\">Our Values<\/a>.<\/p>\n<p class=\"\" data-start=\"4614\" data-end=\"4784\">Oder direkt zur <a href=\"https:\/\/kitabluemli.ch\/en\/enrollment\/\" target=\"_new\" rel=\"noopener\" data-start=\"4630\" data-end=\"4676\">Enrolment<\/a>, wenn Sie Ihr Kind in einer Krippe anmelden m\u00f6chten, in der gefeiert, gef\u00f6rdert und gemeinsam gelacht wird.<\/p>","protected":false},"excerpt":{"rendered":"<p>Fasnacht in der Krippe begeistert Kinder und Eltern gleichermassen Fasnacht in der Krippe ist jedes Jahr ein buntes Highlight im Kita-Alltag der KiTa Bl\u00fcemli. Wenn sich Kinder, Eltern und Betreuungspersonen verkleiden, gemeinsam lachen und tanzen, entstehen besondere Erinnerungen. Die diesj\u00e4hrige Fasnachtsfeier fand in einem grossen Pavillon im Wald statt \u2013 ein idealer Ort f\u00fcr ein [&hellip;]<\/p>\n","protected":false},"author":2,"featured_media":30305,"comment_status":"closed","ping_status":"closed","sticky":false,"template":"","format":"standard","meta":{"footnotes":""},"categories":[519],"tags":[],"class_list":["post-30304","post","type-post","status-publish","format-standard","has-post-thumbnail","hentry","category-kinderkrippe-blog"],"_links":{"self":[{"href":"https:\/\/kitabluemli.ch\/en\/wp-json\/wp\/v2\/posts\/30304","targetHints":{"allow":["GET"]}}],"collection":[{"href":"https:\/\/kitabluemli.ch\/en\/wp-json\/wp\/v2\/posts"}],"about":[{"href":"https:\/\/kitabluemli.ch\/en\/wp-json\/wp\/v2\/types\/post"}],"author":[{"embeddable":true,"href":"https:\/\/kitabluemli.ch\/en\/wp-json\/wp\/v2\/users\/2"}],"replies":[{"embeddable":true,"href":"https:\/\/kitabluemli.ch\/en\/wp-json\/wp\/v2\/comments?post=30304"}],"version-history":[{"count":0,"href":"https:\/\/kitabluemli.ch\/en\/wp-json\/wp\/v2\/posts\/30304\/revisions"}],"wp:featuredmedia":[{"embeddable":true,"href":"https:\/\/kitabluemli.ch\/en\/wp-json\/wp\/v2\/media\/30305"}],"wp:attachment":[{"href":"https:\/\/kitabluemli.ch\/en\/wp-json\/wp\/v2\/media?parent=30304"}],"wp:term":[{"taxonomy":"category","embeddable":true,"href":"https:\/\/kitabluemli.ch\/en\/wp-json\/wp\/v2\/categories?post=30304"},{"taxonomy":"post_tag","embeddable":true,"href":"https:\/\/kitabluemli.ch\/en\/wp-json\/wp\/v2\/tags?post=30304"}],"curies":[{"name":"wp","href":"https:\/\/api.w.org\/{rel}","templated":true}]}}