{"id":30321,"date":"2025-04-17T12:00:18","date_gmt":"2025-04-17T10:00:18","guid":{"rendered":"https:\/\/kitabluemli.ch\/?p=30321"},"modified":"2025-03-25T12:43:42","modified_gmt":"2025-03-25T11:43:42","slug":"naturbasteln-in-der-krippe-mit-9-fundstuecken","status":"publish","type":"post","link":"https:\/\/kitabluemli.ch\/en\/naturbasteln-in-der-krippe-mit-9-fundstuecken\/","title":{"rendered":"Naturbasteln in der Krippe mit 9 Fundst\u00fccken"},"content":{"rendered":"<p class=\"\" data-start=\"275\" data-end=\"346\"><strong data-start=\"275\" data-end=\"346\">Naturbasteln in der Krippe verbindet Kreativit\u00e4t mit Naturerfahrung<\/strong><\/p>\n<p class=\"\" data-start=\"348\" data-end=\"920\">Naturbasteln in der Krippe ist eine der sch\u00f6nsten M\u00f6glichkeiten, Kinder mit ihrer Umwelt in Verbindung zu bringen. In der KiTa Bl\u00fcemli findet diese Aktivit\u00e4t regelm\u00e4ssig w\u00e4hrend unserer Waldtage statt \u2013 wie auf dem Bild zu sehen: Kinder sitzen an einem Holztisch im Wald, ausgestattet mit Warnwesten, Klebestiften und einer F\u00fclle an gesammelten Naturmaterialien. Bl\u00e4tter, Zweige, Moos, kleine Steine und Bl\u00fcten verwandeln sich in fantasievolle Kunstwerke. Die Kinder kleben die Fundst\u00fccke auf Papier, erg\u00e4nzen sie mit bunten Kritzeleien \u2013 und staunen, was daraus entsteht.<\/p>\n<p class=\"\" data-start=\"922\" data-end=\"1347\">Dieses Naturbasteln ist weit mehr als nur Besch\u00e4ftigung. Es f\u00f6rdert die Feinmotorik, die visuelle Wahrnehmung, das kreative Denken und vor allem: die Achtsamkeit. Jedes Kind wird zum Entdecker, wenn es im Wald auf Schatzsuche geht. Was f\u00fchlt sich weich an? Was duftet gut? Was glitzert im Licht? Durch diese sinnlichen Erfahrungen st\u00e4rken Kinder ihr Naturverst\u00e4ndnis und entwickeln eine tiefe Wertsch\u00e4tzung f\u00fcr ihre Umgebung.<\/p>\n<p class=\"\" data-start=\"1349\" data-end=\"1408\"><strong data-start=\"1349\" data-end=\"1408\">Naturbasteln in der Krippe st\u00e4rkt das Umweltbewusstsein<\/strong><\/p>\n<p class=\"\" data-start=\"1410\" data-end=\"1803\">Naturbasteln in der Krippe bringt den Kindern spielerisch bei, dass die Natur wertvoll ist \u2013 und dass man sie achtsam nutzen kann. In der KiTa Bl\u00fcemli achten wir bewusst darauf, nur gefallene oder lose Fundst\u00fccke zu verwenden. Die Kinder lernen, dass man keine lebenden Pflanzen ausreisst, sondern mit offenen Augen und Respekt sammelt. Diese Haltung pr\u00e4gt das Umweltbewusstsein von Anfang an.<\/p>\n<p class=\"\" data-start=\"1805\" data-end=\"2262\">Die Bastelwerke erz\u00e4hlen oft kleine Geschichten: Ein Blatt wird zum Kleid, ein Tannenzapfen zur Krone, ein Zweig zur Br\u00fccke in einer Fantasiewelt. Jedes Kind bringt seine eigenen Ideen ein, entwickelt Vorstellungen und setzt sie kreativ um. So entsteht eine Verbindung von Naturbegegnung, Fantasie und Ausdruckskraft. Wenn du mehr \u00fcber unseren waldp\u00e4dagogischen Ansatz erfahren m\u00f6chtest, schau dir unsere <a href=\"https:\/\/kitabluemli.ch\/en\/forest-group\/\" target=\"_new\" rel=\"noopener\" data-start=\"2210\" data-end=\"2258\">Forest Group<\/a> an.<\/p>\n<p class=\"\" data-start=\"2264\" data-end=\"2320\"><strong data-start=\"2264\" data-end=\"2320\">Naturbasteln in der Krippe als ganzheitliches Lernen<\/strong><\/p>\n<p class=\"\" data-start=\"2322\" data-end=\"2813\">Naturbasteln in der Krippe vereint viele Bildungsbereiche: Die Kinder erleben Naturph\u00e4nomene, erweitern ihren Wortschatz, trainieren ihre motorischen F\u00e4higkeiten und \u00fcben sich im konzentrierten Arbeiten. Gleichzeitig entsteht ein tiefes Gef\u00fchl von Zugeh\u00f6rigkeit \u2013 zur Gruppe, zur Natur, zum eigenen Werk. In der KiTa Bl\u00fcemli sehen wir, wie stolz die Kinder auf ihre Kunstwerke sind. Sie zeigen sie anderen, erz\u00e4hlen von ihren Fundst\u00fccken und nehmen sie \u2013 wenn m\u00f6glich \u2013 sogar mit nach Hause.<\/p>\n<p class=\"\" data-start=\"2815\" data-end=\"3242\">Das gemeinsame Basteln im Wald bietet auch viele soziale Lernchancen. Die Kinder beobachten sich gegenseitig, teilen Materialien, tauschen Ideen aus. Unsere Fachpersonen begleiten diesen Prozess achtsam, ohne einzugreifen. Sie geben Impulse, stellen Fragen wie \u201eWas passiert, wenn du das Moos drunterklebst?\u201c oder \u201eWie f\u00fchlt sich dieses Blatt an?\u201c \u2013 so wird das kreative Tun zum Anlass f\u00fcr Kommunikation, Entdecken und Staunen.<\/p>\n<p class=\"\" data-start=\"3244\" data-end=\"3306\"><strong data-start=\"3244\" data-end=\"3306\">Naturbasteln in der Krippe ist ein Erlebnis f\u00fcr alle Sinne<\/strong><\/p>\n<p class=\"\" data-start=\"3308\" data-end=\"3742\">Wenn Kinder draussen basteln, erleben sie mit allen Sinnen: den rauen Baumstamm, die kalte Erde, das Kitzeln von Moos auf der Haut, das Rascheln der Bl\u00e4tter, das Zwitschern der V\u00f6gel im Hintergrund. Diese Sinneserfahrungen f\u00f6rdern die Wahrnehmung und schaffen eine intensive Verbindung zur nat\u00fcrlichen Umgebung. In der KiTa Bl\u00fcemli ist genau das Teil unseres Alltags \u2013 nicht nur an Ausflugstagen, sondern ganz bewusst und regelm\u00e4ssig.<\/p>\n<p class=\"\" data-start=\"3744\" data-end=\"4125\">Die R\u00fcckmeldungen der Eltern zeigen, wie sehr auch zuhause \u00fcber diese Erlebnisse gesprochen wird. Viele Kinder erz\u00e4hlen begeistert von ihren Waldabenteuern, zeigen stolz ihre Bastelbilder und erinnern sich noch lange daran. Wer eine Krippe sucht, in der Kinder nicht nur betreut, sondern inspiriert werden, findet hier alle Infos zur <a href=\"https:\/\/kitabluemli.ch\/en\/enrollment\/\" target=\"_new\" rel=\"noopener\" data-start=\"4078\" data-end=\"4124\">Enrolment<\/a>.<\/p>","protected":false},"excerpt":{"rendered":"<p>Naturbasteln in der Krippe verbindet Kreativit\u00e4t mit Naturerfahrung Naturbasteln in der Krippe ist eine der sch\u00f6nsten M\u00f6glichkeiten, Kinder mit ihrer Umwelt in Verbindung zu bringen. In der KiTa Bl\u00fcemli findet diese Aktivit\u00e4t regelm\u00e4ssig w\u00e4hrend unserer Waldtage statt \u2013 wie auf dem Bild zu sehen: Kinder sitzen an einem Holztisch im Wald, ausgestattet mit Warnwesten, Klebestiften [&hellip;]<\/p>\n","protected":false},"author":2,"featured_media":30322,"comment_status":"closed","ping_status":"closed","sticky":false,"template":"","format":"standard","meta":{"footnotes":""},"categories":[520],"tags":[],"class_list":["post-30321","post","type-post","status-publish","format-standard","has-post-thumbnail","hentry","category-waldkinderkrippe-blog"],"_links":{"self":[{"href":"https:\/\/kitabluemli.ch\/en\/wp-json\/wp\/v2\/posts\/30321","targetHints":{"allow":["GET"]}}],"collection":[{"href":"https:\/\/kitabluemli.ch\/en\/wp-json\/wp\/v2\/posts"}],"about":[{"href":"https:\/\/kitabluemli.ch\/en\/wp-json\/wp\/v2\/types\/post"}],"author":[{"embeddable":true,"href":"https:\/\/kitabluemli.ch\/en\/wp-json\/wp\/v2\/users\/2"}],"replies":[{"embeddable":true,"href":"https:\/\/kitabluemli.ch\/en\/wp-json\/wp\/v2\/comments?post=30321"}],"version-history":[{"count":0,"href":"https:\/\/kitabluemli.ch\/en\/wp-json\/wp\/v2\/posts\/30321\/revisions"}],"wp:featuredmedia":[{"embeddable":true,"href":"https:\/\/kitabluemli.ch\/en\/wp-json\/wp\/v2\/media\/30322"}],"wp:attachment":[{"href":"https:\/\/kitabluemli.ch\/en\/wp-json\/wp\/v2\/media?parent=30321"}],"wp:term":[{"taxonomy":"category","embeddable":true,"href":"https:\/\/kitabluemli.ch\/en\/wp-json\/wp\/v2\/categories?post=30321"},{"taxonomy":"post_tag","embeddable":true,"href":"https:\/\/kitabluemli.ch\/en\/wp-json\/wp\/v2\/tags?post=30321"}],"curies":[{"name":"wp","href":"https:\/\/api.w.org\/{rel}","templated":true}]}}