{"id":30408,"date":"2025-04-28T12:00:08","date_gmt":"2025-04-28T10:00:08","guid":{"rendered":"https:\/\/kitabluemli.ch\/?p=30408"},"modified":"2025-04-22T12:36:31","modified_gmt":"2025-04-22T10:36:31","slug":"klettern-in-der-krippe-weckt-abenteuerlust","status":"publish","type":"post","link":"https:\/\/kitabluemli.ch\/en\/klettern-in-der-krippe-weckt-abenteuerlust\/","title":{"rendered":"Klettern in der Krippe weckt Abenteuerlust"},"content":{"rendered":"<p class=\"\" data-start=\"339\" data-end=\"388\"><strong data-start=\"339\" data-end=\"388\">Klettern in der Krippe st\u00e4rkt Mut und Motorik<\/strong><\/p>\n<p class=\"\" data-start=\"390\" data-end=\"868\">Klettern in der Krippe ist f\u00fcr Kinder eine spannende Herausforderung \u2013 und f\u00fcr uns in der KiTa Bl\u00fcemli ein wertvoller Teil der Bewegungserziehung. Auf dem Bild sieht man vier Kinder, die konzentriert und mutig einen umgefallenen Baumstamm erklimmen. Jeder Schritt ist ein kleines Abenteuer, jeder Griff ein Ausdruck von Entschlossenheit. Klettern schult nicht nur die k\u00f6rperliche Fitness, sondern auch das Vertrauen in die eigenen F\u00e4higkeiten. Und genau das m\u00f6chten wir f\u00f6rdern.<\/p>\n<p class=\"\" data-start=\"870\" data-end=\"1269\">Im Wald haben die Kinder t\u00e4glich Gelegenheit, sich auf nat\u00fcrliche Weise zu bewegen. Wurzeln, \u00c4ste, Baumst\u00e4mme und kleine H\u00f6henunterschiede bieten unz\u00e4hlige Bewegungsanreize. Dabei lernen die Kinder nicht nur ihr Gleichgewicht zu halten, sondern auch Risiken einzusch\u00e4tzen, sich gegenseitig zu helfen und geduldig aufeinander zu warten. Das Klettern wird zur Schule f\u00fcr K\u00f6rper, Geist und Miteinander.<\/p>\n<p class=\"\" data-start=\"1271\" data-end=\"1345\"><strong data-start=\"1271\" data-end=\"1345\">Klettern in der Krippe f\u00f6rdert Selbstst\u00e4ndigkeit und Selbstwirksamkeit<\/strong><\/p>\n<p class=\"\" data-start=\"1347\" data-end=\"1736\">Wenn ein Kind es alleine auf einen Baumstamm schafft, w\u00e4chst es innerlich. Es sp\u00fcrt: Ich kann etwas, ich bin stark, ich vertraue mir. In der KiTa Bl\u00fcemli begleiten wir solche Momente mit Achtsamkeit und Zur\u00fcckhaltung. Wir ermutigen, sichern bei Bedarf ab, aber wir greifen nicht vorweg. Denn jedes Kind soll selbst erleben d\u00fcrfen, wie es Hindernisse \u00fcberwindet und seine Grenzen erweitert.<\/p>\n<p class=\"\" data-start=\"1738\" data-end=\"2169\">Diese Erfahrungen sind f\u00fcr die Pers\u00f6nlichkeitsentwicklung von unsch\u00e4tzbarem Wert. Gerade in einer Zeit, in der viele Bewegungsr\u00e4ume durch Verkehr und Zeitdruck eingeschr\u00e4nkt sind, schaffen wir bewusst sichere Gelegenheiten f\u00fcr echtes Erleben. Unsere Waldtage bieten den idealen Rahmen daf\u00fcr. Neugierig, wie unser Alltag draussen aussieht? Mehr dazu findest du auf der Seite unserer <a class=\"\" href=\"https:\/\/kitabluemli.ch\/en\/forest-group\/\" target=\"_new\" rel=\"noopener\" data-start=\"2120\" data-end=\"2168\">Forest Group<\/a>.<\/p>\n<p class=\"\" data-start=\"2171\" data-end=\"2243\"><strong data-start=\"2171\" data-end=\"2243\">Klettern in der Krippe als Teil der nat\u00fcrlichen Bewegungsentwicklung<\/strong><\/p>\n<p class=\"\" data-start=\"2245\" data-end=\"2635\">Kinder haben einen nat\u00fcrlichen Bewegungsdrang. Sie wollen sich ausprobieren, balancieren, hochziehen, hinabsteigen. Klettern geh\u00f6rt ganz selbstverst\u00e4ndlich dazu \u2013 es ist Teil der motorischen Entwicklung. In der KiTa Bl\u00fcemli geben wir diesem Bed\u00fcrfnis Raum und Zeit. Die Natur bietet uns dabei die beste Lernumgebung: kein Spielger\u00e4t kann so vielf\u00e4ltig und spannend sein wie ein echter Baum.<\/p>\n<p class=\"\" data-start=\"2637\" data-end=\"3018\">Beim Klettern werden nicht nur Muskeln und Koordination gef\u00f6rdert, sondern auch die Konzentration, das Durchhalteverm\u00f6gen und die Kreativit\u00e4t. Wie komme ich da hoch? Wo ist der beste Halt? Wer schaut mir zu? Wer hilft mir? \u2013 Diese Fragen begleiten die Kinder ganz nat\u00fcrlich im Tun. Unsere Fachpersonen greifen diese Momente p\u00e4dagogisch auf, beobachten und geben, wo n\u00f6tig, Impulse.<\/p>\n<p class=\"\" data-start=\"3020\" data-end=\"3087\"><strong data-start=\"3020\" data-end=\"3087\">Klettern in der Krippe verbindet Spiel, Lernen und Naturerleben<\/strong><\/p>\n<p class=\"\" data-start=\"3089\" data-end=\"3558\">Was auf den ersten Blick wie reines Spiel wirkt, ist in Wahrheit tiefes Lernen. Die Kinder trainieren F\u00e4higkeiten, die sie ein Leben lang begleiten: Balance, Fokus, K\u00f6rpergef\u00fchl und soziale Kompetenz. Gleichzeitig erleben sie die Natur mit allen Sinnen \u2013 das raue Holz, den k\u00fchlen Boden, das Rascheln der Bl\u00e4tter, das Sonnenlicht auf der Haut. Diese sinnlichen Erfahrungen verankern sich nachhaltig und machen den Wald zu einem Ort, an dem Bildung mit Freude geschieht.<\/p>\n<p class=\"\" data-start=\"3560\" data-end=\"3914\">In der KiTa Bl\u00fcemli ist Klettern nicht einfach eine Aktivit\u00e4t \u2013 es ist Teil unserer Haltung: Kindern etwas zutrauen, ihnen Raum geben und ihnen helfen, \u00fcber sich hinauszuwachsen. Wenn du deinem Kind eine Umgebung w\u00fcnschst, in der es sicher, mutig und selbstst\u00e4ndig aufwachsen darf, findest du hier mehr zur <a class=\"\" href=\"https:\/\/kitabluemli.ch\/en\/enrollment\/\" target=\"_new\" rel=\"noopener\" data-start=\"3867\" data-end=\"3913\">Enrolment<\/a>.<\/p>","protected":false},"excerpt":{"rendered":"<p>Klettern in der Krippe st\u00e4rkt Mut und Motorik Klettern in der Krippe ist f\u00fcr Kinder eine spannende Herausforderung \u2013 und f\u00fcr uns in der KiTa Bl\u00fcemli ein wertvoller Teil der Bewegungserziehung. Auf dem Bild sieht man vier Kinder, die konzentriert und mutig einen umgefallenen Baumstamm erklimmen. Jeder Schritt ist ein kleines Abenteuer, jeder Griff ein [&hellip;]<\/p>\n","protected":false},"author":2,"featured_media":30409,"comment_status":"closed","ping_status":"closed","sticky":false,"template":"","format":"standard","meta":{"footnotes":""},"categories":[520],"tags":[],"class_list":["post-30408","post","type-post","status-publish","format-standard","has-post-thumbnail","hentry","category-waldkinderkrippe-blog"],"_links":{"self":[{"href":"https:\/\/kitabluemli.ch\/en\/wp-json\/wp\/v2\/posts\/30408","targetHints":{"allow":["GET"]}}],"collection":[{"href":"https:\/\/kitabluemli.ch\/en\/wp-json\/wp\/v2\/posts"}],"about":[{"href":"https:\/\/kitabluemli.ch\/en\/wp-json\/wp\/v2\/types\/post"}],"author":[{"embeddable":true,"href":"https:\/\/kitabluemli.ch\/en\/wp-json\/wp\/v2\/users\/2"}],"replies":[{"embeddable":true,"href":"https:\/\/kitabluemli.ch\/en\/wp-json\/wp\/v2\/comments?post=30408"}],"version-history":[{"count":0,"href":"https:\/\/kitabluemli.ch\/en\/wp-json\/wp\/v2\/posts\/30408\/revisions"}],"wp:featuredmedia":[{"embeddable":true,"href":"https:\/\/kitabluemli.ch\/en\/wp-json\/wp\/v2\/media\/30409"}],"wp:attachment":[{"href":"https:\/\/kitabluemli.ch\/en\/wp-json\/wp\/v2\/media?parent=30408"}],"wp:term":[{"taxonomy":"category","embeddable":true,"href":"https:\/\/kitabluemli.ch\/en\/wp-json\/wp\/v2\/categories?post=30408"},{"taxonomy":"post_tag","embeddable":true,"href":"https:\/\/kitabluemli.ch\/en\/wp-json\/wp\/v2\/tags?post=30408"}],"curies":[{"name":"wp","href":"https:\/\/api.w.org\/{rel}","templated":true}]}}