{"id":30411,"date":"2025-05-01T12:00:01","date_gmt":"2025-05-01T10:00:01","guid":{"rendered":"https:\/\/kitabluemli.ch\/?p=30411"},"modified":"2025-04-22T12:40:19","modified_gmt":"2025-04-22T10:40:19","slug":"ostereier-faerben-in-der-krippe-mit-viel-freude","status":"publish","type":"post","link":"https:\/\/kitabluemli.ch\/en\/ostereier-faerben-in-der-krippe-mit-viel-freude\/","title":{"rendered":"Ostereier f\u00e4rben in der Krippe mit viel Freude"},"content":{"rendered":"<p class=\"\" data-start=\"291\" data-end=\"354\"><strong data-start=\"291\" data-end=\"354\">Ostereier f\u00e4rben in der Krippe bringt Farbe in den Fr\u00fchling<\/strong><\/p>\n<p class=\"\" data-start=\"356\" data-end=\"872\">Ostereier f\u00e4rben in der Krippe ist ein j\u00e4hrliches Highlight in der KiTa Bl\u00fcemli \u2013 ein Erlebnis, das nicht nur kreativ, sondern auch sinnlich, verbindend und voller Vorfreude auf das Osterfest ist. Auf dem Bild sieht man unsere J\u00fcngsten beim F\u00e4rben der Eier. Ausgestattet mit Malsch\u00fcrzen, Bechern und L\u00f6ffeln r\u00fchren sie konzentriert in bunten Fl\u00fcssigkeiten, beobachten, wie sich die Farben mischen und sich langsam auf die Eier \u00fcbertragen. Jede Bewegung ist ein kleines Wunder, jeder Farbwechsel ein Grund zur Freude.<\/p>\n<p class=\"\" data-start=\"874\" data-end=\"1226\">F\u00fcr die Kinder ist dieses Tun mehr als Basteln \u2013 es ist gelebte Teilhabe. Sie erleben, wie aus einem weissen Ei ein kleines Kunstwerk wird. Dabei geht es nicht um Perfektion, sondern um das Staunen \u00fcber Ver\u00e4nderung, Farbe und das eigene Tun. In der KiTa Bl\u00fcemli darf jedes Kind in seinem Tempo mitmachen, ausprobieren und sich freuen \u2013 ganz ohne Druck.<\/p>\n<p class=\"\" data-start=\"1228\" data-end=\"1298\"><strong data-start=\"1228\" data-end=\"1298\">Ostereier f\u00e4rben in der Krippe f\u00f6rdert Achtsamkeit und Feinmotorik<\/strong><\/p>\n<p class=\"\" data-start=\"1300\" data-end=\"1737\">Das F\u00e4rben der Ostereier bietet zahlreiche p\u00e4dagogische Chancen. Die Kinder lernen, vorsichtig mit den Eiern umzugehen, sie mit dem L\u00f6ffel zu drehen, nicht zu fest zu dr\u00fccken und genau zu beobachten, was passiert. Diese T\u00e4tigkeit schult die Feinmotorik, die Hand-Auge-Koordination und die Konzentration. Gleichzeitig wird die Sprache angeregt: Welche Farben verwenden wir? Was passiert, wenn man zwei mischt? Wer hat das sch\u00f6nste Muster?<\/p>\n<p class=\"\" data-start=\"1739\" data-end=\"2147\">In der Babygruppe stehen dabei vor allem die Sinneserfahrungen im Vordergrund: das Umr\u00fchren, das Staunen \u00fcber leuchtende Farben, das Zuh\u00f6ren beim Blubbern der Fl\u00fcssigkeit \u2013 all das sind Erlebnisse, die tief wirken. Und nat\u00fcrlich ist auch die Vorfreude auf das bevorstehende Osterfest sp\u00fcrbar. Mehr Einblicke in unsere Arbeit mit den Kleinsten findest du hier: <a class=\"\" href=\"https:\/\/kitabluemli.ch\/en\/baby-group\/\" target=\"_new\" rel=\"noopener\" data-start=\"2099\" data-end=\"2147\">Baby Group<\/a><\/p>\n<p class=\"\" data-start=\"2149\" data-end=\"2216\"><strong data-start=\"2149\" data-end=\"2216\">Ostereier f\u00e4rben in der Krippe schafft Gemeinschaft und Rituale<\/strong><\/p>\n<p class=\"\" data-start=\"2218\" data-end=\"2627\">Solche gemeinsamen Aktionen st\u00e4rken das Wir-Gef\u00fchl. Die Kinder sitzen gemeinsam am Tisch, lachen, helfen sich, zeigen sich gegenseitig ihre Eier. Dabei entstehen kleine Rituale: Jeder darf sich eine Farbe aussuchen, ein Ei w\u00e4hlen, beim F\u00e4rben zusehen oder mithelfen. Rituale wie das Ostereier f\u00e4rben geben Kindern Sicherheit, Orientierung und emotionale Geborgenheit \u2013 gerade im oft turbulenten Krippenalltag.<\/p>\n<p class=\"\" data-start=\"2629\" data-end=\"2948\">In der KiTa Bl\u00fcemli achten wir auf solche Rituale, weil sie Br\u00fccken bauen: zwischen Jahreszeit und Alltag, zwischen Tradition und moderner P\u00e4dagogik, zwischen Kind und Gemeinschaft. Unsere Fachpersonen begleiten das F\u00e4rben einf\u00fchlsam, geben Impulse, greifen Ideen auf \u2013 und lassen vor allem Raum f\u00fcr eigene Kreativit\u00e4t.<\/p>\n<p class=\"\" data-start=\"2950\" data-end=\"3013\"><strong data-start=\"2950\" data-end=\"3013\">Ostereier f\u00e4rben in der Krippe wird zum besonderen Erlebnis<\/strong><\/p>\n<p class=\"\" data-start=\"3015\" data-end=\"3379\">Am Ende des Vormittags sind nicht nur viele bunte Eier entstanden, sondern auch viele sch\u00f6ne Erinnerungen. Die Kinder d\u00fcrfen ihre Werke mit nach Hause nehmen, stolz erz\u00e4hlen, wie sie entstanden sind, und sich aufs Osterwochenende freuen. Die Eltern erhalten einen kleinen, liebevoll gef\u00e4rbten Fr\u00fchlingsgruss \u2013 und einen Einblick in das kreative Leben ihrer Kinder.<\/p>\n<p class=\"\" data-start=\"3381\" data-end=\"3701\">Wer eine Krippe sucht, in der Feste nicht nur gefeiert, sondern mit Herz gestaltet werden, findet hier mehr Informationen zur <a class=\"\" href=\"https:\/\/kitabluemli.ch\/en\/enrollment\/\" target=\"_new\" rel=\"noopener\" data-start=\"3507\" data-end=\"3553\">Enrolment<\/a>.<br data-start=\"3554\" data-end=\"3557\" \/>Oder entdecke weitere spannende Einblicke in unseren Krippenalltag auf der Seite zu unseren <a class=\"\" href=\"https:\/\/kitabluemli.ch\/en\/activities\/\" target=\"_new\" rel=\"noopener\" data-start=\"3649\" data-end=\"3700\">Activities<\/a>.<\/p>","protected":false},"excerpt":{"rendered":"<p>Ostereier f\u00e4rben in der Krippe bringt Farbe in den Fr\u00fchling Ostereier f\u00e4rben in der Krippe ist ein j\u00e4hrliches Highlight in der KiTa Bl\u00fcemli \u2013 ein Erlebnis, das nicht nur kreativ, sondern auch sinnlich, verbindend und voller Vorfreude auf das Osterfest ist. Auf dem Bild sieht man unsere J\u00fcngsten beim F\u00e4rben der Eier. Ausgestattet mit Malsch\u00fcrzen, [&hellip;]<\/p>\n","protected":false},"author":2,"featured_media":30412,"comment_status":"closed","ping_status":"closed","sticky":false,"template":"","format":"standard","meta":{"footnotes":""},"categories":[519],"tags":[],"class_list":["post-30411","post","type-post","status-publish","format-standard","has-post-thumbnail","hentry","category-kinderkrippe-blog"],"_links":{"self":[{"href":"https:\/\/kitabluemli.ch\/en\/wp-json\/wp\/v2\/posts\/30411","targetHints":{"allow":["GET"]}}],"collection":[{"href":"https:\/\/kitabluemli.ch\/en\/wp-json\/wp\/v2\/posts"}],"about":[{"href":"https:\/\/kitabluemli.ch\/en\/wp-json\/wp\/v2\/types\/post"}],"author":[{"embeddable":true,"href":"https:\/\/kitabluemli.ch\/en\/wp-json\/wp\/v2\/users\/2"}],"replies":[{"embeddable":true,"href":"https:\/\/kitabluemli.ch\/en\/wp-json\/wp\/v2\/comments?post=30411"}],"version-history":[{"count":0,"href":"https:\/\/kitabluemli.ch\/en\/wp-json\/wp\/v2\/posts\/30411\/revisions"}],"wp:featuredmedia":[{"embeddable":true,"href":"https:\/\/kitabluemli.ch\/en\/wp-json\/wp\/v2\/media\/30412"}],"wp:attachment":[{"href":"https:\/\/kitabluemli.ch\/en\/wp-json\/wp\/v2\/media?parent=30411"}],"wp:term":[{"taxonomy":"category","embeddable":true,"href":"https:\/\/kitabluemli.ch\/en\/wp-json\/wp\/v2\/categories?post=30411"},{"taxonomy":"post_tag","embeddable":true,"href":"https:\/\/kitabluemli.ch\/en\/wp-json\/wp\/v2\/tags?post=30411"}],"curies":[{"name":"wp","href":"https:\/\/api.w.org\/{rel}","templated":true}]}}