{"id":30458,"date":"2025-05-21T09:00:11","date_gmt":"2025-05-21T07:00:11","guid":{"rendered":"https:\/\/kitabluemli.ch\/?p=30458"},"modified":"2025-05-07T11:54:05","modified_gmt":"2025-05-07T09:54:05","slug":"waldgruppe-natur-erleben-mit-allen-sinnen-in-der-kita-blueemli","status":"publish","type":"post","link":"https:\/\/kitabluemli.ch\/en\/waldgruppe-natur-erleben-mit-allen-sinnen-in-der-kita-blueemli\/","title":{"rendered":"Waldgruppe \u2013 Natur erleben mit allen Sinnen in der KiTa Bl\u00fcemli"},"content":{"rendered":"<p class=\"p1\">Ein Vormittag in der <span class=\"s1\"><b>Forest Group<\/b><\/span> beginnt nicht im Gruppenraum, sondern unter freiem Himmel. Mit Rucksack, Trinkflasche und viel Neugier machen wir uns auf den Weg ins nahegelegene Waldst\u00fcck \u2013 ein Ort voller M\u00f6glichkeiten, voller Ruhe und voller Abenteuer.<\/p>\n<p class=\"p1\">In der KiTa Bl\u00fcemli ist die Waldgruppe mehr als ein Ausflug. Sie ist ein fester Bestandteil unseres p\u00e4dagogischen Alltags. Hier erleben die Kinder den Wechsel der Jahreszeiten, lernen Pflanzen und Tiere kennen, bauen eigene Spielwelten aus Naturmaterialien und bewegen sich frei in einer Umgebung, die zum Erkunden einl\u00e4dt.<\/p>\n<p class=\"p1\">Der Wald fordert und f\u00f6rdert zugleich. Unebene Wege, feuchtes Moos, Wurzeln, kleine B\u00e4che und Steine \u2013 all das sch\u00e4rft die Wahrnehmung und st\u00e4rkt die Motorik. Kinder balancieren, klettern, beobachten, lauschen. Ganz nebenbei trainieren sie Gleichgewicht, Ausdauer und Konzentration.<\/p>\n<p class=\"p1\">Die <span class=\"s1\"><b>Forest Group<\/b><\/span> ist auch ein Ort des sozialen Lernens. Ohne vorgefertigtes Spielzeug werden Kooperation, Kommunikation und kreative L\u00f6sungen besonders wichtig. Wer baut mit? Wer erkl\u00e4rt? Wer h\u00f6rt zu? Die Natur wirkt entschleunigend und gleichzeitig verbindend.<\/p>\n<p class=\"p1\">Besonders wichtig ist uns dabei das Prinzip der Freiwilligkeit. Kein Kind muss etwas tun \u2013 aber alles darf ausprobiert werden. Ein Kind beobachtet lieber still am Waldrand? Gut so. Ein anderes m\u00f6chte graben, stapeln, h\u00fcpfen oder sammeln? Auch das hat Platz.<\/p>\n<p class=\"p1\">Im Wald entstehen oft intensive Gespr\u00e4che. Kinder stellen Fragen zu allem, was sie sehen: Warum ist dieser K\u00e4fer so schnell? Wo fliesst das Wasser hin? Ist das ein Rehpfad? Diese nat\u00fcrlichen Impulse greifen wir auf, geben altersgerechte Erkl\u00e4rungen oder suchen gemeinsam nach Antworten.<\/p>\n<p class=\"p1\">Auch Rituale spielen eine wichtige Rolle: Ankommen, Kreis machen, Zn\u00fcni teilen, achtsam lauschen. Diese Strukturen geben Sicherheit, auch wenn die Umgebung st\u00e4ndig wechselt.<\/p>\n<p class=\"p1\">Eltern berichten uns oft, wie ausgeglichen die Kinder nach einem Vormittag in der Waldgruppe sind. Sie erz\u00e4hlen von neuen W\u00f6rtern, von kleinen Abenteuern, vom Stolz, einen H\u00fcgel erklommen oder einen Wurm entdeckt zu haben.<\/p>\n<p class=\"p1\">In der KiTa Bl\u00fcemli ist die <span class=\"s1\"><b>Forest Group<\/b><\/span> ein Herzst\u00fcck unserer Arbeit. Sie verbindet Bewegung, Bildung, Beziehung und Naturerfahrung auf nat\u00fcrliche Weise.<\/p>\n<p class=\"p1\">Mehr \u00fcber unsere Naturp\u00e4dagogik findest du auf unserer <a href=\"https:\/\/kitabluemli.ch\/en\/forest-group\/\">Waldgruppen-Seite<\/a>.<\/p>\n<p class=\"p1\">Wenn du dich f\u00fcr unser ganzheitliches Konzept interessierst, besuche unsere <a href=\"https:\/\/kitabluemli.ch\/en\/our-values\/\">Werte-Seite<\/a>.<\/p>","protected":false},"excerpt":{"rendered":"<p>Ein Vormittag in der Waldgruppe beginnt nicht im Gruppenraum, sondern unter freiem Himmel. Mit Rucksack, Trinkflasche und viel Neugier machen wir uns auf den Weg ins nahegelegene Waldst\u00fcck \u2013 ein Ort voller M\u00f6glichkeiten, voller Ruhe und voller Abenteuer. In der KiTa Bl\u00fcemli ist die Waldgruppe mehr als ein Ausflug. Sie ist ein fester Bestandteil unseres [&hellip;]<\/p>\n","protected":false},"author":2,"featured_media":30459,"comment_status":"closed","ping_status":"closed","sticky":false,"template":"","format":"standard","meta":{"footnotes":""},"categories":[520],"tags":[],"class_list":["post-30458","post","type-post","status-publish","format-standard","has-post-thumbnail","hentry","category-waldkinderkrippe-blog"],"_links":{"self":[{"href":"https:\/\/kitabluemli.ch\/en\/wp-json\/wp\/v2\/posts\/30458","targetHints":{"allow":["GET"]}}],"collection":[{"href":"https:\/\/kitabluemli.ch\/en\/wp-json\/wp\/v2\/posts"}],"about":[{"href":"https:\/\/kitabluemli.ch\/en\/wp-json\/wp\/v2\/types\/post"}],"author":[{"embeddable":true,"href":"https:\/\/kitabluemli.ch\/en\/wp-json\/wp\/v2\/users\/2"}],"replies":[{"embeddable":true,"href":"https:\/\/kitabluemli.ch\/en\/wp-json\/wp\/v2\/comments?post=30458"}],"version-history":[{"count":0,"href":"https:\/\/kitabluemli.ch\/en\/wp-json\/wp\/v2\/posts\/30458\/revisions"}],"wp:featuredmedia":[{"embeddable":true,"href":"https:\/\/kitabluemli.ch\/en\/wp-json\/wp\/v2\/media\/30459"}],"wp:attachment":[{"href":"https:\/\/kitabluemli.ch\/en\/wp-json\/wp\/v2\/media?parent=30458"}],"wp:term":[{"taxonomy":"category","embeddable":true,"href":"https:\/\/kitabluemli.ch\/en\/wp-json\/wp\/v2\/categories?post=30458"},{"taxonomy":"post_tag","embeddable":true,"href":"https:\/\/kitabluemli.ch\/en\/wp-json\/wp\/v2\/tags?post=30458"}],"curies":[{"name":"wp","href":"https:\/\/api.w.org\/{rel}","templated":true}]}}