{"id":30467,"date":"2025-05-29T09:00:47","date_gmt":"2025-05-29T07:00:47","guid":{"rendered":"https:\/\/kitabluemli.ch\/?p=30467"},"modified":"2025-05-07T11:58:26","modified_gmt":"2025-05-07T09:58:26","slug":"wald-entdecken-forschen-staunen-und-lernen-in-der-kita-blueemli","status":"publish","type":"post","link":"https:\/\/kitabluemli.ch\/en\/wald-entdecken-forschen-staunen-und-lernen-in-der-kita-blueemli\/","title":{"rendered":"Wald entdecken \u2013 Forschen, Staunen und Lernen in der KiTa Bl\u00fcemli"},"content":{"rendered":"<p class=\"p1\">Der Wald ist f\u00fcr Kinder ein Ort voller Geheimnisse. In der KiTa Bl\u00fcemli gehen wir regelm\u00e4ssig hinaus, um gemeinsam den <span class=\"s1\"><b>Wald zu entdecken<\/b><\/span>. Zwischen B\u00e4umen, Bl\u00e4ttern und Waldboden finden Kinder unz\u00e4hlige Anregungen zum Forschen, Bewegen und Staunen.<\/p>\n<p class=\"p1\">Schon der Weg dorthin ist ein Erlebnis. Es raschelt im Geb\u00fcsch, V\u00f6gel zwitschern, Regen tropft auf die Kapuze \u2013 jede Waldbegegnung ist anders. Die Kinder erleben die Natur mit allen Sinnen. Sie h\u00f6ren, riechen, tasten und sehen ihre Umgebung auf ganz neue Weise.<\/p>\n<p class=\"p1\">Beim <span class=\"s1\"><b>Wald entdecken<\/b><\/span> gibt es keine Vorgaben. Die Kinder bestimmen das Tempo, w\u00e4hlen den Weg, setzen Schwerpunkte. Mal interessiert sie ein Ameisenhaufen, mal ein umgest\u00fcrzter Baum, mal ein Bachlauf oder ein H\u00fcgel. Ihre Entdeckungen f\u00fchren zu Gespr\u00e4chen, Fragen, Vermutungen \u2013 die wir gemeinsam aufgreifen.<\/p>\n<p class=\"p1\">Das freie Spiel im Wald regt die Fantasie an. Aus \u00c4sten wird ein Haus, aus Moos ein Teppich, aus Steinen eine K\u00fcche. Ohne fertiges Spielzeug werden die Kinder kreativ, erfinden Regeln, verhandeln miteinander und gestalten ihre Umgebung selbst.<\/p>\n<p class=\"p1\">Neben dem spielerischen Erleben ist der Wald auch ein wertvoller Bildungsraum. Kinder beobachten Tiere, erkennen Ver\u00e4nderungen im Jahreslauf, lernen Wetterph\u00e4nomene kennen. Sie entwickeln ein erstes Verst\u00e4ndnis f\u00fcr \u00f6kologische Zusammenh\u00e4nge \u2013 ganz nebenbei, mitten im Spiel.<\/p>\n<p class=\"p1\">Das <span class=\"s1\"><b>Wald entdecken<\/b><\/span> f\u00f6rdert ausserdem Bewegung. Kinder balancieren \u00fcber Wurzeln, klettern auf B\u00f6schungen, waten durch Matsch oder springen \u00fcber kleine B\u00e4che. Dabei schulen sie Gleichgewicht, Kraft und Ausdauer \u2013 und st\u00e4rken ganz nat\u00fcrlich ihre motorischen F\u00e4higkeiten.<\/p>\n<p class=\"p1\">In der KiTa Bl\u00fcemli achten wir darauf, dass diese Erfahrungen in einem sicheren Rahmen stattfinden. Wir begleiten die Kinder aufmerksam, geben Impulse, schaffen Verl\u00e4sslichkeit durch Rituale \u2013 aber lassen viel Raum zum freien Erkunden.<\/p>\n<p class=\"p1\">Auch R\u00fcckzugsorte sind wichtig: eine Baumwurzel zum Ausruhen, ein stilles Pl\u00e4tzchen zum Beobachten. Kinder sollen sich nicht nur bewegen, sondern auch zur Ruhe kommen d\u00fcrfen.<\/p>\n<p class=\"p1\">Das <span class=\"s1\"><b>Wald entdecken<\/b><\/span> weckt Neugier und macht Kinder stark. Sie sp\u00fcren sich selbst, erleben Zusammenhalt in der Gruppe, lernen mit Herausforderungen umzugehen \u2013 und entwickeln ganz nebenbei ein Bewusstsein f\u00fcr die Natur.<\/p>\n<p class=\"p1\">Wenn du mehr \u00fcber unsere Naturp\u00e4dagogik erfahren m\u00f6chtest, besuche unsere <a href=\"https:\/\/kitabluemli.ch\/en\/forest-group\/\">Waldgruppen-Seite<\/a>.<\/p>\n<p class=\"p1\">Und wenn dich interessiert, wie wir Kinder ganzheitlich begleiten, findest du unsere Haltung auf der <a href=\"https:\/\/kitabluemli.ch\/en\/our-values\/\">Werte-Seite<\/a>.<\/p>","protected":false},"excerpt":{"rendered":"<p>Der Wald ist f\u00fcr Kinder ein Ort voller Geheimnisse. In der KiTa Bl\u00fcemli gehen wir regelm\u00e4ssig hinaus, um gemeinsam den Wald zu entdecken. Zwischen B\u00e4umen, Bl\u00e4ttern und Waldboden finden Kinder unz\u00e4hlige Anregungen zum Forschen, Bewegen und Staunen. Schon der Weg dorthin ist ein Erlebnis. Es raschelt im Geb\u00fcsch, V\u00f6gel zwitschern, Regen tropft auf die Kapuze [&hellip;]<\/p>\n","protected":false},"author":2,"featured_media":30468,"comment_status":"closed","ping_status":"closed","sticky":false,"template":"","format":"standard","meta":{"footnotes":""},"categories":[520],"tags":[],"class_list":["post-30467","post","type-post","status-publish","format-standard","has-post-thumbnail","hentry","category-waldkinderkrippe-blog"],"_links":{"self":[{"href":"https:\/\/kitabluemli.ch\/en\/wp-json\/wp\/v2\/posts\/30467","targetHints":{"allow":["GET"]}}],"collection":[{"href":"https:\/\/kitabluemli.ch\/en\/wp-json\/wp\/v2\/posts"}],"about":[{"href":"https:\/\/kitabluemli.ch\/en\/wp-json\/wp\/v2\/types\/post"}],"author":[{"embeddable":true,"href":"https:\/\/kitabluemli.ch\/en\/wp-json\/wp\/v2\/users\/2"}],"replies":[{"embeddable":true,"href":"https:\/\/kitabluemli.ch\/en\/wp-json\/wp\/v2\/comments?post=30467"}],"version-history":[{"count":0,"href":"https:\/\/kitabluemli.ch\/en\/wp-json\/wp\/v2\/posts\/30467\/revisions"}],"wp:featuredmedia":[{"embeddable":true,"href":"https:\/\/kitabluemli.ch\/en\/wp-json\/wp\/v2\/media\/30468"}],"wp:attachment":[{"href":"https:\/\/kitabluemli.ch\/en\/wp-json\/wp\/v2\/media?parent=30467"}],"wp:term":[{"taxonomy":"category","embeddable":true,"href":"https:\/\/kitabluemli.ch\/en\/wp-json\/wp\/v2\/categories?post=30467"},{"taxonomy":"post_tag","embeddable":true,"href":"https:\/\/kitabluemli.ch\/en\/wp-json\/wp\/v2\/tags?post=30467"}],"curies":[{"name":"wp","href":"https:\/\/api.w.org\/{rel}","templated":true}]}}