{"id":30486,"date":"2025-06-18T09:00:55","date_gmt":"2025-06-18T07:00:55","guid":{"rendered":"https:\/\/kitabluemli.ch\/?p=30486"},"modified":"2025-05-07T12:11:26","modified_gmt":"2025-05-07T10:11:26","slug":"bewegung-in-der-natur-wenn-jedes-hindernis-ein-abenteuer-wird","status":"publish","type":"post","link":"https:\/\/kitabluemli.ch\/en\/bewegung-in-der-natur-wenn-jedes-hindernis-ein-abenteuer-wird\/","title":{"rendered":"Bewegung in der Natur \u2013 wenn jedes Hindernis ein Abenteuer wird"},"content":{"rendered":"<p class=\"p1\">Kinder brauchen Bewegung \u2013 und sie brauchen Natur. Beides zu verbinden, ist einer der sch\u00f6nsten und wertvollsten Teile unserer p\u00e4dagogischen Arbeit. Denn <span class=\"s1\"><b>Bewegung in der Natur<\/b><\/span> st\u00e4rkt nicht nur den K\u00f6rper, sondern auch das Selbstvertrauen, die Wahrnehmung und das soziale Miteinander.<\/p>\n<p class=\"p1\">Ein umgest\u00fcrzter Baumstamm wird zur Balancierstrecke. Ein Hang wird zur Rutschbahn. Steine, \u00c4ste, Erde und Bl\u00e4tter regen an, mit dem eigenen K\u00f6rper zu experimentieren: klettern, steigen, springen, halten, greifen, rutschen, stehen bleiben. Dabei erleben Kinder unmittelbar, was sie k\u00f6nnen \u2013 und wie sie mit Herausforderungen umgehen.<\/p>\n<p class=\"p1\">Das Gel\u00e4nde im Wald fordert auf ganz andere Weise als der gewohnte Innenraum. Es gibt keine ebenen B\u00f6den, keine Begrenzungen, keine vorgegebenen Wege. Stattdessen ist alles in Bewegung: das Licht, die Ger\u00e4usche, das Wetter \u2013 und das Kind selbst.<\/p>\n<p class=\"p1\">Gerade deshalb ist <span class=\"s1\"><b>Bewegung in der Natur<\/b><\/span> so wirksam. Sie verlangt Flexibilit\u00e4t, f\u00f6rdert Ausdauer und sch\u00e4rft die Sinne. Die Kinder h\u00f6ren das Knacken unter ihren Schuhen, riechen feuchte Erde, sehen das Lichtspiel zwischen den Bl\u00e4ttern. Sie erleben die Natur nicht nur als Kulisse, sondern als aktiven Raum.<\/p>\n<p class=\"p1\">Auch die sozialen Prozesse sind besonders intensiv: Wer hilft beim Klettern? Wer zeigt den besten Weg? Wer entdeckt etwas Spannendes? Diese Erlebnisse verbinden \u2013 und st\u00e4rken das Gruppengef\u00fchl.<\/p>\n<p class=\"p1\">Wir achten darauf, dass Kinder sich frei bewegen k\u00f6nnen, aber nicht allein sind. Wir begleiten mit wachen Augen, geben Sicherheit und greifen nur ein, wenn es wirklich n\u00f6tig ist. So lernen die Kinder, Risiken einzusch\u00e4tzen und Verantwortung f\u00fcr sich zu \u00fcbernehmen.<\/p>\n<p class=\"p1\">Regelm\u00e4ssige <span class=\"s1\"><b>Bewegung in der Natur<\/b><\/span> tr\u00e4gt auch zur gesunden Entwicklung bei. Studien zeigen, dass Kinder, die sich oft draussen aufhalten, ausgeglichener sind, besser schlafen und seltener \u00fcber Beschwerden wie Kopfschmerzen oder Nervosit\u00e4t klagen.<\/p>\n<p class=\"p1\">Eltern berichten, dass ihre Kinder nach einem Waldtag ruhig, zufrieden und voller Geschichten nach Hause kommen. Oft erz\u00e4hlen sie von einem \u201eBerg\u201c, den sie erklommen haben \u2013 in Wirklichkeit vielleicht nur ein kleiner H\u00fcgel, aber f\u00fcr das Kind ein echtes Erlebnis.<\/p>\n<p class=\"p1\">Mehr \u00fcber unsere waldp\u00e4dagogischen Angebote findest du auf unserer <a href=\"https:\/\/kitabluemli.ch\/en\/forest-group\/\">Waldgruppen-Seite<\/a>.<\/p>\n<p class=\"p1\">Und wenn du wissen m\u00f6chtest, wie wir Kinder ganzheitlich begleiten, findest du viele Informationen auf unserer <a href=\"https:\/\/kitabluemli.ch\/en\/team\/\">Team-Seite<\/a>.<\/p>","protected":false},"excerpt":{"rendered":"<p>Kinder brauchen Bewegung \u2013 und sie brauchen Natur. Beides zu verbinden, ist einer der sch\u00f6nsten und wertvollsten Teile unserer p\u00e4dagogischen Arbeit. Denn Bewegung in der Natur st\u00e4rkt nicht nur den K\u00f6rper, sondern auch das Selbstvertrauen, die Wahrnehmung und das soziale Miteinander. Ein umgest\u00fcrzter Baumstamm wird zur Balancierstrecke. Ein Hang wird zur Rutschbahn. Steine, \u00c4ste, Erde [&hellip;]<\/p>\n","protected":false},"author":2,"featured_media":30487,"comment_status":"closed","ping_status":"closed","sticky":false,"template":"","format":"standard","meta":{"footnotes":""},"categories":[520],"tags":[],"class_list":["post-30486","post","type-post","status-publish","format-standard","has-post-thumbnail","hentry","category-waldkinderkrippe-blog"],"_links":{"self":[{"href":"https:\/\/kitabluemli.ch\/en\/wp-json\/wp\/v2\/posts\/30486","targetHints":{"allow":["GET"]}}],"collection":[{"href":"https:\/\/kitabluemli.ch\/en\/wp-json\/wp\/v2\/posts"}],"about":[{"href":"https:\/\/kitabluemli.ch\/en\/wp-json\/wp\/v2\/types\/post"}],"author":[{"embeddable":true,"href":"https:\/\/kitabluemli.ch\/en\/wp-json\/wp\/v2\/users\/2"}],"replies":[{"embeddable":true,"href":"https:\/\/kitabluemli.ch\/en\/wp-json\/wp\/v2\/comments?post=30486"}],"version-history":[{"count":0,"href":"https:\/\/kitabluemli.ch\/en\/wp-json\/wp\/v2\/posts\/30486\/revisions"}],"wp:featuredmedia":[{"embeddable":true,"href":"https:\/\/kitabluemli.ch\/en\/wp-json\/wp\/v2\/media\/30487"}],"wp:attachment":[{"href":"https:\/\/kitabluemli.ch\/en\/wp-json\/wp\/v2\/media?parent=30486"}],"wp:term":[{"taxonomy":"category","embeddable":true,"href":"https:\/\/kitabluemli.ch\/en\/wp-json\/wp\/v2\/categories?post=30486"},{"taxonomy":"post_tag","embeddable":true,"href":"https:\/\/kitabluemli.ch\/en\/wp-json\/wp\/v2\/tags?post=30486"}],"curies":[{"name":"wp","href":"https:\/\/api.w.org\/{rel}","templated":true}]}}