{"id":30501,"date":"2025-06-30T09:00:26","date_gmt":"2025-06-30T07:00:26","guid":{"rendered":"https:\/\/kitabluemli.ch\/?p=30501"},"modified":"2025-05-07T12:35:42","modified_gmt":"2025-05-07T10:35:42","slug":"forschen-im-wald-entdeckungsfreude-mit-allen-sinnen-erleben","status":"publish","type":"post","link":"https:\/\/kitabluemli.ch\/en\/forschen-im-wald-entdeckungsfreude-mit-allen-sinnen-erleben\/","title":{"rendered":"Forschen im Wald \u2013 Entdeckungsfreude mit allen Sinnen erleben"},"content":{"rendered":"<p class=\"p1\">Die Natur ist das gr\u00f6sste Forschungslabor, das Kindern zur Verf\u00fcgung steht. Beim <span class=\"s1\"><b>Forschen im Wald<\/b><\/span> erleben sie, wie spannend Lernen sein kann \u2013 direkt vor ihren Augen, mit den eigenen H\u00e4nden und im eigenen Tempo.<\/p>\n<p class=\"p1\">Schon beim Ankommen beginnt das Staunen: ein Rascheln im Geb\u00fcsch, eine Schnecke auf dem Weg, ein glitzernder Tautropfen auf einem Blatt. Kinder entdecken mit offenen Sinnen, was Erwachsene oft \u00fcbersehen. Im Wald ist alles erlaubt, was neugierig macht \u2013 Fragen stellen, ausprobieren, beobachten, wiederholen.<\/p>\n<p class=\"p1\">Bei einer unserer letzten Entdeckungstouren haben die Kinder mit Begeisterung kleine Experimente durchgef\u00fchrt. In einer Kiste voll Mehl verbargen sich geheimnisvolle Zettel. Mit L\u00f6ffeln und Pinseln gruben die Kinder vorsichtig danach \u2013 wie kleine Arch\u00e4ologinnen und Forscher. Dabei trainierten sie nicht nur ihre Feinmotorik, sondern auch ihre Konzentration und ihr Durchhalteverm\u00f6gen.<\/p>\n<p class=\"p1\"><span class=\"s1\"><b>Forschen im Wald<\/b><\/span> f\u00f6rdert genau diese Eigenschaften. Es braucht Geduld, genaues Hinsehen und das Vertrauen, dass man etwas Wertvolles entdecken kann. Dabei geht es nicht um schnelle Ergebnisse, sondern um den Prozess: das gemeinsame Staunen, die geteilte Freude an einer Entdeckung, das Nachdenken \u00fcber das Warum.<\/p>\n<p class=\"p1\">Die Kinder stellen Fragen: \u201eWas ist das?\u201c, \u201eWarum klebt das?\u201c, \u201eKann man das essen?\u201c \u2013 und wir nehmen diese Fragen ernst. Manchmal haben wir Antworten, manchmal suchen wir sie gemeinsam. Dieses dialogische Lernen schafft Beziehung und weckt Lust auf mehr.<\/p>\n<p class=\"p1\">In der Kinderkrippe entsteht so ein ganz nat\u00fcrlicher Zugang zur Welt der Naturwissenschaften \u2013 ohne Druck, ohne Zielvorgaben, aber mit viel Herz und echtem Interesse. Besonders sch\u00f6n ist zu beobachten, wie unterschiedlich die Kinder an die Sache herangehen: Die einen sind vorsichtig, die anderen st\u00fcrzen sich voller Energie in die Aufgabe. Und jedes Kind hat seine eigene Art zu forschen.<\/p>\n<p class=\"p1\"><span class=\"s1\"><b>Forschen im Wald<\/b><\/span> st\u00e4rkt nicht nur die kognitive Entwicklung, sondern auch die emotionale. Denn jedes Kind erlebt: Ich kann etwas entdecken. Ich darf ausprobieren. Ich bin ein Teil dieser Welt \u2013 mit meinen Fragen, Ideen und Beobachtungen.<\/p>\n<p class=\"p1\">Wenn du mehr \u00fcber unsere naturp\u00e4dagogischen Angebote erfahren m\u00f6chtest, besuche unsere <a href=\"https:\/\/kitabluemli.ch\/en\/forest-group\/\">Waldgruppen-Seite<\/a>.<\/p>\n<p class=\"p1\">Interessiert an unserem ganzheitlichen Konzept? Dann wirf einen Blick auf unsere <a href=\"https:\/\/kitabluemli.ch\/en\/our-values\/\">Werte-Seite<\/a>.<\/p>","protected":false},"excerpt":{"rendered":"<p>Die Natur ist das gr\u00f6sste Forschungslabor, das Kindern zur Verf\u00fcgung steht. Beim Forschen im Wald erleben sie, wie spannend Lernen sein kann \u2013 direkt vor ihren Augen, mit den eigenen H\u00e4nden und im eigenen Tempo. Schon beim Ankommen beginnt das Staunen: ein Rascheln im Geb\u00fcsch, eine Schnecke auf dem Weg, ein glitzernder Tautropfen auf einem [&hellip;]<\/p>\n","protected":false},"author":2,"featured_media":30502,"comment_status":"closed","ping_status":"closed","sticky":false,"template":"","format":"standard","meta":{"footnotes":""},"categories":[520],"tags":[],"class_list":["post-30501","post","type-post","status-publish","format-standard","has-post-thumbnail","hentry","category-waldkinderkrippe-blog"],"_links":{"self":[{"href":"https:\/\/kitabluemli.ch\/en\/wp-json\/wp\/v2\/posts\/30501","targetHints":{"allow":["GET"]}}],"collection":[{"href":"https:\/\/kitabluemli.ch\/en\/wp-json\/wp\/v2\/posts"}],"about":[{"href":"https:\/\/kitabluemli.ch\/en\/wp-json\/wp\/v2\/types\/post"}],"author":[{"embeddable":true,"href":"https:\/\/kitabluemli.ch\/en\/wp-json\/wp\/v2\/users\/2"}],"replies":[{"embeddable":true,"href":"https:\/\/kitabluemli.ch\/en\/wp-json\/wp\/v2\/comments?post=30501"}],"version-history":[{"count":0,"href":"https:\/\/kitabluemli.ch\/en\/wp-json\/wp\/v2\/posts\/30501\/revisions"}],"wp:featuredmedia":[{"embeddable":true,"href":"https:\/\/kitabluemli.ch\/en\/wp-json\/wp\/v2\/media\/30502"}],"wp:attachment":[{"href":"https:\/\/kitabluemli.ch\/en\/wp-json\/wp\/v2\/media?parent=30501"}],"wp:term":[{"taxonomy":"category","embeddable":true,"href":"https:\/\/kitabluemli.ch\/en\/wp-json\/wp\/v2\/categories?post=30501"},{"taxonomy":"post_tag","embeddable":true,"href":"https:\/\/kitabluemli.ch\/en\/wp-json\/wp\/v2\/tags?post=30501"}],"curies":[{"name":"wp","href":"https:\/\/api.w.org\/{rel}","templated":true}]}}