{"id":30565,"date":"2025-07-11T12:00:34","date_gmt":"2025-07-11T10:00:34","guid":{"rendered":"https:\/\/kitabluemli.ch\/?p=30565"},"modified":"2025-07-01T17:59:17","modified_gmt":"2025-07-01T15:59:17","slug":"geburtstag-in-der-krippe-wird-zauberhaft-gefeiert","status":"publish","type":"post","link":"https:\/\/kitabluemli.ch\/en\/geburtstag-in-der-krippe-wird-zauberhaft-gefeiert\/","title":{"rendered":"Geburtstag in der Krippe wird zauberhaft gefeiert"},"content":{"rendered":"<p data-start=\"327\" data-end=\"384\"><strong data-start=\"327\" data-end=\"384\">Geburtstag in der Krippe ist ein besonderer H\u00f6hepunkt<\/strong><\/p>\n<p data-start=\"386\" data-end=\"851\">Ein Geburtstag in der Krippe ist f\u00fcr jedes Kind ein unvergesslicher Tag \u2013 ein Tag, an dem es im Mittelpunkt steht, gefeiert wird und sp\u00fcren darf: Heute geht es nur um mich. In der KiTa Bl\u00fcemli gestalten wir Geburtstage mit viel Herz, liebevollen Details und Raum f\u00fcr kindgerechte Freude. Auf dem Bild sieht man, wie das Geburtstagskind mit Krone an einem festlich gedeckten Tisch sitzt, w\u00e4hrend die Betreuerin die Torte anschneidet und alle Kinder gespannt zusehen.<\/p>\n<p data-start=\"853\" data-end=\"1227\">Die Torte ist bunt verziert, der Tisch liebevoll mit kindgerechtem Geschirr gedeckt, Ballone schm\u00fccken den Raum \u2013 es liegt sp\u00fcrbar Freude in der Luft. F\u00fcr die Kinder ist es ein ganz besonderer Moment, wenn gesungen wird, wenn alle gemeinsam essen und wenn das Geburtstagskind im Zentrum steht. Diese Rituale st\u00e4rken das Selbstbewusstsein und schaffen wertvolle Erinnerungen.<\/p>\n<p data-start=\"1229\" data-end=\"1288\"><strong data-start=\"1229\" data-end=\"1288\">Geburtstag in der Krippe st\u00e4rkt das Gemeinschaftsgef\u00fchl<\/strong><\/p>\n<p data-start=\"1290\" data-end=\"1720\">Bei der Geburtstagsfeier geht es nicht nur um das eine Kind \u2013 auch die anderen Kinder freuen sich mit. Sie singen, klatschen, helfen beim Dekorieren und erleben, wie sch\u00f6n es ist, gemeinsam etwas zu feiern. In der KiTa Bl\u00fcemli ist es uns wichtig, dass solche Anl\u00e4sse in einem ruhigen, famili\u00e4ren Rahmen stattfinden. Jedes Kind darf seine eigene kleine Feier erleben \u2013 mit vertrauten Menschen, im eigenen Tempo, ohne \u00dcberforderung.<\/p>\n<p data-start=\"1722\" data-end=\"2041\">Auch beim Vorbereiten binden wir die Kinder mit ein: Es wird gemeinsam dekoriert, gebacken, der Platz vorbereitet. Dadurch lernen die Kinder, Verantwortung zu \u00fcbernehmen, anderen eine Freude zu machen und Teil einer Gemeinschaft zu sein. Solche Erfahrungen sind elementar f\u00fcr das soziale Lernen \u2013 und machen viel Spass.<\/p>\n<p data-start=\"2043\" data-end=\"2098\"><strong data-start=\"2043\" data-end=\"2098\">Geburtstag in der Krippe mit liebevoller Gestaltung<\/strong><\/p>\n<p data-start=\"2100\" data-end=\"2482\">Jede Geburtstagsfeier in der KiTa Bl\u00fcemli ist individuell. Manche Kinder bringen einen Kuchen mit, andere feiern mit Fr\u00fcchten, wieder andere freuen sich \u00fcber ein Lied oder ein kleines Spiel. Wir orientieren uns stets an den W\u00fcnschen der Eltern und den Bed\u00fcrfnissen des Kindes. Wichtig ist uns, dass die Feier kindgerecht bleibt \u2013 nicht zu laut, nicht zu viel, sondern genau richtig.<\/p>\n<p data-start=\"2484\" data-end=\"2949\">Auf dem Bild sieht man, wie die Betreuungsperson dem Kind ein St\u00fcck Kuchen reicht, w\u00e4hrend die anderen Kinder aufmerksam und fr\u00f6hlich am Tisch sitzen. Die Atmosph\u00e4re ist ruhig, konzentriert und fr\u00f6hlich \u2013 genau so, wie ein Krippengeburtstag sein soll. Wenn du mehr dar\u00fcber erfahren m\u00f6chtest, wie wir in der KiTa Bl\u00fcemli solche besonderen Tage gestalten, findest du weitere Informationen zu unserem Alltag bei den <a class=\"\" href=\"https:\/\/kitabluemli.ch\/en\/activities\/\" target=\"_new\" rel=\"noopener\" data-start=\"2897\" data-end=\"2948\">Activities<\/a>.<\/p>\n<p data-start=\"2951\" data-end=\"3003\"><strong data-start=\"2951\" data-end=\"3003\">Geburtstag in der Krippe macht das Kind sichtbar<\/strong><\/p>\n<p data-start=\"3005\" data-end=\"3362\">Im Alltag einer Krippe mit vielen Kindern ist es wichtig, dass jedes Kind sp\u00fcrt: Ich bin einzigartig. An seinem Geburtstag darf es diese Erfahrung auf ganz besondere Weise machen. Es bekommt eine Krone, einen Platz in der Mitte, eine pers\u00f6nliche Begr\u00fcssung \u2013 und den Raum, um sich einfach zu freuen. Das st\u00e4rkt das Selbstbild und die emotionale Entwicklung.<\/p>\n<p data-start=\"3364\" data-end=\"3578\">Wenn du eine liebevolle Krippe suchst, in der dein Kind in seinem Tempo wachsen darf und solche besonderen Momente achtsam begleitet werden, findest du hier alles zur <a class=\"\" href=\"https:\/\/kitabluemli.ch\/en\/enrollment\/\" target=\"_new\" rel=\"noopener\" data-start=\"3531\" data-end=\"3577\">Enrolment<\/a>.<\/p>","protected":false},"excerpt":{"rendered":"<p>Geburtstag in der Krippe ist ein besonderer H\u00f6hepunkt Ein Geburtstag in der Krippe ist f\u00fcr jedes Kind ein unvergesslicher Tag \u2013 ein Tag, an dem es im Mittelpunkt steht, gefeiert wird und sp\u00fcren darf: Heute geht es nur um mich. In der KiTa Bl\u00fcemli gestalten wir Geburtstage mit viel Herz, liebevollen Details und Raum f\u00fcr [&hellip;]<\/p>\n","protected":false},"author":2,"featured_media":30566,"comment_status":"closed","ping_status":"closed","sticky":false,"template":"","format":"standard","meta":{"footnotes":""},"categories":[519],"tags":[],"class_list":["post-30565","post","type-post","status-publish","format-standard","has-post-thumbnail","hentry","category-kinderkrippe-blog"],"_links":{"self":[{"href":"https:\/\/kitabluemli.ch\/en\/wp-json\/wp\/v2\/posts\/30565","targetHints":{"allow":["GET"]}}],"collection":[{"href":"https:\/\/kitabluemli.ch\/en\/wp-json\/wp\/v2\/posts"}],"about":[{"href":"https:\/\/kitabluemli.ch\/en\/wp-json\/wp\/v2\/types\/post"}],"author":[{"embeddable":true,"href":"https:\/\/kitabluemli.ch\/en\/wp-json\/wp\/v2\/users\/2"}],"replies":[{"embeddable":true,"href":"https:\/\/kitabluemli.ch\/en\/wp-json\/wp\/v2\/comments?post=30565"}],"version-history":[{"count":0,"href":"https:\/\/kitabluemli.ch\/en\/wp-json\/wp\/v2\/posts\/30565\/revisions"}],"wp:featuredmedia":[{"embeddable":true,"href":"https:\/\/kitabluemli.ch\/en\/wp-json\/wp\/v2\/media\/30566"}],"wp:attachment":[{"href":"https:\/\/kitabluemli.ch\/en\/wp-json\/wp\/v2\/media?parent=30565"}],"wp:term":[{"taxonomy":"category","embeddable":true,"href":"https:\/\/kitabluemli.ch\/en\/wp-json\/wp\/v2\/categories?post=30565"},{"taxonomy":"post_tag","embeddable":true,"href":"https:\/\/kitabluemli.ch\/en\/wp-json\/wp\/v2\/tags?post=30565"}],"curies":[{"name":"wp","href":"https:\/\/api.w.org\/{rel}","templated":true}]}}