{"id":30573,"date":"2025-07-17T12:00:18","date_gmt":"2025-07-17T10:00:18","guid":{"rendered":"https:\/\/kitabluemli.ch\/?p=30573"},"modified":"2025-07-02T10:31:57","modified_gmt":"2025-07-02T08:31:57","slug":"naturentdeckung-in-der-krippe-weckt-staunen","status":"publish","type":"post","link":"https:\/\/kitabluemli.ch\/en\/naturentdeckung-in-der-krippe-weckt-staunen\/","title":{"rendered":"Naturentdeckung in der Krippe weckt Staunen"},"content":{"rendered":"<p data-start=\"360\" data-end=\"414\"><strong data-start=\"360\" data-end=\"414\">Naturentdeckung in der Krippe als Fenster zur Welt<\/strong><\/p>\n<p data-start=\"416\" data-end=\"820\">Naturentdeckung in der Krippe bedeutet f\u00fcr die Kinder der KiTa Bl\u00fcemli: mit allen Sinnen wahrnehmen, forschen und staunen. Auf dem Bild sieht man eine Gruppe Kinder, wie sie gebannt in eine kleine \u00d6ffnung zwischen Baumst\u00e4mmen blickt. Was mag sich dort verbergen? Ein K\u00e4fer? Eine Schnecke? Ein kleines Moosbeet? Solche Momente sind magisch \u2013 nicht nur f\u00fcr die Kinder, sondern auch f\u00fcr uns als Begleitende.<\/p>\n<p data-start=\"822\" data-end=\"1190\">Die Waldtage bieten eine Vielzahl an M\u00f6glichkeiten, um die nat\u00fcrliche Neugier der Kinder zu wecken. Jeder Ast, jeder Stein und jedes Blatt kann zum Anlass f\u00fcr Entdeckungen werden. Die Kinder lernen dabei nicht nur etwas \u00fcber die Natur, sondern vor allem \u00fcber sich selbst: Ich kann etwas finden, beobachten, teilen \u2013 und gemeinsam mit anderen herausfinden, was das ist.<\/p>\n<p data-start=\"1192\" data-end=\"1263\"><strong data-start=\"1192\" data-end=\"1263\">Naturentdeckung in der Krippe st\u00e4rkt Aufmerksamkeit und Achtsamkeit<\/strong><\/p>\n<p data-start=\"1265\" data-end=\"1691\">Wenn Kinder gemeinsam in der Natur unterwegs sind, sch\u00e4rfen sich ihre Sinne auf besondere Weise. Sie h\u00f6ren das Rascheln im Laub, sehen kleine Bewegungen im Unterholz, riechen feuchte Erde oder ertasten raues Holz. All das sind wertvolle Erfahrungen, die Konzentration, Wahrnehmung und Achtsamkeit f\u00f6rdern. In der KiTa Bl\u00fcemli nehmen wir uns bewusst Zeit f\u00fcr solche Momente \u2013 ohne Hast, ohne Vorgaben, ganz im Tempo der Kinder.<\/p>\n<p data-start=\"1693\" data-end=\"2084\">Das Bild zeigt eindr\u00fccklich, wie vertieft die Kinder in ihr Tun sind. Niemand dr\u00e4ngt sie, niemand erkl\u00e4rt \u2013 sie forschen, beobachten, zeigen einander, was sie entdeckt haben. Das st\u00e4rkt nicht nur ihre Selbstwirksamkeit, sondern auch das soziale Miteinander. Wer mehr \u00fcber unsere t\u00e4gliche Arbeit im Wald erfahren m\u00f6chte, findet alle Infos zur <a class=\"\" href=\"https:\/\/kitabluemli.ch\/en\/forest-group\/\" target=\"_new\" rel=\"noopener\" data-start=\"2035\" data-end=\"2083\">Forest Group<\/a>.<\/p>\n<p data-start=\"2086\" data-end=\"2144\"><strong data-start=\"2086\" data-end=\"2144\">Naturentdeckung in der Krippe als p\u00e4dagogischer Schatz<\/strong><\/p>\n<p data-start=\"2146\" data-end=\"2596\">In der Natur finden Kinder unz\u00e4hlige Anl\u00e4sse f\u00fcr Bildungsprozesse \u2013 und das ganz ohne vorbereitetes Material. Die Umgebung selbst bietet alles, was sie brauchen: Strukturen, Ver\u00e4nderungen, kleine Herausforderungen, aber auch Ruhe. Unsere Fachpersonen begleiten diese Lernmomente mit wachen Augen und viel p\u00e4dagogischem Feingef\u00fchl. Sie greifen Ideen auf, stellen offene Fragen oder geben Impulse \u2013 aber sie lassen den Kindern Raum, selbst zu forschen.<\/p>\n<p data-start=\"2598\" data-end=\"2920\">Besonders wichtig ist uns dabei, dass jedes Kind in seinem Tempo lernen darf. Einige schauen erst von Weitem zu, andere sind sofort mittendrin. Einige Kinder interessieren sich f\u00fcr Tiere, andere f\u00fcr Pflanzen oder f\u00fcr das Spiel mit Erde und Wasser. Die Natur erlaubt Vielfalt \u2013 und wir nutzen das mit grosser Wertsch\u00e4tzung.<\/p>\n<p data-start=\"2922\" data-end=\"2986\"><strong data-start=\"2922\" data-end=\"2986\">Naturentdeckung in der Krippe schafft bleibende Erinnerungen<\/strong><\/p>\n<p data-start=\"2988\" data-end=\"3345\">Was Kinder im Wald erleben, pr\u00e4gt sie oft ein Leben lang. Die Begegnung mit einem Regenwurm, das Versteckspiel hinter Baumst\u00e4mmen oder das Staunen \u00fcber einen Ameisenh\u00fcgel \u2013 all das sind Erlebnisse, die sich tief einpr\u00e4gen. Sie machen Kinder sensibel f\u00fcr ihre Umwelt, f\u00f6rdern Respekt vor der Natur und st\u00e4rken das Gef\u00fchl, Teil eines gr\u00f6sseren Ganzen zu sein.<\/p>\n<p data-start=\"3347\" data-end=\"3633\">In der KiTa Bl\u00fcemli ist die Natur kein Zusatzangebot, sondern ein fester Bestandteil unseres Alltags. Wer f\u00fcr sein Kind eine Krippe sucht, in der Naturerfahrung und ganzheitliche F\u00f6rderung Hand in Hand gehen, findet hier weitere Infos zur <a class=\"\" href=\"https:\/\/kitabluemli.ch\/en\/enrollment\/\" target=\"_new\" rel=\"noopener\" data-start=\"3586\" data-end=\"3632\">Enrolment<\/a>.<\/p>","protected":false},"excerpt":{"rendered":"<p>Naturentdeckung in der Krippe als Fenster zur Welt Naturentdeckung in der Krippe bedeutet f\u00fcr die Kinder der KiTa Bl\u00fcemli: mit allen Sinnen wahrnehmen, forschen und staunen. Auf dem Bild sieht man eine Gruppe Kinder, wie sie gebannt in eine kleine \u00d6ffnung zwischen Baumst\u00e4mmen blickt. Was mag sich dort verbergen? Ein K\u00e4fer? Eine Schnecke? Ein kleines [&hellip;]<\/p>\n","protected":false},"author":2,"featured_media":30574,"comment_status":"closed","ping_status":"closed","sticky":false,"template":"","format":"standard","meta":{"footnotes":""},"categories":[520],"tags":[],"class_list":["post-30573","post","type-post","status-publish","format-standard","has-post-thumbnail","hentry","category-waldkinderkrippe-blog"],"_links":{"self":[{"href":"https:\/\/kitabluemli.ch\/en\/wp-json\/wp\/v2\/posts\/30573","targetHints":{"allow":["GET"]}}],"collection":[{"href":"https:\/\/kitabluemli.ch\/en\/wp-json\/wp\/v2\/posts"}],"about":[{"href":"https:\/\/kitabluemli.ch\/en\/wp-json\/wp\/v2\/types\/post"}],"author":[{"embeddable":true,"href":"https:\/\/kitabluemli.ch\/en\/wp-json\/wp\/v2\/users\/2"}],"replies":[{"embeddable":true,"href":"https:\/\/kitabluemli.ch\/en\/wp-json\/wp\/v2\/comments?post=30573"}],"version-history":[{"count":0,"href":"https:\/\/kitabluemli.ch\/en\/wp-json\/wp\/v2\/posts\/30573\/revisions"}],"wp:featuredmedia":[{"embeddable":true,"href":"https:\/\/kitabluemli.ch\/en\/wp-json\/wp\/v2\/media\/30574"}],"wp:attachment":[{"href":"https:\/\/kitabluemli.ch\/en\/wp-json\/wp\/v2\/media?parent=30573"}],"wp:term":[{"taxonomy":"category","embeddable":true,"href":"https:\/\/kitabluemli.ch\/en\/wp-json\/wp\/v2\/categories?post=30573"},{"taxonomy":"post_tag","embeddable":true,"href":"https:\/\/kitabluemli.ch\/en\/wp-json\/wp\/v2\/tags?post=30573"}],"curies":[{"name":"wp","href":"https:\/\/api.w.org\/{rel}","templated":true}]}}