{"id":30595,"date":"2025-07-26T12:00:31","date_gmt":"2025-07-26T10:00:31","guid":{"rendered":"https:\/\/kitabluemli.ch\/?p=30595"},"modified":"2025-07-22T11:58:15","modified_gmt":"2025-07-22T09:58:15","slug":"botanischer-garten-begeistert-kinderherzen","status":"publish","type":"post","link":"https:\/\/kitabluemli.ch\/en\/botanischer-garten-begeistert-kinderherzen\/","title":{"rendered":"Botanischer Garten begeistert Kinderherzen"},"content":{"rendered":"<p data-start=\"112\" data-end=\"197\"><strong data-start=\"112\" data-end=\"197\">Botanischer Garten \u2013 ein p\u00e4dagogisches Naturerlebnis f\u00fcr unsere kleinen Entdecker<\/strong><\/p>\n<p data-start=\"199\" data-end=\"756\">Botanischer Garten \u2013 allein dieser Begriff weckt Neugier, Staunen und jede Menge Abenteuerlust bei den Kindern der KiTa Bl\u00fcemli. Unser letzter Ausflug f\u00fchrte unsere neugierigen Wald- und Krippenkinder direkt in diese gr\u00fcne Wunderwelt mitten in Z\u00fcrich. In ihren leuchtend gelben Sicherheitswesten machten sich die Kinder mit gl\u00e4nzenden Augen und offenen Sinnen auf den Weg. Ziel war nicht nur die Begegnung mit exotischen Pflanzen und Tieren, sondern vor allem das bewusste Erleben und Verstehen der Natur \u2013 ein zentraler Aspekt unserer p\u00e4dagogischen Arbeit.<\/p>\n<p data-start=\"758\" data-end=\"828\"><strong data-start=\"758\" data-end=\"828\">Botanischer Garten als Lernfeld: Kinder entdecken mit allen Sinnen<\/strong><\/p>\n<p data-start=\"830\" data-end=\"1210\">Bereits beim Betreten des Botanischen Gartens verwandelte sich der Ausflug in ein echtes Naturabenteuer. Das erste Staunen galt den riesigen B\u00e4umen, die wie gr\u00fcne Riesen \u00fcber den kleinen Forscherinnen und Forschern wachten. Die Kinder hielten immer wieder an, f\u00fchlten mit ihren H\u00e4nden \u00fcber raue Rinden, h\u00f6rten das Rauschen der Bl\u00e4tter und bestaunten die Vielfalt der Bl\u00fctenfarben.<\/p>\n<p data-start=\"1212\" data-end=\"1660\">Die tropischen Gew\u00e4chsh\u00e4user waren ein besonderes Highlight. Hier wurden die Sinne gesch\u00e4rft: feuchte, warme Luft, unbekannte D\u00fcfte, riesige Bl\u00e4tter und bunte Fische in Aquarien \u2013 alles war neu und faszinierend. Die Kinder lernten durch Beobachtung und spontane Fragen, begleitet durch die liebevolle und kindgerechte Erkl\u00e4rung unserer Fachpersonen Betreuung. So konnten wir gezielt Wissen vermitteln, ohne den Entdeckergeist der Kinder zu bremsen.<\/p>\n<p data-start=\"1662\" data-end=\"1736\"><strong data-start=\"1662\" data-end=\"1736\">Naturp\u00e4dagogik im Alltag der KiTa Bl\u00fcemli \u2013 auch ausserhalb des Waldes<\/strong><\/p>\n<p data-start=\"1738\" data-end=\"2097\">In der KiTa Bl\u00fcemli spielt Naturp\u00e4dagogik eine zentrale Rolle. W\u00e4hrend unser Waldangebot bereits t\u00e4glich die Verbindung zur Natur st\u00e4rkt, bieten Ausfl\u00fcge wie dieser in den Botanischen Garten eine wichtige Erweiterung. Die Umgebung im Garten war ruhiger als ein Stadtpark, strukturierter als der Wald, aber gleichzeitig genauso reich an nat\u00fcrlichen Lernreizen.<\/p>\n<p data-start=\"2099\" data-end=\"2430\">Die Kinder erfuhren etwa, warum Kakteen Wasser speichern, wie Bananen wachsen oder was Moose brauchen, um zu gedeihen. Spielerisch wurden Unterschiede zwischen tropischem und heimischem Pflanzenwuchs entdeckt. Einige Kinder berichteten ganz aufgeregt von Pflanzen, die sie aus Bilderb\u00fcchern kannten \u2013 und nun in echt sehen durften!<\/p>\n<p data-start=\"2432\" data-end=\"2486\"><strong data-start=\"2432\" data-end=\"2486\">Gemeinsames Staunen f\u00f6rdert die emotionale Bindung<\/strong><\/p>\n<p data-start=\"2488\" data-end=\"2976\">Ein besonders sch\u00f6ner Moment entstand vor einem riesigen Aquarium mit Wasserpflanzen und kleinen Fischen. Vier Kinder standen eng beieinander, fast and\u00e4chtig, mit der Stirn fast an der Scheibe. \u201eSchau, der Fisch tanzt!\u201c, fl\u00fcsterte eines der Kinder. Solche Momente zeigen uns, wie tief Kinder von Naturph\u00e4nomenen ber\u00fchrt werden. Dieses stille Staunen, gepaart mit echtem Interesse, l\u00e4sst emotionale Bindungen entstehen \u2013 nicht nur zu den Betreuenden, sondern auch unter den Kindern selbst.<\/p>\n<p data-start=\"2978\" data-end=\"3291\">Unsere Fachpersonen nutzen diese intensiven Erlebnisse, um Gespr\u00e4che anzuregen, Emotionen zu benennen und soziale Kompetenzen zu f\u00f6rdern. Wer wartet, bis ein anderer Kind fertig geschaut hat, wer R\u00fccksicht nimmt und sich zur\u00fccknimmt \u2013 auch das sind wichtige Lerneffekte, die \u00fcber das rein Inhaltliche hinausgehen.<\/p>\n<p data-start=\"3293\" data-end=\"3341\"><strong data-start=\"3293\" data-end=\"3341\">P\u00e4dagogisch wertvoll und nachhaltig erlebbar<\/strong><\/p>\n<p data-start=\"3343\" data-end=\"3686\">Der Besuch im Botanischen Garten war nicht nur ein spannender Ausflug, sondern ein p\u00e4dagogisches Erlebnis mit nachhaltiger Wirkung. Viele Kinder griffen am n\u00e4chsten Tag in der KiTa spontan zu Bilderb\u00fcchern \u00fcber Pflanzen oder malten Szenen aus dem Tropenhaus. Einige sammelten im Wald gezielt Bl\u00e4tter, um sie mit denen im Garten zu vergleichen.<\/p>\n<p data-start=\"3688\" data-end=\"3928\">Durch diese nat\u00fcrliche Verkn\u00fcpfung von Erlebtem und Verarbeitetem festigt sich Wissen nachhaltig \u2013 ein Grundprinzip der ganzheitlichen F\u00f6rderung, wie wir sie bei <a class=\"\" href=\"https:\/\/kitabluemli.ch\/en\/activities\/\" target=\"_new\" rel=\"noopener\" data-start=\"3850\" data-end=\"3913\">uns in der KiTa Bl\u00fcemli<\/a> t\u00e4glich leben.<\/p>\n<p data-start=\"3930\" data-end=\"3986\"><strong data-start=\"3930\" data-end=\"3986\">Einblick in den KiTa-Alltag f\u00fcr interessierte Eltern<\/strong><\/p>\n<p data-start=\"3988\" data-end=\"4366\">Ausfl\u00fcge wie dieser sind Teil unseres vielf\u00e4ltigen Angebots. Sie erm\u00f6glichen den Kindern, sich als aktive Mitgestalter ihrer Umwelt zu erleben, f\u00f6rdern motorische, sprachliche und soziale F\u00e4higkeiten und wecken fr\u00fch das Interesse f\u00fcr biologische Zusammenh\u00e4nge. Dabei achten wir stets darauf, dass alle Kinder altersgerecht einbezogen werden \u2013 vom Krippenkind bis zur Waldgruppe.<\/p>\n<p data-start=\"4368\" data-end=\"4691\">M\u00f6chten Sie mehr \u00fcber unsere w\u00f6chentlichen Aktivit\u00e4ten erfahren oder Ihr Kind bei uns anmelden? Dann besuchen Sie gern unsere <a class=\"\" href=\"https:\/\/kitabluemli.ch\/en\/enrollment\/\" target=\"_new\" rel=\"noopener\" data-start=\"4494\" data-end=\"4543\">Anmeldeseite<\/a> oder werfen Sie einen Blick auf <a class=\"\" href=\"https:\/\/kitabluemli.ch\/en\/our-values\/\" target=\"_new\" rel=\"noopener\" data-start=\"4576\" data-end=\"4628\">our values.<\/a>, die jeden Tag in unserer p\u00e4dagogischen Arbeit sp\u00fcrbar sind.<\/p>","protected":false},"excerpt":{"rendered":"<p>Botanischer Garten \u2013 ein p\u00e4dagogisches Naturerlebnis f\u00fcr unsere kleinen Entdecker Botanischer Garten \u2013 allein dieser Begriff weckt Neugier, Staunen und jede Menge Abenteuerlust bei den Kindern der KiTa Bl\u00fcemli. Unser letzter Ausflug f\u00fchrte unsere neugierigen Wald- und Krippenkinder direkt in diese gr\u00fcne Wunderwelt mitten in Z\u00fcrich. In ihren leuchtend gelben Sicherheitswesten machten sich die Kinder [&hellip;]<\/p>\n","protected":false},"author":2,"featured_media":30597,"comment_status":"closed","ping_status":"closed","sticky":false,"template":"","format":"standard","meta":{"footnotes":""},"categories":[519],"tags":[],"class_list":["post-30595","post","type-post","status-publish","format-standard","has-post-thumbnail","hentry","category-kinderkrippe-blog"],"_links":{"self":[{"href":"https:\/\/kitabluemli.ch\/en\/wp-json\/wp\/v2\/posts\/30595","targetHints":{"allow":["GET"]}}],"collection":[{"href":"https:\/\/kitabluemli.ch\/en\/wp-json\/wp\/v2\/posts"}],"about":[{"href":"https:\/\/kitabluemli.ch\/en\/wp-json\/wp\/v2\/types\/post"}],"author":[{"embeddable":true,"href":"https:\/\/kitabluemli.ch\/en\/wp-json\/wp\/v2\/users\/2"}],"replies":[{"embeddable":true,"href":"https:\/\/kitabluemli.ch\/en\/wp-json\/wp\/v2\/comments?post=30595"}],"version-history":[{"count":0,"href":"https:\/\/kitabluemli.ch\/en\/wp-json\/wp\/v2\/posts\/30595\/revisions"}],"wp:featuredmedia":[{"embeddable":true,"href":"https:\/\/kitabluemli.ch\/en\/wp-json\/wp\/v2\/media\/30597"}],"wp:attachment":[{"href":"https:\/\/kitabluemli.ch\/en\/wp-json\/wp\/v2\/media?parent=30595"}],"wp:term":[{"taxonomy":"category","embeddable":true,"href":"https:\/\/kitabluemli.ch\/en\/wp-json\/wp\/v2\/categories?post=30595"},{"taxonomy":"post_tag","embeddable":true,"href":"https:\/\/kitabluemli.ch\/en\/wp-json\/wp\/v2\/tags?post=30595"}],"curies":[{"name":"wp","href":"https:\/\/api.w.org\/{rel}","templated":true}]}}