{"id":30600,"date":"2025-07-29T12:00:57","date_gmt":"2025-07-29T10:00:57","guid":{"rendered":"https:\/\/kitabluemli.ch\/?p=30600"},"modified":"2025-07-22T12:05:36","modified_gmt":"2025-07-22T10:05:36","slug":"waldgruppe-inspiriert-mit-echter-abenteuerlust","status":"publish","type":"post","link":"https:\/\/kitabluemli.ch\/en\/waldgruppe-inspiriert-mit-echter-abenteuerlust\/","title":{"rendered":"Waldgruppe inspiriert mit echter Abenteuerlust"},"content":{"rendered":"<p data-start=\"108\" data-end=\"162\"><strong data-start=\"108\" data-end=\"162\">Waldgruppe \u2013 lebendiges Lernen unter freiem Himmel<\/strong><\/p>\n<p data-start=\"164\" data-end=\"619\">Waldgruppe \u2013 bei uns in der KiTa Bl\u00fcemli bedeutet das nicht nur Gummistiefel, Rucks\u00e4cke und Matschhosen, sondern vor allem echtes Abenteuer, soziale Entwicklung und intensive Naturerfahrungen. Auf dem Bild sehen wir unsere Waldkinder bei einer wohlverdienten Pause \u2013 ein Moment der Ruhe nach einem ereignisreichen Vormittag im Gr\u00fcnen. Doch hinter dieser kurzen Verschnaufpause steckt ein ganzes p\u00e4dagogisches Konzept, das den Kita-Alltag nachhaltig pr\u00e4gt.<\/p>\n<p data-start=\"621\" data-end=\"673\"><strong data-start=\"621\" data-end=\"673\">Waldgruppe f\u00f6rdert Selbst\u00e4ndigkeit und Teamgeist<\/strong><\/p>\n<p data-start=\"675\" data-end=\"1144\">Schon fr\u00fch am Morgen machen sich unsere Waldgruppen-Kinder auf den Weg \u2013 gut ausger\u00fcstet mit wetterfester Kleidung, Zn\u00fcni im Rucksack und einer grossen Portion Entdeckerlust im Herzen. Jeden Tag geht es in den nahegelegenen Wald, wo wir gemeinsam mit den Kindern neue Pfade erkunden, Tiere beobachten, Spuren lesen oder Laubhaufen untersuchen. Diese t\u00e4glichen Ausfl\u00fcge sind fester Bestandteil unseres Alltags und f\u00f6rdern weit mehr als nur Bewegung an der frischen Luft.<\/p>\n<p data-start=\"1146\" data-end=\"1564\">Die Kinder lernen, Verantwortung zu \u00fcbernehmen \u2013 sei es beim Tragen des eigenen Rucksacks oder beim Warten auf die Gruppe. Sie helfen sich gegenseitig, motivieren sich bei schwierigen Wegen und erleben, wie wertvoll Zusammenarbeit ist. Genau solche sozialen Kompetenzen sind es, die uns in der KiTa Bl\u00fcemli besonders wichtig sind. Und das Beste daran: Die Kinder lernen das alles ganz nebenbei \u2013 durch eigenes Erleben.<\/p>\n<p data-start=\"1566\" data-end=\"1619\"><strong data-start=\"1566\" data-end=\"1619\">Waldgruppe als nat\u00fcrlicher Lernort f\u00fcr alle Sinne<\/strong><\/p>\n<p data-start=\"1621\" data-end=\"2107\">Die Natur ist der gr\u00f6sste Spielplatz und gleichzeitig der beste Lernort. Kein Raum ist so vielseitig wie der Wald: Hier ver\u00e4ndert sich t\u00e4glich etwas. Die Jahreszeiten bringen neue Farben, Ger\u00fcche, Ger\u00e4usche und Tiere mit sich. Gerade diese Vielfalt spricht alle Sinne an und regt die kindliche Neugier kontinuierlich an. Wenn Kinder mit der Lupe Insekten betrachten oder mit St\u00f6cken eigene Bauwerke errichten, dann ist das nicht nur Spiel, sondern tiefes, erfahrungsorientiertes Lernen.<\/p>\n<p data-start=\"2109\" data-end=\"2409\">Wissenschaftliche Studien zeigen, dass Lernen in der Natur besonders effektiv ist, weil es mit Emotionen, Bewegung und Selbstwirksamkeit verbunden ist. All das geschieht ganz automatisch in unserer Waldgruppe \u2013 und wir begleiten die Kinder mit viel Aufmerksamkeit, Geduld und p\u00e4dagogischer Intuition.<\/p>\n<p data-start=\"2411\" data-end=\"2469\"><strong data-start=\"2411\" data-end=\"2469\">Rituale schaffen Sicherheit und Struktur im Waldalltag<\/strong><\/p>\n<p data-start=\"2471\" data-end=\"3018\">Auch wenn der Wald t\u00e4glich neue \u00dcberraschungen bereith\u00e4lt, ist eine klare Struktur f\u00fcr unsere kleinen Abenteurer wichtig. Deshalb arbeiten wir mit festen Ritualen: Der Tag beginnt mit einem Begr\u00fcssungskreis, bei dem jedes Kind zu Wort kommt. Danach erkunden wir gemeinsam den Wald oder bleiben an einem festen Platz, der gerade besonders spannend ist. Vor dem Zn\u00fcni waschen wir H\u00e4nde mit Wasser aus der Thermosflasche, danach gibt es eine gemeinsame St\u00e4rkung. Diese Abl\u00e4ufe schaffen Sicherheit und Orientierung \u2013 vor allem f\u00fcr die j\u00fcngeren Kinder.<\/p>\n<p data-start=\"3020\" data-end=\"3362\">Solche klaren Rahmenbedingungen erm\u00f6glichen es den Kindern, sich frei und kreativ zu entfalten. Sie wissen, was sie erwartet, und k\u00f6nnen sich dadurch voll auf ihre Entdeckungen konzentrieren. Gleichzeitig f\u00f6rdern die Rituale auch die Sprachentwicklung und das soziale Miteinander \u2013 denn jede Stimme z\u00e4hlt, jedes Bed\u00fcrfnis wird ernst genommen.<\/p>\n<p data-start=\"3364\" data-end=\"3420\"><strong data-start=\"3364\" data-end=\"3420\">Waldp\u00e4dagogik ist Herzst\u00fcck unserer Kita-Philosophie<\/strong><\/p>\n<p data-start=\"3422\" data-end=\"3927\">Die Waldgruppe ist nicht einfach ein Zusatzangebot \u2013 sie ist integraler Bestandteil unseres p\u00e4dagogischen Konzepts. Uns ist es wichtig, dass Kinder ihre Umwelt nicht nur aus B\u00fcchern oder Erz\u00e4hlungen kennen, sondern mit allen Sinnen erleben. Das st\u00e4rkt nicht nur das Naturverst\u00e4ndnis, sondern auch das Selbstbewusstsein. Ein Kind, das bei Regen einen H\u00fcgel hinaufklettert, im Matsch springt oder eine Schnecke entdeckt, macht intensive Selbsterfahrungen \u2013 und genau das ist der Kern kindlicher Entwicklung.<\/p>\n<p data-start=\"3929\" data-end=\"4201\">Mehr zu unserem ganzheitlichen Ansatz und wie wir Naturp\u00e4dagogik in den Alltag integrieren, erfahren Sie auf unserer Seite zur <a class=\"\" href=\"https:\/\/kitabluemli.ch\/en\/forest-group\/\" target=\"_new\" rel=\"noopener\" data-start=\"4056\" data-end=\"4104\">Forest Group<\/a>. Dort finden Sie auch Einblicke in unsere Tagesstruktur, Ziele und p\u00e4dagogischen Grundhaltungen.<\/p>\n<p data-start=\"4203\" data-end=\"4255\"><strong data-start=\"4203\" data-end=\"4255\">Ein Ort, an dem Kindsein noch Abenteuer bedeutet<\/strong><\/p>\n<p data-start=\"4257\" data-end=\"4550\">Die Aufnahme dieses Moments \u2013 sieben Kinder nebeneinander auf dem Randstein sitzend, die Schuhe ein wenig verschmutzt, die Gesichter m\u00fcde, aber gl\u00fccklich \u2013 fasst all das zusammen, wof\u00fcr unsere Waldgruppe steht: Freiheit, Gemeinschaft und das wertvolle Gef\u00fchl, Teil von etwas Grossem zu sein.<\/p>\n<p data-start=\"4552\" data-end=\"4926\">M\u00f6chten Sie Ihr Kind bei uns anmelden und den Kita-Alltag mitgestalten? Dann freuen wir uns \u00fcber Ihre Anfrage \u00fcber unser <a class=\"\" href=\"https:\/\/kitabluemli.ch\/en\/enrollment\/\" target=\"_new\" rel=\"noopener\" data-start=\"4673\" data-end=\"4725\">Anmeldeformular<\/a>. Lernen Sie unser engagiertes <a class=\"\" href=\"https:\/\/kitabluemli.ch\/en\/team\/\" target=\"_new\" rel=\"noopener\" data-start=\"4756\" data-end=\"4792\">Team<\/a> kennen und entdecken Sie weitere <a class=\"\" href=\"https:\/\/kitabluemli.ch\/en\/activities\/\" target=\"_new\" rel=\"noopener\" data-start=\"4826\" data-end=\"4877\">Activities<\/a>, die Kinderaugen t\u00e4glich zum Leuchten bringen.<\/p>","protected":false},"excerpt":{"rendered":"<p>Waldgruppe \u2013 lebendiges Lernen unter freiem Himmel Waldgruppe \u2013 bei uns in der KiTa Bl\u00fcemli bedeutet das nicht nur Gummistiefel, Rucks\u00e4cke und Matschhosen, sondern vor allem echtes Abenteuer, soziale Entwicklung und intensive Naturerfahrungen. Auf dem Bild sehen wir unsere Waldkinder bei einer wohlverdienten Pause \u2013 ein Moment der Ruhe nach einem ereignisreichen Vormittag im Gr\u00fcnen. [&hellip;]<\/p>\n","protected":false},"author":2,"featured_media":30601,"comment_status":"closed","ping_status":"closed","sticky":false,"template":"","format":"standard","meta":{"footnotes":""},"categories":[520],"tags":[],"class_list":["post-30600","post","type-post","status-publish","format-standard","has-post-thumbnail","hentry","category-waldkinderkrippe-blog"],"_links":{"self":[{"href":"https:\/\/kitabluemli.ch\/en\/wp-json\/wp\/v2\/posts\/30600","targetHints":{"allow":["GET"]}}],"collection":[{"href":"https:\/\/kitabluemli.ch\/en\/wp-json\/wp\/v2\/posts"}],"about":[{"href":"https:\/\/kitabluemli.ch\/en\/wp-json\/wp\/v2\/types\/post"}],"author":[{"embeddable":true,"href":"https:\/\/kitabluemli.ch\/en\/wp-json\/wp\/v2\/users\/2"}],"replies":[{"embeddable":true,"href":"https:\/\/kitabluemli.ch\/en\/wp-json\/wp\/v2\/comments?post=30600"}],"version-history":[{"count":0,"href":"https:\/\/kitabluemli.ch\/en\/wp-json\/wp\/v2\/posts\/30600\/revisions"}],"wp:featuredmedia":[{"embeddable":true,"href":"https:\/\/kitabluemli.ch\/en\/wp-json\/wp\/v2\/media\/30601"}],"wp:attachment":[{"href":"https:\/\/kitabluemli.ch\/en\/wp-json\/wp\/v2\/media?parent=30600"}],"wp:term":[{"taxonomy":"category","embeddable":true,"href":"https:\/\/kitabluemli.ch\/en\/wp-json\/wp\/v2\/categories?post=30600"},{"taxonomy":"post_tag","embeddable":true,"href":"https:\/\/kitabluemli.ch\/en\/wp-json\/wp\/v2\/tags?post=30600"}],"curies":[{"name":"wp","href":"https:\/\/api.w.org\/{rel}","templated":true}]}}