{"id":30603,"date":"2025-08-01T12:00:50","date_gmt":"2025-08-01T10:00:50","guid":{"rendered":"https:\/\/kitabluemli.ch\/?p=30603"},"modified":"2025-07-22T12:28:42","modified_gmt":"2025-07-22T10:28:42","slug":"1-august-freude-fuer-die-ganze-familie","status":"publish","type":"post","link":"https:\/\/kitabluemli.ch\/en\/1-august-freude-fuer-die-ganze-familie\/","title":{"rendered":"1. August Freude f\u00fcr die ganze Familie"},"content":{"rendered":"<p data-start=\"100\" data-end=\"142\"><strong data-start=\"100\" data-end=\"142\">1. August Freude f\u00fcr die ganze Familie<\/strong><\/p>\n<ol data-start=\"144\" data-end=\"487\">\n<li data-start=\"144\" data-end=\"487\">\n<p data-start=\"147\" data-end=\"487\">August \u2013 dieses besondere Datum ist nicht nur der Nationalfeiertag der Schweiz, sondern auch ein sch\u00f6ner Moment f\u00fcr Familien, um gemeinsame Zeit zu geniessen. Auch wir von der <strong data-start=\"323\" data-end=\"339\">KiTa Bl\u00fcemli<\/strong> w\u00fcnschen allen Familien, Kindern und unserem ganzen Team einen wundervollen und erholsamen 1. August voller Licht, Lachen und sch\u00f6nen Erinnerungen.<\/p>\n<\/li>\n<\/ol>\n<p data-start=\"489\" data-end=\"958\">Bei uns in der <strong data-start=\"504\" data-end=\"538\">KiTa Bl\u00fcemli in Z\u00fcrich Witikon<\/strong> feiern wir Gemeinschaft, Naturverbundenheit und kindliche Freude das ganze Jahr \u00fcber \u2013 doch zum Nationalfeiertag g\u00f6nnen auch wir uns eine kleine Pause. Unsere T\u00fcren bleiben deshalb am 1. August geschlossen, damit alle \u2013 Gross und Klein \u2013 diesen Tag mit ihren Liebsten verbringen k\u00f6nnen. Nach dieser kleinen Verschnaufpause freuen wir uns darauf, euch ab dem <strong data-start=\"897\" data-end=\"929\">4. August wieder wie gewohnt<\/strong> bei uns begr\u00fcssen zu d\u00fcrfen!<\/p>\n<p data-start=\"960\" data-end=\"1449\">Der 1. August bietet viele Gelegenheiten f\u00fcr Kinder, spielerisch mehr \u00fcber die Schweiz zu lernen \u2013 sei es durch das Basteln von F\u00e4hnchen, kleine Laternenumz\u00fcge am Abend oder das gemeinsame Staunen \u00fcber das Feuerwerk. Viele Familien nutzen diesen Feiertag f\u00fcr Ausfl\u00fcge ins Gr\u00fcne, Picknicks oder einfach, um in Ruhe Zeit miteinander zu verbringen. Genau dieses Familiengef\u00fchl, diese N\u00e4he zur Natur und die Freude an kleinen Alltagsmomenten pr\u00e4gen auch den Alltag bei uns in der KiTa Bl\u00fcemli.<\/p>\n<p data-start=\"1451\" data-end=\"1980\">Auch wenn wir heute nicht ge\u00f6ffnet haben, m\u00f6chten wir diesen Tag zum Anlass nehmen, allen Familien unserer Kita, unserem engagierten Team sowie allen Kindern von Herzen <strong data-start=\"1620\" data-end=\"1629\">Danke<\/strong> zu sagen \u2013 f\u00fcr das Vertrauen, f\u00fcr die vielen gemeinsamen Erlebnisse und f\u00fcr jedes L\u00e4cheln, das unser Haus t\u00e4glich erf\u00fcllt. Die t\u00e4gliche Arbeit mit den Kindern ist f\u00fcr uns mehr als ein Beruf \u2013 sie ist eine Herzensangelegenheit. Deshalb freuen wir uns umso mehr darauf, am 4. August wieder voller Energie und Begeisterung in den Kita-Alltag zu starten.<\/p>\n<p data-start=\"1982\" data-end=\"2520\">Wer mehr \u00fcber unsere Philosophie, unsere Angebote oder unsere liebevollen Gruppenstrukturen erfahren m\u00f6chte, findet viele spannende Einblicke auf unserer Website \u2013 zum Beispiel unter <a class=\"\" href=\"https:\/\/kitabluemli.ch\/en\/our-values\/\" target=\"_new\" rel=\"noopener\" data-start=\"2165\" data-end=\"2241\">https:\/\/kitabluemli.ch\/unsere-werte\/<\/a> oder <a class=\"\" href=\"https:\/\/kitabluemli.ch\/en\/activities\/\" target=\"_new\" rel=\"noopener\" data-start=\"2247\" data-end=\"2323\">https:\/\/kitabluemli.ch\/aktivitaeten\/<\/a>. Dort zeigen wir, wie vielseitig, naturverbunden und herzlich unser Alltag gestaltet ist \u2013 egal, ob in der <strong data-start=\"2431\" data-end=\"2445\">Forest Group<\/strong>, der <strong data-start=\"2451\" data-end=\"2465\">Baby Group<\/strong> oder bei den englischsprachigen Aktivit\u00e4ten.<\/p>\n<p data-start=\"2522\" data-end=\"2768\">Wir w\u00fcnschen euch allen einen <strong data-start=\"2552\" data-end=\"2579\">wundersch\u00f6nen 1. August<\/strong> mit ganz viel Familienzeit, leuchtenden Kinderaugen und vielleicht sogar einem kleinen Feuerwerk am Abend. Ab dem 4. August sind wir wieder voller Freude und mit offenen Armen f\u00fcr euch da.<\/p>\n<p data-start=\"2770\" data-end=\"2814\">Herzliche Gr\u00fcsse<br data-start=\"2786\" data-end=\"2789\" \/>Euer KiTa Bl\u00fcemli Team<\/p>","protected":false},"excerpt":{"rendered":"<p>1. August Freude f\u00fcr die ganze Familie August \u2013 dieses besondere Datum ist nicht nur der Nationalfeiertag der Schweiz, sondern auch ein sch\u00f6ner Moment f\u00fcr Familien, um gemeinsame Zeit zu geniessen. Auch wir von der KiTa Bl\u00fcemli w\u00fcnschen allen Familien, Kindern und unserem ganzen Team einen wundervollen und erholsamen 1. August voller Licht, Lachen und [&hellip;]<\/p>\n","protected":false},"author":2,"featured_media":30604,"comment_status":"closed","ping_status":"closed","sticky":false,"template":"","format":"standard","meta":{"footnotes":""},"categories":[1],"tags":[],"class_list":["post-30603","post","type-post","status-publish","format-standard","has-post-thumbnail","hentry","category-allgemein-blog"],"_links":{"self":[{"href":"https:\/\/kitabluemli.ch\/en\/wp-json\/wp\/v2\/posts\/30603","targetHints":{"allow":["GET"]}}],"collection":[{"href":"https:\/\/kitabluemli.ch\/en\/wp-json\/wp\/v2\/posts"}],"about":[{"href":"https:\/\/kitabluemli.ch\/en\/wp-json\/wp\/v2\/types\/post"}],"author":[{"embeddable":true,"href":"https:\/\/kitabluemli.ch\/en\/wp-json\/wp\/v2\/users\/2"}],"replies":[{"embeddable":true,"href":"https:\/\/kitabluemli.ch\/en\/wp-json\/wp\/v2\/comments?post=30603"}],"version-history":[{"count":0,"href":"https:\/\/kitabluemli.ch\/en\/wp-json\/wp\/v2\/posts\/30603\/revisions"}],"wp:featuredmedia":[{"embeddable":true,"href":"https:\/\/kitabluemli.ch\/en\/wp-json\/wp\/v2\/media\/30604"}],"wp:attachment":[{"href":"https:\/\/kitabluemli.ch\/en\/wp-json\/wp\/v2\/media?parent=30603"}],"wp:term":[{"taxonomy":"category","embeddable":true,"href":"https:\/\/kitabluemli.ch\/en\/wp-json\/wp\/v2\/categories?post=30603"},{"taxonomy":"post_tag","embeddable":true,"href":"https:\/\/kitabluemli.ch\/en\/wp-json\/wp\/v2\/tags?post=30603"}],"curies":[{"name":"wp","href":"https:\/\/api.w.org\/{rel}","templated":true}]}}