{"id":30607,"date":"2025-08-04T12:00:49","date_gmt":"2025-08-04T10:00:49","guid":{"rendered":"https:\/\/kitabluemli.ch\/?p=30607"},"modified":"2025-07-22T12:34:05","modified_gmt":"2025-07-22T10:34:05","slug":"waldgruppe-abenteuer-fuer-glueckliche-kinder","status":"publish","type":"post","link":"https:\/\/kitabluemli.ch\/en\/waldgruppe-abenteuer-fuer-glueckliche-kinder\/","title":{"rendered":"Waldgruppe Abenteuer f\u00fcr gl\u00fcckliche Kinder"},"content":{"rendered":"<p data-start=\"133\" data-end=\"598\">Waldgruppe \u2013 dieses Wort bringt in der KiTa Bl\u00fcemli nicht nur Natur, sondern auch W\u00e4rme, Gemeinschaft und echte Abenteuer mit sich. Besonders lebendig wird das, wenn unsere Kinder mitten im Gr\u00fcnen ein Picknick machen. Genau wie auf dem Bild: eine grosse Holzbank unter freiem Himmel, bunte Becher, gespannte Kindergesichter und das erwartungsvolle Warten auf ein Getr\u00e4nk nach einer erlebnisreichen Zeit im Wald. Ein Moment voller Einfachheit \u2013 und voller Bedeutung.<\/p>\n<p data-start=\"600\" data-end=\"1117\">Unsere Waldgruppe ist weit mehr als ein t\u00e4glicher Aufenthalt draussen. Sie ist ein gelebtes p\u00e4dagogisches Konzept, das sich seit vielen Jahren bew\u00e4hrt hat. Kinder erleben hier hautnah, was es bedeutet, sich in der Natur zu orientieren, achtsam mit Ressourcen umzugehen und soziale Beziehungen fernab von Spielzeugvielfalt und digitalen Reizen zu gestalten. Im Mittelpunkt steht das selbstwirksame Erleben: Was finde ich im Wald? Wie teile ich meine Beobachtung mit anderen? Was ist essbar? Und wie f\u00fchlt sich Moos an?<\/p>\n<p data-start=\"1119\" data-end=\"1684\">Ein Picknick wie auf diesem Bild ist dabei nicht einfach eine Mahlzeit. Es ist ein Ritual. Es schafft Verbindung. Kinder sitzen in einem Kreis, schauen sich an, warten aufeinander, tauschen sich aus. Sie erleben, dass das gemeinsame Essen in der Gruppe Halt und Geborgenheit bietet. Gerade im nat\u00fcrlichen Setting wird das noch einmal intensiver wahrgenommen. Ger\u00e4usche aus dem Wald, Vogelgezwitscher, das Rauschen der B\u00e4ume und das gemeinsame Plaudern am Tisch schaffen eine Atmosph\u00e4re, die den Kindern Sicherheit und Ruhe vermittelt \u2013 fernab vom hektischen Alltag.<\/p>\n<p data-start=\"1686\" data-end=\"2284\">Die gelben Warnwesten sind dabei ein sichtbares Symbol unserer Achtsamkeit und unserer Verantwortung. Wir bewegen uns t\u00e4glich in einem offenen, lebendigen Lernraum. Deshalb ist es umso wichtiger, dass die Kinder sich auch optisch als Gruppe wahrnehmen \u2013 und von anderen gesehen werden. Die Kinder lernen fr\u00fch, was Zusammenhalt bedeutet: Wer l\u00e4uft vorne? Wer wartet auf die Gruppe? Wer achtet darauf, dass niemand zur\u00fcckbleibt? Und wer erinnert die anderen an die Trinkpause? Diese kleinen Rituale und Gewohnheiten schaffen Orientierung und f\u00f6rdern Verantwortungsbewusstsein schon bei den Kleinsten.<\/p>\n<p data-start=\"2286\" data-end=\"2920\">Das Picknick im Wald f\u00f6rdert auch das Thema Ern\u00e4hrung. Denn Kinder, die sich viel bewegen und an der frischen Luft sind, entwickeln automatisch ein gesundes Hungergef\u00fchl. Sie greifen gern zu Obst, knabbern mit Freude an einem St\u00fcck Vollkornbrot oder geniessen selbstgemachten Hummus. In der KiTa Bl\u00fcemli legen wir grossen Wert auf ausgewogene, frische und saisonale Ern\u00e4hrung \u2013 auch unterwegs. Wasser gibt es bei uns immer, in kindgerechten Bechern, die leicht zu halten sind und bunt Freude machen. F\u00fcr viele Kinder ist es auch ein erster Schritt in die Selbstst\u00e4ndigkeit: den eigenen Becher holen, zur\u00fcckstellen, aufeinander achten.<\/p>\n<p data-start=\"2922\" data-end=\"3488\">Ein weiterer Aspekt ist die Sprachf\u00f6rderung. Gespr\u00e4che beim Picknick haben eine ganz andere Qualit\u00e4t als Gespr\u00e4che im Gruppenraum. Hier sprechen Kinder in Ruhe miteinander, erz\u00e4hlen, was sie gesehen haben oder wie der Regenwurm auf ihrem Finger gekribbelt hat. P\u00e4dagogische Fachpersonen begleiten diese Gespr\u00e4che bewusst, stellen Fragen, greifen Impulse auf \u2013 und f\u00f6rdern dabei ganz nat\u00fcrlich den Wortschatz und die Ausdrucksf\u00e4higkeit der Kinder. Durch die regelm\u00e4ssige Wiederholung von Begriffen aus der Natur wird das Vokabular auf ganz praktische Weise erweitert.<\/p>\n<p data-start=\"3490\" data-end=\"4093\">Auch die emotionale Entwicklung der Kinder profitiert von der Waldgruppe. Im Wald gibt es keine vorgefertigten Spielsituationen \u2013 alles entsteht durch Kreativit\u00e4t, durch Miteinander, durch das, was die Kinder entdecken. Das st\u00e4rkt das Selbstbewusstsein, die Frustrationstoleranz und die F\u00e4higkeit zur Konfliktl\u00f6sung. Ein Kind, das lernt, mit einem Stock ein Schiff zu bauen oder aus Rindenst\u00fccken einen kleinen Markt zu gestalten, erf\u00e4hrt Selbstwirksamkeit pur. Wenn diese Erfahrungen dann in einer gemeinsamen Pause geteilt und reflektiert werden, entsteht ein Gef\u00fchl von Stolz und Zusammengeh\u00f6rigkeit.<\/p>\n<p data-start=\"4095\" data-end=\"4580\">Unsere Waldgruppe ist aber auch ein Ort der Verlangsamung. Ein bewusster Gegenpol zum durchgetakteten Familienalltag vieler Kinder. Kein Druck, kein L\u00e4rm, kein st\u00e4ndiger Wechsel. Stattdessen: ein ruhiger Waldweg, eine Sitzbank, die Zeit f\u00fcr eine lange Pause \u2013 und ein Becher Wasser. Was uns Erwachsenen so banal erscheinen mag, ist f\u00fcr Kinder unglaublich bedeutsam. Sie geniessen es, gesehen zu werden, erz\u00e4hlen zu d\u00fcrfen, einfach zu sitzen und Teil einer starken Gemeinschaft zu sein.<\/p>\n<p data-start=\"4582\" data-end=\"4882\">Wer mehr \u00fcber unsere t\u00e4gliche <strong data-start=\"4612\" data-end=\"4626\">Forest Group<\/strong> erfahren m\u00f6chte, findet alle Infos unter: <a class=\"\" href=\"https:\/\/kitabluemli.ch\/en\/forest-group\/\" target=\"_new\" rel=\"noopener\" data-start=\"4669\" data-end=\"4741\">https:\/\/kitabluemli.ch\/waldgruppe\/<\/a>.<br data-start=\"4742\" data-end=\"4745\" \/>Du m\u00f6chtest dein Kind anmelden? Das geht ganz einfach online \u00fcber: <a class=\"\" href=\"https:\/\/kitabluemli.ch\/en\/enrollment\/\" target=\"_new\" rel=\"noopener\" data-start=\"4812\" data-end=\"4882\">https:\/\/kitabluemli.ch\/anmeldung\/<\/a><\/p>\n<p data-start=\"4884\" data-end=\"5068\" data-is-last-node=\"\" data-is-only-node=\"\">In der <strong data-start=\"4891\" data-end=\"4907\">KiTa Bl\u00fcemli<\/strong> verbinden wir Natur, Sprache, Bewegung und liebevolle Begleitung zu einem Alltag, der Kinder st\u00e4rkt \u2013 bei jedem Wetter, bei jedem Picknick und in jedem L\u00e4cheln.<\/p>","protected":false},"excerpt":{"rendered":"<p>Waldgruppe \u2013 dieses Wort bringt in der KiTa Bl\u00fcemli nicht nur Natur, sondern auch W\u00e4rme, Gemeinschaft und echte Abenteuer mit sich. Besonders lebendig wird das, wenn unsere Kinder mitten im Gr\u00fcnen ein Picknick machen. Genau wie auf dem Bild: eine grosse Holzbank unter freiem Himmel, bunte Becher, gespannte Kindergesichter und das erwartungsvolle Warten auf ein [&hellip;]<\/p>\n","protected":false},"author":2,"featured_media":30608,"comment_status":"closed","ping_status":"closed","sticky":false,"template":"","format":"standard","meta":{"footnotes":""},"categories":[520],"tags":[],"class_list":["post-30607","post","type-post","status-publish","format-standard","has-post-thumbnail","hentry","category-waldkinderkrippe-blog"],"_links":{"self":[{"href":"https:\/\/kitabluemli.ch\/en\/wp-json\/wp\/v2\/posts\/30607","targetHints":{"allow":["GET"]}}],"collection":[{"href":"https:\/\/kitabluemli.ch\/en\/wp-json\/wp\/v2\/posts"}],"about":[{"href":"https:\/\/kitabluemli.ch\/en\/wp-json\/wp\/v2\/types\/post"}],"author":[{"embeddable":true,"href":"https:\/\/kitabluemli.ch\/en\/wp-json\/wp\/v2\/users\/2"}],"replies":[{"embeddable":true,"href":"https:\/\/kitabluemli.ch\/en\/wp-json\/wp\/v2\/comments?post=30607"}],"version-history":[{"count":0,"href":"https:\/\/kitabluemli.ch\/en\/wp-json\/wp\/v2\/posts\/30607\/revisions"}],"wp:featuredmedia":[{"embeddable":true,"href":"https:\/\/kitabluemli.ch\/en\/wp-json\/wp\/v2\/media\/30608"}],"wp:attachment":[{"href":"https:\/\/kitabluemli.ch\/en\/wp-json\/wp\/v2\/media?parent=30607"}],"wp:term":[{"taxonomy":"category","embeddable":true,"href":"https:\/\/kitabluemli.ch\/en\/wp-json\/wp\/v2\/categories?post=30607"},{"taxonomy":"post_tag","embeddable":true,"href":"https:\/\/kitabluemli.ch\/en\/wp-json\/wp\/v2\/tags?post=30607"}],"curies":[{"name":"wp","href":"https:\/\/api.w.org\/{rel}","templated":true}]}}