{"id":30610,"date":"2025-08-07T12:00:37","date_gmt":"2025-08-07T10:00:37","guid":{"rendered":"https:\/\/kitabluemli.ch\/?p=30610"},"modified":"2025-07-22T12:56:28","modified_gmt":"2025-07-22T10:56:28","slug":"waldgruppe-staerkt-kinder-nachhaltig","status":"publish","type":"post","link":"https:\/\/kitabluemli.ch\/en\/waldgruppe-staerkt-kinder-nachhaltig\/","title":{"rendered":"Waldgruppe st\u00e4rkt Kinder nachhaltig"},"content":{"rendered":"<p data-start=\"126\" data-end=\"631\">Waldgruppe \u2013 ein Wort, das in der KiTa Bl\u00fcemli t\u00e4glich mit Leben gef\u00fcllt wird. Inmitten des Waldes, umgeben von B\u00e4umen, Naturger\u00e4uschen und frischer Luft, erleben unsere Kinder eine einzigartige Form des Lernens und der Gemeinschaft. Das Bild zeigt eine typische Szene unserer Waldgruppe: Die Kinder sitzen aufmerksam im Halbkreis, w\u00e4hrend zwei unserer Fachpersonen ihnen etwas erkl\u00e4ren. Im Zentrum liegt eine vorbereitete Feuerstelle \u2013 ein Zeichen daf\u00fcr, wie vielf\u00e4ltig und lebendig unsere Waldtage sind.<\/p>\n<p data-start=\"633\" data-end=\"1063\">Unsere Waldgruppe ist fester Bestandteil unseres p\u00e4dagogischen Konzepts. T\u00e4glich gehen wir mit den Kindern ab zwei Jahren in den Wald, immer begleitet von mindestens einer diplomierten Fachperson. Dabei steht nicht nur das Naturerlebnis im Fokus, sondern auch die ganzheitliche F\u00f6rderung der Kinder. Die Natur wird zum Lernraum, der zum Entdecken, Ausprobieren und Staunen einl\u00e4dt. Kinder d\u00fcrfen hier Kind sein \u2013 mit allen Sinnen.<\/p>\n<p data-start=\"1065\" data-end=\"1575\">Schon das Ankommen im Wald ist ein besonderes Erlebnis. Die Kinder laufen gemeinsam, tragen ihre Rucks\u00e4cke, helfen sich gegenseitig beim Klettern oder H\u00e4ndchenhalten. Dieser Weg st\u00e4rkt nicht nur die Motorik, sondern auch das Gemeinschaftsgef\u00fchl. Am Ziel angekommen, beginnt ein strukturierter, aber offener Tagesablauf: gemeinsames Sammeln, Begr\u00fcssungslied, thematische Aktivit\u00e4ten, freies Spiel und am Ende ein Abschlussritual. Die Kinder wissen, was sie erwartet \u2013 das gibt ihnen Sicherheit und Orientierung.<\/p>\n<p data-start=\"1577\" data-end=\"1997\">Die p\u00e4dagogischen Angebote in der Waldgruppe sind vielf\u00e4ltig. Mal wird ein Baumstamm vermessen, mal werden Tiere beobachtet oder aus Naturmaterialien kleine Kunstwerke gestaltet. Dabei geht es nicht darum, ein vorgefertigtes Produkt zu erreichen, sondern vielmehr um das Tun selbst: Was kann ich mit einem Ast machen? Wie viele Farben finde ich im Laub? Was passiert mit einem K\u00e4fer, wenn ich mich ihm ganz ruhig n\u00e4here?<\/p>\n<p data-start=\"1999\" data-end=\"2478\">Die Kinder entwickeln in der Waldgruppe eine tiefe Beziehung zur Natur. Sie lernen, dass der Wald kein Ort ist, den man nur besucht, sondern ein Lebensraum, den es zu sch\u00fctzen gilt. So wird Umwelterziehung ganz nebenbei zum festen Bestandteil des Alltags. Wer sieht, wie ein Feuer entsteht, wie Regenw\u00fcrmer leben oder wie sich ein K\u00e4fer bewegt, entwickelt automatisch mehr Achtsamkeit. Wir erleben oft, wie Kinder ihr Wissen mit nach Hause nehmen und die Eltern damit begeistern.<\/p>\n<p data-start=\"2480\" data-end=\"3012\">Gleichzeitig f\u00f6rdert die Waldgruppe wichtige soziale Kompetenzen. Das Zusammensein in der Natur verlangt R\u00fccksichtnahme, gegenseitige Hilfe und Kommunikation. Es gibt keine T\u00fcren, keine Zimmergrenzen \u2013 nur das, was gemeinsam entsteht. Konflikte werden auf nat\u00fcrliche Weise gel\u00f6st, oft ganz ohne Eingreifen von Erwachsenen. Ein Kind m\u00f6chte allein sein? Es zieht sich auf einen Baumstamm zur\u00fcck. Eine Gruppe baut gemeinsam ein Haus aus \u00c4sten? Alle helfen mit, jeder \u00fcbernimmt eine Rolle. So entstehen echte Teammomente, die verbinden.<\/p>\n<p data-start=\"3014\" data-end=\"3426\">Ein weiteres Highlight in der Waldgruppe ist die Integration von Sprache. Unsere Fachpersonen nutzen jede Gelegenheit, um den Wortschatz der Kinder zu erweitern. Ob es um Tiere, Pflanzen oder Wetterph\u00e4nomene geht \u2013 Sprache entsteht hier durch Erlebnis. Gerade Kinder mit Deutsch als Zweitsprache profitieren enorm davon. Sie erleben Worte im Zusammenhang mit konkreten Handlungen \u2013 das pr\u00e4gt sich nachhaltig ein.<\/p>\n<p data-start=\"3428\" data-end=\"3871\">Die Struktur unserer Waldgruppe f\u00f6rdert ausserdem die Selbstst\u00e4ndigkeit. Kinder lernen, ihren Platz zu finden, ihren Becher selbst zu holen, auf die Jacke zu achten und mit einfachen Regeln umzugehen. Verantwortung f\u00fcr sich und andere zu \u00fcbernehmen, wird hier ganz selbstverst\u00e4ndlich einge\u00fcbt. Besonders sch\u00f6n ist zu beobachten, wie \u00e4ltere Kinder j\u00fcngeren helfen \u2013 sei es beim \u00d6ffnen der Trinkflasche oder beim \u00dcberqueren eines kleinen Baches.<\/p>\n<p data-start=\"3873\" data-end=\"4352\">Die KiTa Bl\u00fcemli legt grossen Wert darauf, die Eltern aktiv einzubeziehen. In regelm\u00e4ssigen Gespr\u00e4chen erz\u00e4hlen wir vom Waldalltag, zeigen Bilder und berichten von den Entwicklungsschritten der Kinder. Viele Eltern staunen, wie mutig, selbstst\u00e4ndig und ausgeglichen ihr Kind geworden ist \u2013 und schreiben dies direkt der Waldgruppe zu. Wer Interesse hat, kann sich auf unserer Seite <a class=\"\" href=\"https:\/\/kitabluemli.ch\/en\/forest-group\/\" target=\"_new\" rel=\"noopener\" data-start=\"4255\" data-end=\"4327\">https:\/\/kitabluemli.ch\/waldgruppe\/<\/a> ausf\u00fchrlich informieren.<\/p>\n<p data-start=\"4354\" data-end=\"4659\">Auch organisatorisch ist unsere Waldgruppe bestens eingebettet: wetterfeste Kleidung, regelm\u00e4ssige Ausr\u00fcstungskontrollen, klare Notfallpl\u00e4ne und ein Team, das mit Leidenschaft und Erfahrung arbeitet. So k\u00f6nnen sich Kinder sicher entfalten, Eltern vertrauen \u2013 und wir als Fachpersonen mit Freude begleiten.<\/p>\n<p data-start=\"4661\" data-end=\"4823\">Wenn auch du dein Kind f\u00fcr die KiTa Bl\u00fcemli anmelden m\u00f6chtest, findest du alle Infos unter: <a class=\"\" href=\"https:\/\/kitabluemli.ch\/en\/enrollment\/\" target=\"_new\" rel=\"noopener\" data-start=\"4753\" data-end=\"4823\">https:\/\/kitabluemli.ch\/anmeldung\/<\/a><\/p>\n<p data-start=\"4825\" data-end=\"4989\" data-is-last-node=\"\" data-is-only-node=\"\">In der Waldgruppe entsteht echte Bildung. Bildung, die bleibt \u2013 in den Herzen, in den H\u00e4nden, im Blick auf die Welt. Jeden Tag, bei jedem Wetter, mit ganzem Herzen.<\/p>","protected":false},"excerpt":{"rendered":"<p>Waldgruppe \u2013 ein Wort, das in der KiTa Bl\u00fcemli t\u00e4glich mit Leben gef\u00fcllt wird. Inmitten des Waldes, umgeben von B\u00e4umen, Naturger\u00e4uschen und frischer Luft, erleben unsere Kinder eine einzigartige Form des Lernens und der Gemeinschaft. Das Bild zeigt eine typische Szene unserer Waldgruppe: Die Kinder sitzen aufmerksam im Halbkreis, w\u00e4hrend zwei unserer Fachpersonen ihnen etwas [&hellip;]<\/p>\n","protected":false},"author":2,"featured_media":30612,"comment_status":"closed","ping_status":"closed","sticky":false,"template":"","format":"standard","meta":{"footnotes":""},"categories":[520],"tags":[],"class_list":["post-30610","post","type-post","status-publish","format-standard","has-post-thumbnail","hentry","category-waldkinderkrippe-blog"],"_links":{"self":[{"href":"https:\/\/kitabluemli.ch\/en\/wp-json\/wp\/v2\/posts\/30610","targetHints":{"allow":["GET"]}}],"collection":[{"href":"https:\/\/kitabluemli.ch\/en\/wp-json\/wp\/v2\/posts"}],"about":[{"href":"https:\/\/kitabluemli.ch\/en\/wp-json\/wp\/v2\/types\/post"}],"author":[{"embeddable":true,"href":"https:\/\/kitabluemli.ch\/en\/wp-json\/wp\/v2\/users\/2"}],"replies":[{"embeddable":true,"href":"https:\/\/kitabluemli.ch\/en\/wp-json\/wp\/v2\/comments?post=30610"}],"version-history":[{"count":0,"href":"https:\/\/kitabluemli.ch\/en\/wp-json\/wp\/v2\/posts\/30610\/revisions"}],"wp:featuredmedia":[{"embeddable":true,"href":"https:\/\/kitabluemli.ch\/en\/wp-json\/wp\/v2\/media\/30612"}],"wp:attachment":[{"href":"https:\/\/kitabluemli.ch\/en\/wp-json\/wp\/v2\/media?parent=30610"}],"wp:term":[{"taxonomy":"category","embeddable":true,"href":"https:\/\/kitabluemli.ch\/en\/wp-json\/wp\/v2\/categories?post=30610"},{"taxonomy":"post_tag","embeddable":true,"href":"https:\/\/kitabluemli.ch\/en\/wp-json\/wp\/v2\/tags?post=30610"}],"curies":[{"name":"wp","href":"https:\/\/api.w.org\/{rel}","templated":true}]}}