{"id":30614,"date":"2025-08-10T12:00:41","date_gmt":"2025-08-10T10:00:41","guid":{"rendered":"https:\/\/kitabluemli.ch\/?p=30614"},"modified":"2025-07-22T12:58:23","modified_gmt":"2025-07-22T10:58:23","slug":"botanischer-garten-inspiriert-kinderherzen","status":"publish","type":"post","link":"https:\/\/kitabluemli.ch\/en\/botanischer-garten-inspiriert-kinderherzen\/","title":{"rendered":"Botanischer Garten inspiriert Kinderherzen"},"content":{"rendered":"<article class=\"text-token-text-primary w-full\" dir=\"auto\" data-testid=\"conversation-turn-102\" data-scroll-anchor=\"true\">\n<div class=\"text-base my-auto mx-auto pb-10 [--thread-content-margin:--spacing(4)] @[37rem]:[--thread-content-margin:--spacing(6)] @[72rem]:[--thread-content-margin:--spacing(16)] px-(--thread-content-margin)\">\n<div class=\"[--thread-content-max-width:32rem] @[34rem]:[--thread-content-max-width:40rem] @[64rem]:[--thread-content-max-width:48rem] mx-auto max-w-(--thread-content-max-width) flex-1 group\/turn-messages focus-visible:outline-hidden relative flex w-full min-w-0 flex-col agent-turn\" tabindex=\"-1\">\n<div class=\"flex max-w-full flex-col grow\">\n<div class=\"min-h-8 text-message relative flex w-full flex-col items-end gap-2 text-start break-words whitespace-normal [.text-message+&amp;]:mt-5\" dir=\"auto\" data-message-author-role=\"assistant\" data-message-id=\"203cbd93-4d8e-4e77-9098-fb6790f8d36b\" data-message-model-slug=\"gpt-4o\">\n<div class=\"flex w-full flex-col gap-1 empty:hidden first:pt-[3px]\">\n<div class=\"markdown prose dark:prose-invert w-full break-words dark\">\n<p data-start=\"141\" data-end=\"515\">Botanischer Garten \u2013 ein Ort voller Farben, D\u00fcfte und Entdeckungen. F\u00fcr die Kinder der KiTa Bl\u00fcemli war der Besuch dieses einzigartigen Naturraums ein kleines Abenteuer, das noch lange in Erinnerung bleiben wird. Inmitten tropischer Pflanzen, geheimnisvoller Wasserbecken und spannender Ger\u00e4usche konnten die Kinder mit allen Sinnen erleben, wie vielf\u00e4ltig unsere Natur ist.<\/p>\n<p data-start=\"517\" data-end=\"989\">Die Begeisterung war bereits beim Start zu sp\u00fcren. Mit Sonnenh\u00fcten, Warnwesten und ihren kleinen Rucks\u00e4cken machten sich die Kinder gemeinsam mit ihren Bezugspersonen auf den Weg. Schon beim Eingang des Botanischen Gartens in Z\u00fcrich begannen die Augen zu leuchten. Riesige Bl\u00e4tter, unbekannte Blumen und fremde Ger\u00fcche luden sofort zum Staunen ein. In kleinen Gruppen erkundeten die Kinder die verschiedenen Bereiche \u2013 mal still beobachtend, mal voller Fragen und Neugier.<\/p>\n<p data-start=\"991\" data-end=\"1599\">Ein Highlight war das Tropenhaus. Dort staunten die Kinder \u00fcber hohe B\u00e4ume, Lianen, Schmetterlinge und exotische Pflanzen. Besonders faszinierend: das grosse Wasserbecken mit Seerosen, Wasserschnecken und kleinen Fischen. Die Kinder standen wie gebannt davor, zeigten sich gegenseitig ihre Entdeckungen und stellten viele Fragen. \u201eWarum haben die Bl\u00e4tter L\u00f6cher?\u201c, \u201eK\u00f6nnen die Fische da drin schwimmen?\u201c oder \u201eLebt da ein Krokodil?\u201c \u2013 alles war erlaubt, alles durfte gefragt werden. Genau solche Momente f\u00f6rdern die kindliche Neugier und das freie Denken, das wir in der KiTa Bl\u00fcemli ganz besonders sch\u00e4tzen.<\/p>\n<p data-start=\"1601\" data-end=\"2161\">Unsere Fachpersonen begleiteten die Kinder dabei nicht nur organisatorisch, sondern auch p\u00e4dagogisch. Sie erkl\u00e4rten, wie Pflanzen in feuchtem Klima wachsen, warum es dort so warm ist oder wieso manche Bl\u00e4tter so riesig sind. Dabei war es uns wichtig, nicht frontal zu unterrichten, sondern mit den Kindern gemeinsam zu entdecken. Die Kinder durften Bl\u00e4tter anfassen, die unterschiedlichen Formen vergleichen und Farben benennen. Besonders die Kinder mit wenig Deutschkenntnissen profitierten hier stark \u2013 denn Sprache wurde mit konkreten Erfahrungen verkn\u00fcpft.<\/p>\n<p data-start=\"2163\" data-end=\"2563\">Der Botanische Garten bot ausserdem viel Raum f\u00fcr soziale Interaktionen. Die Kinder tauschten sich untereinander aus, zeigten einander spannende Entdeckungen und warteten geduldig, wenn jemand anderes etwas n\u00e4her betrachten wollte. In solchen Momenten erleben sie, wie sch\u00f6n es ist, gemeinsam zu lernen und R\u00fccksicht zu nehmen. Auch das st\u00e4rkt wichtige Kompetenzen wie Empathie, Teamgeist und Geduld.<\/p>\n<p data-start=\"2565\" data-end=\"3029\">Nach dem Rundgang gab es eine gem\u00fctliche Zn\u00fcni-Pause im Schatten. Die Kinder setzten sich auf eine kleine Mauer, tranken aus ihren bunten Bechern und erz\u00e4hlten, was sie am spannendsten fanden. Die einen schw\u00e4rmten vom grossen Kaktus, andere vom Wasserlauf, wieder andere vom Duft der Vanillepflanze. Diese Pause wurde bewusst ruhig gestaltet \u2013 ein Moment des Innehaltens und Verarbeitens. Denn Eindr\u00fccke brauchen Zeit, um im kleinen Kinderkopf verankert zu werden.<\/p>\n<p data-start=\"3031\" data-end=\"3439\">Im Anschluss durften die Kinder noch ein kleines Malheft mitnehmen, das ihnen vom Botanischen Garten zur Verf\u00fcgung gestellt wurde. Dieses konnten sie in der KiTa ausmalen und mit Stickern erg\u00e4nzen \u2013 eine sch\u00f6ne M\u00f6glichkeit, das Erlebte nochmals kreativ zu verarbeiten. Hier zeigt sich, wie eng Erlebnis, Sprache und Kreativit\u00e4t zusammengeh\u00f6ren. Auch motorische F\u00e4higkeiten werden so gef\u00f6rdert, ganz nebenbei.<\/p>\n<p data-start=\"3441\" data-end=\"3857\">Der Besuch im Botanischen Garten ist Teil unseres erweiterten Ausflugskonzepts, das regelm\u00e4ssig besondere Orte in Z\u00fcrich einbindet. Neben unserem t\u00e4glichen Aufenthalt im Wald m\u00f6chten wir den Kindern durch solche besonderen Ausfl\u00fcge zus\u00e4tzliche Impulse geben. Der Botanische Garten eignet sich daf\u00fcr hervorragend \u2013 er ist barrierefrei, kindgerecht und erm\u00f6glicht auf kleiner Fl\u00e4che unglaublich viele Naturerfahrungen.<\/p>\n<p data-start=\"3859\" data-end=\"4287\">Eltern, die sich f\u00fcr unser p\u00e4dagogisches Konzept interessieren, finden unter <a class=\"\" href=\"https:\/\/kitabluemli.ch\/aktivitaeten\/\" target=\"_new\" rel=\"noopener\" data-start=\"3936\" data-end=\"4012\">https:\/\/kitabluemli.ch\/aktivitaeten\/<\/a> weitere Informationen zu unseren regelm\u00e4ssigen Ausfl\u00fcgen und Lernangeboten. Besonders wichtig ist uns dabei, dass jede Aktivit\u00e4t gut vorbereitet und im Alltag eingebettet ist. Kein Ausflug steht f\u00fcr sich allein \u2013 alles wird in Gespr\u00e4che, Bilder und Nachbereitung integriert.<\/p>\n<p data-start=\"4289\" data-end=\"4848\">Auch f\u00fcr die Kinder aus unserer Babygruppe bietet ein Ort wie der Botanische Garten viele M\u00f6glichkeiten. F\u00fcr die ganz Kleinen sind es vor allem die Ger\u00fcche, Lichtspiele und Ger\u00e4usche, die faszinieren. Selbst wenn sie noch keine Pflanzennamen lernen oder Fragen stellen k\u00f6nnen, nehmen sie die Eindr\u00fccke intensiv auf \u2013 \u00fcber Haut, Ohren, Augen und Nase. Damit wird auch f\u00fcr sie eine wichtige Grundlage f\u00fcr sp\u00e4teres Lernen gelegt. Wer mehr \u00fcber unsere J\u00fcngsten erfahren m\u00f6chte, klickt hier: <a class=\"\" href=\"https:\/\/kitabluemli.ch\/babygruppe\/\" target=\"_new\" rel=\"noopener\" data-start=\"4776\" data-end=\"4848\">https:\/\/kitabluemli.ch\/babygruppe\/<\/a><\/p>\n<p data-start=\"4850\" data-end=\"5207\">Insgesamt war der Besuch im Botanischen Garten ein voller Erfolg \u2013 f\u00fcr die Kinder, die Fachpersonen und letztlich auch f\u00fcr uns als Einrichtung. Denn jedes Erlebnis draussen bereichert unser p\u00e4dagogisches Handeln und gibt den Kindern neue Impulse. In einer Welt, die zunehmend digital wird, bleiben solche analogen, naturnahen Erfahrungen besonders wertvoll.<\/p>\n<p data-start=\"5209\" data-end=\"5418\" data-is-last-node=\"\" data-is-only-node=\"\">Wir freuen uns schon auf den n\u00e4chsten Besuch \u2013 vielleicht im Herbst, wenn andere Pflanzen bl\u00fchen und neue Farben die Beete schm\u00fccken. Bis dahin bleibt die Erinnerung an einen wundersch\u00f6nen Sommertag im Gr\u00fcnen.<\/p>\n<\/div>\n<\/div>\n<\/div>\n<\/div>\n<\/div>\n<\/div>\n<\/article>\n<div class=\"pointer-events-none h-px w-px\" aria-hidden=\"true\" data-edge=\"true\"><\/div>\n","protected":false},"excerpt":{"rendered":"<p>Botanischer Garten \u2013 ein Ort voller Farben, D\u00fcfte und Entdeckungen. F\u00fcr die Kinder der KiTa Bl\u00fcemli war der Besuch dieses einzigartigen Naturraums ein kleines Abenteuer, das noch lange in Erinnerung bleiben wird. Inmitten tropischer Pflanzen, geheimnisvoller Wasserbecken und spannender Ger\u00e4usche konnten die Kinder mit allen Sinnen erleben, wie vielf\u00e4ltig unsere Natur ist. Die Begeisterung war [&hellip;]<\/p>\n","protected":false},"author":2,"featured_media":30615,"comment_status":"closed","ping_status":"closed","sticky":false,"template":"","format":"standard","meta":{"footnotes":""},"categories":[520],"tags":[],"class_list":["post-30614","post","type-post","status-publish","format-standard","has-post-thumbnail","hentry","category-waldkinderkrippe-blog"],"_links":{"self":[{"href":"https:\/\/kitabluemli.ch\/en\/wp-json\/wp\/v2\/posts\/30614","targetHints":{"allow":["GET"]}}],"collection":[{"href":"https:\/\/kitabluemli.ch\/en\/wp-json\/wp\/v2\/posts"}],"about":[{"href":"https:\/\/kitabluemli.ch\/en\/wp-json\/wp\/v2\/types\/post"}],"author":[{"embeddable":true,"href":"https:\/\/kitabluemli.ch\/en\/wp-json\/wp\/v2\/users\/2"}],"replies":[{"embeddable":true,"href":"https:\/\/kitabluemli.ch\/en\/wp-json\/wp\/v2\/comments?post=30614"}],"version-history":[{"count":0,"href":"https:\/\/kitabluemli.ch\/en\/wp-json\/wp\/v2\/posts\/30614\/revisions"}],"wp:featuredmedia":[{"embeddable":true,"href":"https:\/\/kitabluemli.ch\/en\/wp-json\/wp\/v2\/media\/30615"}],"wp:attachment":[{"href":"https:\/\/kitabluemli.ch\/en\/wp-json\/wp\/v2\/media?parent=30614"}],"wp:term":[{"taxonomy":"category","embeddable":true,"href":"https:\/\/kitabluemli.ch\/en\/wp-json\/wp\/v2\/categories?post=30614"},{"taxonomy":"post_tag","embeddable":true,"href":"https:\/\/kitabluemli.ch\/en\/wp-json\/wp\/v2\/tags?post=30614"}],"curies":[{"name":"wp","href":"https:\/\/api.w.org\/{rel}","templated":true}]}}