{"id":30636,"date":"2025-08-16T12:00:53","date_gmt":"2025-08-16T10:00:53","guid":{"rendered":"https:\/\/kitabluemli.ch\/?p=30636"},"modified":"2025-08-13T12:56:02","modified_gmt":"2025-08-13T10:56:02","slug":"abschied-in-der-kinderkrippe-mit-herz","status":"publish","type":"post","link":"https:\/\/kitabluemli.ch\/en\/abschied-in-der-kinderkrippe-mit-herz\/","title":{"rendered":"Abschied in der Kinderkrippe mit Herz"},"content":{"rendered":"<p data-start=\"146\" data-end=\"569\">Abschied in der Kinderkrippe ist ein Thema, das sowohl Kinder, Eltern als auch das Team der KiTa Bl\u00fcemli emotional bewegt. Es ist ein Moment, der Wehmut mit Stolz, Tr\u00e4nen mit L\u00e4cheln und Abschied mit einem Neubeginn verbindet. In unserer Kinderkrippe begleiten wir diese \u00dcberg\u00e4nge mit viel Einf\u00fchlungsverm\u00f6gen, Struktur und liebevollen Ritualen, um Kindern den Abschied zu erleichtern und den \u00dcbergang positiv zu gestalten.<\/p>\n<p data-start=\"571\" data-end=\"977\">Der Tag des Abschieds beginnt oft ganz normal \u2013 mit Ankommen, Spielen, Lachen. Doch in der Luft liegt etwas Besonderes. Alle wissen: Heute ist der letzte Tag eines Kindes in unserer Gruppe. Vielleicht wechselt es in eine andere Einrichtung, zieht mit der Familie um oder beginnt bald mit dem Kindergarten. Egal, wohin der Weg f\u00fchrt \u2013 in der KiTa Bl\u00fcemli gestalten wir diesen Moment bewusst und kindgerecht.<\/p>\n<p data-start=\"979\" data-end=\"1452\">Ein wichtiger Teil unseres p\u00e4dagogischen Konzepts ist es, Kinder auf \u00dcberg\u00e4nge vorzubereiten. Abschied in der Kinderkrippe ist kein pl\u00f6tzlicher Akt, sondern ein Prozess, der in mehreren Schritten geschieht. Bereits einige Wochen vor dem letzten Tag sprechen wir mit dem Kind \u00fcber den bevorstehenden Abschied. Wir erz\u00e4hlen, was sich ver\u00e4ndern wird, welche neuen Abenteuer warten \u2013 und was bleibt: die sch\u00f6nen Erinnerungen, die Freundschaften, die gemeinsam erlebten Momente.<\/p>\n<p data-start=\"1454\" data-end=\"1833\">In der Gruppe ist der Abschied auch ein soziales Ereignis. Die Kinder basteln gemeinsam eine Abschiedskarte, singen das Lieblingslied des Kindes oder bereiten ein kleines Geschenk vor. So wird der Abschied in der Kinderkrippe zu einem liebevoll gestalteten Fest, das das Kind in den Mittelpunkt stellt und gleichzeitig zeigt: Du bist wichtig f\u00fcr uns, und wir freuen uns f\u00fcr dich.<\/p>\n<p data-start=\"1835\" data-end=\"2228\">Auch das Team spielt eine zentrale Rolle. Unsere Betreuungspersonen bauen \u00fcber Monate oder Jahre hinweg eine enge Bindung zu den Kindern auf. Ein Abschied bedeutet auch f\u00fcr uns loslassen \u2013 mit einem warmen Herzen, aber auch einem Hauch Wehmut. Deshalb nehmen wir uns Zeit, um pers\u00f6nlich Tsch\u00fcss zu sagen, dem Kind alles Gute zu w\u00fcnschen und zu zeigen, wie stolz wir auf seine Entwicklung sind.<\/p>\n<p data-start=\"2230\" data-end=\"2713\">Eltern werden in diesen Prozess eng eingebunden. Wir f\u00fchren Gespr\u00e4che, in denen wir gemeinsam den Abschied reflektieren, \u00dcberg\u00e4nge planen und Fragen kl\u00e4ren. Viele Eltern erleben diesen Moment ebenfalls emotional \u2013 denn sie geben ein St\u00fcck des gewohnten Alltags ab und betreten mit ihrem Kind einen neuen Lebensabschnitt. Unsere Erfahrung zeigt: Wenn der Abschied gut begleitet wird, st\u00e4rkt er das Vertrauen der Eltern in die n\u00e4chsten Schritte und festigt die Beziehung zu ihrem Kind.<\/p>\n<p data-start=\"2715\" data-end=\"3160\">Ein besonders sch\u00f6nes Ritual in der KiTa Bl\u00fcemli ist unsere Abschiedstasche. Diese wird liebevoll vom Team mit kleinen Erinnerungen bef\u00fcllt: ein Gruppenfoto, ein selbstgemaltes Bild, eine pers\u00f6nliche Nachricht der Lieblingsbetreuerin oder ein kleines Symbol aus dem Alltag. Diese Tasche hilft dem Kind, sich mit positiven Emotionen an die Zeit bei uns zu erinnern \u2013 und ist gleichzeitig ein greifbares Zeichen daf\u00fcr, wie wertvoll es f\u00fcr uns war.<\/p>\n<p data-start=\"3162\" data-end=\"3662\">Am letzten Tag wird oft noch einmal das Lieblingsspiel gespielt, der Lieblingsplatz im Garten besucht oder ein kleines Picknick gemacht. Wir versuchen, dem Kind so viel Vertrautes wie m\u00f6glich zu geben \u2013 denn ein sicherer Rahmen gibt Mut f\u00fcr das Neue. Manche Kinder feiern ihren Abschied mit einem kleinen Fest, bei dem auch die Eltern eingeladen sind. Andere bevorzugen eine ruhigere Variante, in der der Abschied im kleineren Kreis stattfindet. Wir richten uns ganz nach den Bed\u00fcrfnissen des Kindes.<\/p>\n<p data-start=\"3664\" data-end=\"4076\">Im p\u00e4dagogischen Sinne ist der Abschied in der Kinderkrippe ein wichtiger Meilenstein. Er st\u00e4rkt das Selbstbewusstsein, zeigt dem Kind, dass es Abschied nehmen und gleichzeitig offen f\u00fcr Neues sein kann. Es lernt, dass Beziehungen bestehen bleiben k\u00f6nnen, auch wenn sich der Alltag ver\u00e4ndert. Und es erf\u00e4hrt, dass es viele Menschen gibt, die an es glauben \u2013 eine Botschaft, die pr\u00e4gend f\u00fcr das weitere Leben ist.<\/p>\n<p data-start=\"4078\" data-end=\"4429\">Auf unserer Webseite findest du mehr \u00fcber unsere Werte und unsere p\u00e4dagogische Haltung, die hinter solchen \u00dcberg\u00e4ngen stehen: <a class=\"\" href=\"https:\/\/kitabluemli.ch\/en\/our-values\/\" target=\"_new\" rel=\"noopener\" data-start=\"4204\" data-end=\"4280\">https:\/\/kitabluemli.ch\/unsere-werte\/<\/a>. Dort zeigen wir, wie wichtig uns die emotionale Sicherheit und das Wohl jedes einzelnen Kindes sind \u2013 auch (und besonders) in Abschiedssituationen.<\/p>\n<p data-start=\"4431\" data-end=\"4736\" data-is-last-node=\"\" data-is-only-node=\"\">Ein Abschied ist nie einfach \u2013 aber mit Herz, Vorbereitung und liebevollen Ritualen wird er zu einem bedeutsamen Moment, der Kinder stark macht. In der KiTa Bl\u00fcemli feiern wir nicht nur das Kommen, sondern auch das Gehen \u2013 denn jedes Kind, das unsere T\u00fcren durchschreitet, hinterl\u00e4sst Spuren, die bleiben.<\/p>","protected":false},"excerpt":{"rendered":"<p>Abschied in der Kinderkrippe ist ein Thema, das sowohl Kinder, Eltern als auch das Team der KiTa Bl\u00fcemli emotional bewegt. Es ist ein Moment, der Wehmut mit Stolz, Tr\u00e4nen mit L\u00e4cheln und Abschied mit einem Neubeginn verbindet. In unserer Kinderkrippe begleiten wir diese \u00dcberg\u00e4nge mit viel Einf\u00fchlungsverm\u00f6gen, Struktur und liebevollen Ritualen, um Kindern den Abschied [&hellip;]<\/p>\n","protected":false},"author":2,"featured_media":30637,"comment_status":"closed","ping_status":"closed","sticky":false,"template":"","format":"standard","meta":{"footnotes":""},"categories":[519],"tags":[],"class_list":["post-30636","post","type-post","status-publish","format-standard","has-post-thumbnail","hentry","category-kinderkrippe-blog"],"_links":{"self":[{"href":"https:\/\/kitabluemli.ch\/en\/wp-json\/wp\/v2\/posts\/30636","targetHints":{"allow":["GET"]}}],"collection":[{"href":"https:\/\/kitabluemli.ch\/en\/wp-json\/wp\/v2\/posts"}],"about":[{"href":"https:\/\/kitabluemli.ch\/en\/wp-json\/wp\/v2\/types\/post"}],"author":[{"embeddable":true,"href":"https:\/\/kitabluemli.ch\/en\/wp-json\/wp\/v2\/users\/2"}],"replies":[{"embeddable":true,"href":"https:\/\/kitabluemli.ch\/en\/wp-json\/wp\/v2\/comments?post=30636"}],"version-history":[{"count":0,"href":"https:\/\/kitabluemli.ch\/en\/wp-json\/wp\/v2\/posts\/30636\/revisions"}],"wp:featuredmedia":[{"embeddable":true,"href":"https:\/\/kitabluemli.ch\/en\/wp-json\/wp\/v2\/media\/30637"}],"wp:attachment":[{"href":"https:\/\/kitabluemli.ch\/en\/wp-json\/wp\/v2\/media?parent=30636"}],"wp:term":[{"taxonomy":"category","embeddable":true,"href":"https:\/\/kitabluemli.ch\/en\/wp-json\/wp\/v2\/categories?post=30636"},{"taxonomy":"post_tag","embeddable":true,"href":"https:\/\/kitabluemli.ch\/en\/wp-json\/wp\/v2\/tags?post=30636"}],"curies":[{"name":"wp","href":"https:\/\/api.w.org\/{rel}","templated":true}]}}