{"id":30643,"date":"2025-08-22T12:00:42","date_gmt":"2025-08-22T10:00:42","guid":{"rendered":"https:\/\/kitabluemli.ch\/?p=30643"},"modified":"2025-08-13T13:06:44","modified_gmt":"2025-08-13T11:06:44","slug":"waldtag-kita-begeistert-mit-spannenden-entdeckungen","status":"publish","type":"post","link":"https:\/\/kitabluemli.ch\/en\/waldtag-kita-begeistert-mit-spannenden-entdeckungen\/","title":{"rendered":"Waldtag Kita begeistert mit spannenden Entdeckungen"},"content":{"rendered":"<p data-start=\"377\" data-end=\"887\">Waldtag Kita \u2013 dieser Ausdruck steht in der KiTa Bl\u00fcemli nicht nur f\u00fcr einen Tag in der Natur, sondern f\u00fcr echtes Erleben, Forschen, Staunen und Lernen. Unsere Kinder erleben den Wald nicht als Ausflugsziel, sondern als festen Bestandteil ihres Kita-Alltags. Der heutige Vormittag f\u00fchrte uns wieder auf einen unserer Lieblingswege \u2013 den Pfad hinunter zum Elefantenbach. Schon der Weg dorthin ist ein Abenteuer f\u00fcr sich: vorbei an Wurzelpfaden, kleinen H\u00e4ngen, \u00fcber Kies und Laub, mitten durch die \u00fcppige Natur.<\/p>\n<p data-start=\"889\" data-end=\"1351\">F\u00fcr viele Kinder ist der Waldtag Kita der H\u00f6hepunkt der Woche. Im Schutz der B\u00e4ume und begleitet vom fr\u00f6hlichen Vogelgezwitscher entwickeln sie ihre Sinne auf nat\u00fcrliche Weise. Jeder Schritt auf dem unebenen Boden trainiert Gleichgewicht und Koordination. Und w\u00e4hrend die Kinder gemeinsam unterwegs sind, st\u00e4rken sie spielerisch ihre sozialen Kompetenzen. Wer wartet auf die Kleineren? Wer hilft beim Klettern? Wer entdeckt als Erster eine Schnecke am Wegesrand?<\/p>\n<p data-start=\"1353\" data-end=\"1799\">Am Elefantenbach angekommen, beginnt das freie Entdecken. Manche Kinder setzen sich ans Ufer und beobachten, wie das Wasser \u00fcber die Steine pl\u00e4tschert. Andere f\u00fcllen kleine Becher mit Wasser, um damit zu experimentieren oder lassen St\u00f6cke im Bach schwimmen. Das Element Wasser fasziniert alle \u2013 es k\u00fchlt, es fliesst, es ist voller Leben. Fr\u00f6sche, Wasserl\u00e4ufer oder auch nur das eigene Spiegelbild im Bach werden zu spannenden Beobachtungsobjekten.<\/p>\n<p data-start=\"1801\" data-end=\"2289\">Was den Waldtag Kita besonders macht, ist der p\u00e4dagogische Mehrwert, den die Kinder dabei erleben. Im Gegensatz zu Indoor-Angeboten erm\u00f6glicht der Wald Kindern, ihren Forschergeist auf nat\u00fcrliche Weise zu entfalten. Sie lernen durch unmittelbares Erleben \u2013 ganz ohne Spielzeug, aber mit allen Sinnen. Die verschiedenen Bodenbeschaffenheiten, Ger\u00fcche, Lichtspiele durch das Bl\u00e4tterdach und Tierlaute schaffen ein Lernumfeld, das weder k\u00fcnstlich noch geplant, sondern echt und lebendig ist.<\/p>\n<p data-start=\"2291\" data-end=\"2685\">Begleitet werden unsere kleinen Abenteurer stets von unseren p\u00e4dagogischen Fachpersonen. Sie greifen Beobachtungen der Kinder auf, stellen Fragen, regen zum Nachdenken an und erkl\u00e4ren, wenn gew\u00fcnscht, naturwissenschaftliche Zusammenh\u00e4nge auf kindgerechte Weise. So wird aus einem K\u00e4fer nicht nur ein Tier mit sechs Beinen, sondern ein Anlass, \u00fcber Lebensr\u00e4ume, Nahrung oder Tarnung zu sprechen.<\/p>\n<p data-start=\"2687\" data-end=\"3161\">Wichtig ist uns auch die Rituale, die den Waldtag Kita strukturieren. Am Anfang steht immer die gemeinsame Begr\u00fcssung und ein kurzer \u00dcberblick, was uns erwartet. Die Kinder wissen, dass sie sich im Wald anders verhalten m\u00fcssen als im Gruppenraum. Respekt gegen\u00fcber der Natur, Achtsamkeit im Umgang mit Pflanzen und Tieren und das Einhalten einfacher Regeln geh\u00f6ren selbstverst\u00e4ndlich dazu. Das st\u00e4rkt nicht nur das Verantwortungsgef\u00fchl, sondern auch das Gemeinschaftsgef\u00fchl.<\/p>\n<p data-start=\"3163\" data-end=\"3601\">Nach dem Forschen und Spielen gibt es eine kleine Zn\u00fcni-Pause \u2013 nat\u00fcrlich draussen auf einem Baumstamm oder auf der Picknickdecke. Der Hunger an der frischen Luft ist immer besonders gross, und das gemeinsame Essen in der Natur ist ein sch\u00f6nes Gemeinschaftserlebnis. Danach geht es meist nochmals in die Entdeckung oder langsam zur\u00fcck in Richtung Kita \u2013 je nach Wetter, Energielevel der Kinder und Beobachtungen, die wir unterwegs machen.<\/p>\n<p data-start=\"3603\" data-end=\"3995\">Der regelm\u00e4ssige Waldtag Kita ist fest im Konzept der KiTa Bl\u00fcemli verankert. Wir sind \u00fcberzeugt, dass gerade junge Kinder ein tiefes Bed\u00fcrfnis nach Naturkontakt haben \u2013 fernab von Bildschirmen und k\u00fcnstlicher Reiz\u00fcberflutung. Im Wald finden sie Raum f\u00fcr Bewegung, Kreativit\u00e4t, Stille und Kommunikation. Sie lernen, die Natur zu achten, zu verstehen und sich selbst als Teil davon zu erleben.<\/p>\n<p data-start=\"3997\" data-end=\"4322\">Unsere Waldtage sind nicht wetterabh\u00e4ngig \u2013 nur bei sehr extremem Wetter bleiben wir in der Kita. Ansonsten gilt: Es gibt kein schlechtes Wetter, nur schlechte Kleidung. Und die Kinder lieben auch Regentage, denn dann ist der Waldboden matschig, es gibt Pf\u00fctzen, und Regenjacken und Gummistiefel sind echte Abenteuerkleidung.<\/p>\n<p data-start=\"4324\" data-end=\"4588\">Wenn Sie mehr \u00fcber unsere Naturp\u00e4dagogik erfahren m\u00f6chten oder Interesse an einem Platz f\u00fcr Ihr Kind in unserer Waldgruppe haben, finden Sie hier weitere Informationen zu unserer Arbeit:<br data-start=\"4510\" data-end=\"4513\" \/>\ud83d\udc49 <a class=\"\" href=\"https:\/\/kitabluemli.ch\/en\/forest-group\/\" target=\"_new\" rel=\"noopener\" data-start=\"4516\" data-end=\"4588\">https:\/\/kitabluemli.ch\/waldgruppe\/<\/a><\/p>","protected":false},"excerpt":{"rendered":"<p>Waldtag Kita \u2013 dieser Ausdruck steht in der KiTa Bl\u00fcemli nicht nur f\u00fcr einen Tag in der Natur, sondern f\u00fcr echtes Erleben, Forschen, Staunen und Lernen. Unsere Kinder erleben den Wald nicht als Ausflugsziel, sondern als festen Bestandteil ihres Kita-Alltags. Der heutige Vormittag f\u00fchrte uns wieder auf einen unserer Lieblingswege \u2013 den Pfad hinunter zum [&hellip;]<\/p>\n","protected":false},"author":2,"featured_media":30644,"comment_status":"closed","ping_status":"closed","sticky":false,"template":"","format":"standard","meta":{"footnotes":""},"categories":[520],"tags":[],"class_list":["post-30643","post","type-post","status-publish","format-standard","has-post-thumbnail","hentry","category-waldkinderkrippe-blog"],"_links":{"self":[{"href":"https:\/\/kitabluemli.ch\/en\/wp-json\/wp\/v2\/posts\/30643","targetHints":{"allow":["GET"]}}],"collection":[{"href":"https:\/\/kitabluemli.ch\/en\/wp-json\/wp\/v2\/posts"}],"about":[{"href":"https:\/\/kitabluemli.ch\/en\/wp-json\/wp\/v2\/types\/post"}],"author":[{"embeddable":true,"href":"https:\/\/kitabluemli.ch\/en\/wp-json\/wp\/v2\/users\/2"}],"replies":[{"embeddable":true,"href":"https:\/\/kitabluemli.ch\/en\/wp-json\/wp\/v2\/comments?post=30643"}],"version-history":[{"count":0,"href":"https:\/\/kitabluemli.ch\/en\/wp-json\/wp\/v2\/posts\/30643\/revisions"}],"wp:featuredmedia":[{"embeddable":true,"href":"https:\/\/kitabluemli.ch\/en\/wp-json\/wp\/v2\/media\/30644"}],"wp:attachment":[{"href":"https:\/\/kitabluemli.ch\/en\/wp-json\/wp\/v2\/media?parent=30643"}],"wp:term":[{"taxonomy":"category","embeddable":true,"href":"https:\/\/kitabluemli.ch\/en\/wp-json\/wp\/v2\/categories?post=30643"},{"taxonomy":"post_tag","embeddable":true,"href":"https:\/\/kitabluemli.ch\/en\/wp-json\/wp\/v2\/tags?post=30643"}],"curies":[{"name":"wp","href":"https:\/\/api.w.org\/{rel}","templated":true}]}}