{"id":30647,"date":"2025-08-25T12:00:00","date_gmt":"2025-08-25T10:00:00","guid":{"rendered":"https:\/\/kitabluemli.ch\/?p=30647"},"modified":"2025-08-13T13:10:21","modified_gmt":"2025-08-13T11:10:21","slug":"soziales-lernen-in-der-kita-wenn-kleine-haende-grosses-zeigen","status":"publish","type":"post","link":"https:\/\/kitabluemli.ch\/en\/soziales-lernen-in-der-kita-wenn-kleine-haende-grosses-zeigen\/","title":{"rendered":"Soziales Lernen in der Kita: Wenn kleine H\u00e4nde Grosses zeigen"},"content":{"rendered":"<p data-start=\"356\" data-end=\"798\">Soziales Lernen in der Kita beginnt nicht im Stuhlkreis oder bei einer geplanten Gruppenaktivit\u00e4t \u2013 es beginnt im Alltag. Beim Anziehen der Gummistiefel, beim Teilen eines Apfels, beim Tr\u00f6sten, wenn Tr\u00e4nen fliessen \u2013 und ganz besonders beim gemeinsamen Unterwegssein. Dieses Bild, auf dem zwei Kinder Hand in Hand nebeneinander laufen, symbolisiert genau diesen nat\u00fcrlichen, wertvollen Lernprozess, der uns in der KiTa Bl\u00fcemli so wichtig ist.<\/p>\n<p data-start=\"800\" data-end=\"1270\">Auf unseren t\u00e4glichen Waldspazierg\u00e4ngen, sei es zum Elefantenbach, zur grossen Wurzel oder einfach nur entlang der Wiesen, beobachten wir oft solche kleinen Momente der F\u00fcrsorge und Solidarit\u00e4t. Ein Kind wartet geduldig auf das andere. Ein kleiner Handgriff hilft beim Aufstehen, ein Blick nach hinten stellt sicher, dass niemand zur\u00fcckbleibt. Diese Gesten sind nicht instruiert \u2013 sie entstehen aus Empathie, Vertrauen und wiederholter Erfahrung im sozialen Miteinander.<\/p>\n<p data-start=\"1272\" data-end=\"1795\">In der KiTa Bl\u00fcemli f\u00f6rdern wir soziales Lernen in der Kita ganzheitlich. Das bedeutet, dass wir nicht nur in gezielten p\u00e4dagogischen Angeboten auf soziale Kompetenzen achten, sondern vor allem in allt\u00e4glichen Situationen. Wenn die Kinder gemeinsam auf Erkundungstour gehen, wie hier auf dem Bild, entstehen ganz automatisch Gespr\u00e4che, Aushandlungsprozesse, gemeinsame Ziele und gegenseitige R\u00fccksichtnahme. Wer l\u00e4uft vorne? Wer h\u00e4lt, wessen Hand? Wer h\u00f6rt das Rascheln im Geb\u00fcsch zuerst \u2013 und wer darf erz\u00e4hlen, was es war?<\/p>\n<p data-start=\"1797\" data-end=\"2295\">Diese Prozesse sind p\u00e4dagogisch enorm wertvoll. Denn soziales Lernen ist die Grundlage f\u00fcr ein stabiles Selbstbild, f\u00fcr gesunde Beziehungen und f\u00fcr den sp\u00e4teren schulischen wie auch gesellschaftlichen Erfolg. Kinder, die fr\u00fch lernen, ihre eigenen Bed\u00fcrfnisse zu erkennen und gleichzeitig die der anderen wahrzunehmen, entwickeln emotionale Intelligenz und Resilienz. Sie k\u00f6nnen Konflikte l\u00f6sen, Kompromisse eingehen und Verantwortung \u00fcbernehmen \u2013 F\u00e4higkeiten, die in keinem Lehrplan fehlen sollten.<\/p>\n<p data-start=\"2297\" data-end=\"2741\">Ein wichtiger Bestandteil des sozialen Lernens in der Kita ist die gemischte Altersstruktur in unseren Gruppen. In der KiTa Bl\u00fcemli betreuen wir Kinder ab drei Monaten bis zum Kindergarteneintritt. Die Kleineren profitieren von den Vorbildern der \u00c4lteren \u2013 und die Gr\u00f6sseren lernen, auf die j\u00fcngeren R\u00fccksicht zu nehmen. Dieses nat\u00fcrliche Miteinander erm\u00f6glicht unz\u00e4hlige Lernsituationen, ohne dass wir als Fachpersonen immer eingreifen m\u00fcssen.<\/p>\n<p data-start=\"2743\" data-end=\"3166\">Unser Team beobachtet diese Dynamiken bewusst und greift unterst\u00fctzend ein, wenn n\u00f6tig \u2013 zum Beispiel, wenn ein Kind noch nicht weiss, wie man Hilfe anbietet, oder wenn ein Konflikt verbal nicht gel\u00f6st werden kann. Dabei setzen wir auf einen wertsch\u00e4tzenden Umgang und eine Sprache, die auf Augenh\u00f6he mit den Kindern stattfindet. Wir sprechen Gef\u00fchle an, spiegeln Verhaltensweisen und best\u00e4rken positive soziale Handlungen.<\/p>\n<p data-start=\"3168\" data-end=\"3574\">Soziales Lernen in der Kita findet aber nicht nur im Kontakt mit anderen Kindern statt, sondern auch im Umgang mit den Erwachsenen. In der KiTa Bl\u00fcemli legen wir grossen Wert auf stabile, vertrauensvolle Beziehungen zwischen Kindern und Betreuungspersonen. Diese Bindung gibt Sicherheit und ist die Grundlage daf\u00fcr, dass Kinder sich \u00f6ffnen, ihre Emotionen zeigen und neue soziale Erfahrungen machen k\u00f6nnen.<\/p>\n<p data-start=\"3576\" data-end=\"4112\">Gerade auf Ausfl\u00fcgen und bei Spazierg\u00e4ngen zeigt sich immer wieder, wie wichtig diese Beziehungen sind. Die Kinder laufen Hand in Hand, manche mit einem anderen Kind, manche auch gerne mit einer Betreuungsperson. Die Verantwortung, die die Erwachsenen in diesen Momenten \u00fcbernehmen, ist sp\u00fcrbar \u2013 und gleichzeitig geben sie den Kindern Raum, eigene soziale Erfahrungen zu machen. Ein kurzer Blick zur Betreuerin, ein Nicken \u2013 und schon wird das H\u00e4ndchen ausgestreckt. Diese Sicherheit erlaubt es, mutig zu sein und auf andere zuzugehen.<\/p>\n<p data-start=\"4114\" data-end=\"4510\">Das Foto zeigt also nicht einfach zwei Kinder beim Spazierengehen. Es zeigt Vertrauen, Geborgenheit, R\u00fccksicht, Zusammenhalt \u2013 all das, was soziales Lernen in der Kita ausmacht. Und genau darum geh\u00f6rt der t\u00e4gliche Spaziergang bei uns zur festen Tagesstruktur. Er ist nicht nur Bewegung an der frischen Luft, sondern ein wertvoller Raum f\u00fcr Beziehung, Kommunikation und gegenseitige Unterst\u00fctzung.<\/p>\n<p data-start=\"4512\" data-end=\"4680\">Mehr \u00fcber unser p\u00e4dagogisches Konzept und die Werte, die wir leben, findest du hier:<br data-start=\"4596\" data-end=\"4599\" \/>\ud83d\udc49 <a class=\"cursor-pointer\" target=\"_new\" rel=\"noopener\" data-start=\"4602\" data-end=\"4680\">https:\/\/kitabluemli.ch\/unser-konzept\/<\/a><\/p>","protected":false},"excerpt":{"rendered":"<p>Soziales Lernen in der Kita beginnt nicht im Stuhlkreis oder bei einer geplanten Gruppenaktivit\u00e4t \u2013 es beginnt im Alltag. Beim Anziehen der Gummistiefel, beim Teilen eines Apfels, beim Tr\u00f6sten, wenn Tr\u00e4nen fliessen \u2013 und ganz besonders beim gemeinsamen Unterwegssein. Dieses Bild, auf dem zwei Kinder Hand in Hand nebeneinander laufen, symbolisiert genau diesen nat\u00fcrlichen, wertvollen [&hellip;]<\/p>\n","protected":false},"author":2,"featured_media":30648,"comment_status":"closed","ping_status":"closed","sticky":false,"template":"","format":"standard","meta":{"footnotes":""},"categories":[520],"tags":[],"class_list":["post-30647","post","type-post","status-publish","format-standard","has-post-thumbnail","hentry","category-waldkinderkrippe-blog"],"_links":{"self":[{"href":"https:\/\/kitabluemli.ch\/en\/wp-json\/wp\/v2\/posts\/30647","targetHints":{"allow":["GET"]}}],"collection":[{"href":"https:\/\/kitabluemli.ch\/en\/wp-json\/wp\/v2\/posts"}],"about":[{"href":"https:\/\/kitabluemli.ch\/en\/wp-json\/wp\/v2\/types\/post"}],"author":[{"embeddable":true,"href":"https:\/\/kitabluemli.ch\/en\/wp-json\/wp\/v2\/users\/2"}],"replies":[{"embeddable":true,"href":"https:\/\/kitabluemli.ch\/en\/wp-json\/wp\/v2\/comments?post=30647"}],"version-history":[{"count":0,"href":"https:\/\/kitabluemli.ch\/en\/wp-json\/wp\/v2\/posts\/30647\/revisions"}],"wp:featuredmedia":[{"embeddable":true,"href":"https:\/\/kitabluemli.ch\/en\/wp-json\/wp\/v2\/media\/30648"}],"wp:attachment":[{"href":"https:\/\/kitabluemli.ch\/en\/wp-json\/wp\/v2\/media?parent=30647"}],"wp:term":[{"taxonomy":"category","embeddable":true,"href":"https:\/\/kitabluemli.ch\/en\/wp-json\/wp\/v2\/categories?post=30647"},{"taxonomy":"post_tag","embeddable":true,"href":"https:\/\/kitabluemli.ch\/en\/wp-json\/wp\/v2\/tags?post=30647"}],"curies":[{"name":"wp","href":"https:\/\/api.w.org\/{rel}","templated":true}]}}