{"id":30651,"date":"2025-08-28T12:00:37","date_gmt":"2025-08-28T10:00:37","guid":{"rendered":"https:\/\/kitabluemli.ch\/?p=30651"},"modified":"2025-08-13T13:16:55","modified_gmt":"2025-08-13T11:16:55","slug":"achtsame-momente-mit-kindern-wenn-innehalten-zum-abenteuer-wird","status":"publish","type":"post","link":"https:\/\/kitabluemli.ch\/en\/achtsame-momente-mit-kindern-wenn-innehalten-zum-abenteuer-wird\/","title":{"rendered":"Achtsame Momente mit Kindern: Wenn Innehalten zum Abenteuer wird"},"content":{"rendered":"<p data-start=\"316\" data-end=\"729\">Manchmal sind es nicht die grossen Ausfl\u00fcge oder spektakul\u00e4ren Programmpunkte, die in Erinnerung bleiben \u2013 sondern die kleinen, stillen Momente zwischendurch. Wie dieser hier: Eine Gruppe Kinder sitzt gemeinsam am Wegrand, blickt hinaus in die Ferne, schweigt, lacht, plaudert oder beobachtet einfach, was um sie herum geschieht. Der Himmel ist bew\u00f6lkt, das Wetter k\u00fchl \u2013 und trotzdem ist es ein perfekter Moment.<\/p>\n<p data-start=\"731\" data-end=\"1108\">In der KiTa Bl\u00fcemli erleben wir t\u00e4glich, wie wichtig es ist, Raum f\u00fcr solche achtsamen Pausen zu lassen. Denn Kinder brauchen nicht immer Action, Programm und Tempo. Oft brauchen sie einfach nur Zeit, um Eindr\u00fccke zu verarbeiten, ihre Umgebung wahrzunehmen oder zur Ruhe zu kommen. Genau deshalb geh\u00f6ren solche Momente fest zu unserem Alltag \u2013 auch wenn sie nicht planbar sind.<\/p>\n<p data-start=\"1110\" data-end=\"1594\">Unsere t\u00e4glichen Spazierg\u00e4nge durch die Natur f\u00fchren uns oft auf unterschiedlichste Wege. Mal geht es durch den Wald zum Elefantenbach, mal entlang an bunten Blumenwiesen oder \u00fcber Kiespfade durch ruhige Wohngebiete. Auf dem Weg entstehen nat\u00fcrliche Gelegenheiten, um innezuhalten. Vielleicht entdecken die Kinder eine spannende Schnecke, h\u00f6ren das Rauschen des Windes in den B\u00e4umen oder setzen sich einfach auf eine kleine Mauer, um die Aussicht zu geniessen. So wie auf diesem Bild.<\/p>\n<p data-start=\"1596\" data-end=\"2078\">Achtsamkeit mit Kindern bedeutet f\u00fcr uns in der KiTa Bl\u00fcemli, dass wir ihnen die Freiheit geben, sich im Moment zu verlieren. Dass wir nicht immer sofort weitergehen m\u00fcssen, wenn jemand stehen bleibt. Dass wir lernen, ihre Perspektive zu \u00fcbernehmen \u2013 auch wenn sie sich nur f\u00fcr einen Grashalm interessieren. Diese achtsamen Momente sind wertvoll, weil sie das kindliche Staunen zulassen. Und genau dieses Staunen ist die Grundlage f\u00fcr Neugier, Lernfreude und emotionale Entwicklung.<\/p>\n<p data-start=\"2080\" data-end=\"2515\">Gerade in einer Welt, die oft laut, schnell und \u00fcberreizt ist, sind diese ruhigen Augenblicke von grosser Bedeutung. Sie f\u00f6rdern das K\u00f6rpergef\u00fchl, das Selbstbewusstsein und die F\u00e4higkeit, mit der eigenen Aufmerksamkeit pr\u00e4sent zu sein. Wenn Kinder erleben, dass ihre Bed\u00fcrfnisse nach Ruhe und Beobachtung respektiert werden, st\u00e4rkt das ihre innere Balance. Sie f\u00fchlen sich ernst genommen \u2013 und das wiederum ist die Basis f\u00fcr Vertrauen.<\/p>\n<p data-start=\"2517\" data-end=\"2837\">Als Fachpersonen beobachten wir diese Situationen bewusst und unterst\u00fctzen sie durch Zur\u00fcckhaltung. Wir setzen uns oft einfach dazu, h\u00f6ren zu oder sagen gar nichts. Denn nicht jede p\u00e4dagogische Begleitung braucht Worte. Manchmal gen\u00fcgt ein stilles Dasein, ein L\u00e4cheln oder die Geste, die Zeit einfach fliessen zu lassen.<\/p>\n<p data-start=\"2839\" data-end=\"3468\">Nat\u00fcrlich geht es nicht darum, jede Aktivit\u00e4t zu unterbrechen oder stundenlang nichts zu tun. Vielmehr achten wir auf die Balance. Wir strukturieren den Tag so, dass es Phasen mit Bewegung, Spiel und Aktivit\u00e4t gibt \u2013 und eben auch solche, in denen das Tempo sinkt. Wie hier auf dem Bild, wenn die Kinder sich setzen, ihre Beine baumeln lassen und einfach nur die Aussicht betrachten. Vielleicht erz\u00e4hlen sie sich gegenseitig, was sie in den H\u00e4usern unter ihnen vermuten. Oder sie \u00fcberlegen, welcher Weg wohl zu welchem Ort f\u00fchrt. In solchen Momenten beginnt Fantasie, Sprache und soziales Miteinander ganz von selbst zu fliessen.<\/p>\n<p data-start=\"3470\" data-end=\"3856\">Diese Form von achtsamer Bildung ist ein zentraler Bestandteil unseres p\u00e4dagogischen Ansatzes in der KiTa Bl\u00fcemli. Sie f\u00f6rdert nicht nur die emotionale Stabilit\u00e4t der Kinder, sondern auch ihre Konzentration, ihre soziale Wahrnehmung und ihr Selbstverst\u00e4ndnis. Denn wer gelernt hat, auf sich selbst zu h\u00f6ren und in sich hineinzusp\u00fcren, ist auch f\u00e4hig, auf andere empathisch zu reagieren.<\/p>\n<p data-start=\"3858\" data-end=\"4148\">Und so ist dieser kleine Rastplatz auf dem Weg vielleicht f\u00fcr uns Erwachsene einfach nur ein Teil des Spaziergangs \u2013 f\u00fcr die Kinder aber ist er ein Ort des Entdeckens, Verweilens und Staunens. Ein Moment, in dem sie ganz bei sich sind \u2013 und gleichzeitig verbunden mit der Welt um sie herum.<\/p>\n<p data-start=\"4150\" data-end=\"4315\">Weitere Einblicke in unseren Kita-Alltag und wie wir solche wertvollen Augenblicke gestalten, findest du unter:<br data-start=\"4261\" data-end=\"4264\" \/>\ud83d\udc49 <a class=\"\" href=\"https:\/\/kitabluemli.ch\/en\/\" target=\"_new\" rel=\"noopener\" data-start=\"4267\" data-end=\"4315\">www.kitabluemli.ch<\/a><\/p>","protected":false},"excerpt":{"rendered":"<p>Manchmal sind es nicht die grossen Ausfl\u00fcge oder spektakul\u00e4ren Programmpunkte, die in Erinnerung bleiben \u2013 sondern die kleinen, stillen Momente zwischendurch. Wie dieser hier: Eine Gruppe Kinder sitzt gemeinsam am Wegrand, blickt hinaus in die Ferne, schweigt, lacht, plaudert oder beobachtet einfach, was um sie herum geschieht. Der Himmel ist bew\u00f6lkt, das Wetter k\u00fchl \u2013 [&hellip;]<\/p>\n","protected":false},"author":2,"featured_media":30652,"comment_status":"closed","ping_status":"closed","sticky":false,"template":"","format":"standard","meta":{"footnotes":""},"categories":[520],"tags":[],"class_list":["post-30651","post","type-post","status-publish","format-standard","has-post-thumbnail","hentry","category-waldkinderkrippe-blog"],"_links":{"self":[{"href":"https:\/\/kitabluemli.ch\/en\/wp-json\/wp\/v2\/posts\/30651","targetHints":{"allow":["GET"]}}],"collection":[{"href":"https:\/\/kitabluemli.ch\/en\/wp-json\/wp\/v2\/posts"}],"about":[{"href":"https:\/\/kitabluemli.ch\/en\/wp-json\/wp\/v2\/types\/post"}],"author":[{"embeddable":true,"href":"https:\/\/kitabluemli.ch\/en\/wp-json\/wp\/v2\/users\/2"}],"replies":[{"embeddable":true,"href":"https:\/\/kitabluemli.ch\/en\/wp-json\/wp\/v2\/comments?post=30651"}],"version-history":[{"count":0,"href":"https:\/\/kitabluemli.ch\/en\/wp-json\/wp\/v2\/posts\/30651\/revisions"}],"wp:featuredmedia":[{"embeddable":true,"href":"https:\/\/kitabluemli.ch\/en\/wp-json\/wp\/v2\/media\/30652"}],"wp:attachment":[{"href":"https:\/\/kitabluemli.ch\/en\/wp-json\/wp\/v2\/media?parent=30651"}],"wp:term":[{"taxonomy":"category","embeddable":true,"href":"https:\/\/kitabluemli.ch\/en\/wp-json\/wp\/v2\/categories?post=30651"},{"taxonomy":"post_tag","embeddable":true,"href":"https:\/\/kitabluemli.ch\/en\/wp-json\/wp\/v2\/tags?post=30651"}],"curies":[{"name":"wp","href":"https:\/\/api.w.org\/{rel}","templated":true}]}}