{"id":30657,"date":"2025-08-31T12:00:49","date_gmt":"2025-08-31T10:00:49","guid":{"rendered":"https:\/\/kitabluemli.ch\/?p=30657"},"modified":"2025-08-13T15:00:23","modified_gmt":"2025-08-13T13:00:23","slug":"geburtstag-in-der-kita-ein-tag-voller-magie-und-gemeinschaft","status":"publish","type":"post","link":"https:\/\/kitabluemli.ch\/en\/geburtstag-in-der-kita-ein-tag-voller-magie-und-gemeinschaft\/","title":{"rendered":"Geburtstag in der Kita \u2013 ein Tag voller Magie und Gemeinschaft"},"content":{"rendered":"<p data-start=\"305\" data-end=\"772\">Geburtstage sind f\u00fcr Kinder etwas ganz Besonderes \u2013 und in der Kita Bl\u00fcemli feiern wir sie mit genau der Aufmerksamkeit, die sie verdienen. Wenn ein Kind Geburtstag hat, verwandelt sich unsere Kita f\u00fcr einen Moment in einen magischen Ort voller Lachen, \u00dcberraschungen und liebevoller Rituale. Jeder Geburtstag ist einzigartig \u2013 und dennoch folgen unsere Feiern einem vertrauten Ablauf, der den Kindern Sicherheit gibt und gleichzeitig ganz viel Raum f\u00fcr Freude l\u00e4sst.<\/p>\n<p data-start=\"774\" data-end=\"1371\">Schon am Morgen liegt eine gewisse Aufregung in der Luft. Die anderen Kinder wissen oft schon, wer Geburtstag hat \u2013 und der oder die Jubilar*in wird von allen herzlich begr\u00fcsst. Einige malen schon fr\u00fch ein Bild, andere helfen beim Vorbereiten der Feier. Und wir Erzieherinnen? Wir k\u00fcmmern uns mit viel Liebe ums Detail: Es wird dekoriert, gesungen, ein besonderer Platz am Tisch vorbereitet und nat\u00fcrlich der Geburtstagskuchen bereitgestellt. Besonders sch\u00f6n ist es, wenn auch die Eltern etwas zum Fest beitragen \u2013 sei es ein Kuchen, Fr\u00fcchte oder ein Geburtstagslied, das sie gerne zu Hause singen.<\/p>\n<p data-start=\"1373\" data-end=\"1881\">Am Bild sieht man deutlich, wie konzentriert, neugierig und voller Vorfreude die Kinder am Tisch sitzen. In der Mitte steht der Geburtstagskuchen mit brennenden Kerzen, liebevoll dekoriert. Die Kinder haben sich um den Tisch versammelt, einige tragen sogar Geburtstagskronen. Unsere Betreuerinnen begleiten die Feier mit liebevollen Gesten, singen gemeinsam mit den Kindern und helfen beim Verteilen von Kuchen und Getr\u00e4nken. Es ist ein Moment des Innehaltens \u2013 ganz im Zeichen des Kindes, das gefeiert wird.<\/p>\n<p data-start=\"1883\" data-end=\"2357\">Nat\u00fcrlich ist das Singen ein fester Bestandteil der Geburtstagsfeier. Die Kinder lieben es, gemeinsam \u201eHappy Birthday\u201c oder ein schweizerdeutsches Geburtstagslied zu singen. Es erf\u00fcllt den Raum mit fr\u00f6hlicher Energie. Und wenn dann endlich die Kerzen ausgeblasen werden d\u00fcrfen, ist der Jubel gross. F\u00fcr die Kinder ist das ein bedeutungsvoller Moment \u2013 fast so, als w\u00fcrden sie mit einem Atemzug ein St\u00fcck gr\u00f6sser werden. Das Leuchten in ihren Augen ist jedes Mal unbezahlbar.<\/p>\n<p data-start=\"2359\" data-end=\"2856\">Nach dem offiziellen Teil geniessen die Kinder die leckeren K\u00f6stlichkeiten am Tisch. Es wird gelacht, geplaudert und nat\u00fcrlich geschlemmt. Geburtstagskuchen, Fr\u00fcchte, Saft oder andere kleine Leckereien bringen nicht nur Freude, sondern f\u00f6rdern auch das soziale Miteinander. Die Kinder lernen, R\u00fccksicht zu nehmen, gemeinsam zu geniessen und sich f\u00fcr andere zu freuen. Genau hier wird f\u00fcr uns als p\u00e4dagogisches Team sichtbar, wie wertvoll solche Rituale f\u00fcr die soziale Entwicklung der Kinder sind.<\/p>\n<p data-start=\"2858\" data-end=\"3304\">Was viele Eltern oft nicht sehen: F\u00fcr die anderen Kinder ist ein Geburtstag genauso aufregend wie f\u00fcr das Geburtstagskind selbst. Sie fiebern mit, helfen beim Vorbereiten, malen Karten, basteln Geschenke oder gestalten gemeinsam mit den Betreuerinnen eine \u00dcberraschung. So lernen sie, dass es Freude macht, anderen eine Freude zu machen. Das st\u00e4rkt das Gemeinschaftsgef\u00fchl in der Gruppe und unterst\u00fctzt ganz nebenbei wichtige soziale Kompetenzen.<\/p>\n<p data-start=\"3306\" data-end=\"3883\">Ein weiteres Highlight ist das Geschenkritual. In der Kita Bl\u00fcemli bekommt jedes Geburtstagskind ein kleines, liebevoll ausgew\u00e4hltes Pr\u00e4sent, das entweder gemeinsam mit den anderen Kindern gebastelt oder von uns Betreuenden vorbereitet wurde. Das Geschenk ist keine grosse Sache im materiellen Sinne, aber f\u00fcr das Kind hat es einen unsch\u00e4tzbaren Wert: Es steht f\u00fcr Anerkennung, Wertsch\u00e4tzung und Gemeinschaft. Oft sind es kleine Dinge \u2013 ein bemalter Stein, ein Foto mit Handabdruck, eine gebastelte Krone oder ein selbst gemachtes Armband. F\u00fcr die Kinder sind es wahre Sch\u00e4tze.<\/p>\n<p data-start=\"3885\" data-end=\"4419\">Nat\u00fcrlich endet der Geburtstag nicht mit dem Kuchen. Im Tagesverlauf erleben die Kinder weitere kleine Highlights: Vielleicht darf das Geburtstagskind das Buch f\u00fcr die Geschichte am Nachmittag aussuchen oder den Ablauf des Tages mitbestimmen. Vielleicht gibt es ein Spiel, das es sich schon lange gew\u00fcnscht hat. Oder die Gruppe macht einen Ausflug, bei dem das Geburtstagskind im Bollerwagen fahren darf. Es sind die kleinen Gesten, die den Tag zu etwas Besonderem machen \u2013 und genau darauf legen wir in der Kita Bl\u00fcemli grossen Wert.<\/p>\n<p data-start=\"4421\" data-end=\"4946\">Diese liebevollen, durchdachten Feiern sind mehr als nur sch\u00f6ne Erlebnisse. Sie geben Kindern Struktur, Orientierung und das Gef\u00fchl, gesehen und wichtig zu sein. Und sie zeigen: Jeder Mensch ist einzigartig und darf gefeiert werden \u2013 ganz unabh\u00e4ngig vom Alter. Gerade im Krippen- und Vorschulalter haben solche Rituale eine grosse Bedeutung f\u00fcr das Selbstwertgef\u00fchl. Deshalb nehmen wir uns bei jedem Geburtstag bewusst Zeit, lassen uns nicht hetzen und geben dem Kind Raum, diesen besonderen Tag in vollen Z\u00fcgen zu geniessen.<\/p>\n<p data-start=\"4948\" data-end=\"5236\">Wenn wir als Team am Ende des Tages sehen, wie erf\u00fcllt die Kinder \u2013 nicht nur das Geburtstagskind \u2013 nach Hause gehen, dann wissen wir, dass sich jeder Aufwand gelohnt hat. Denn genau darum geht es uns in der KiTa Bl\u00fcemli: Um starke Kinder, die sich gesehen, gesch\u00e4tzt und geborgen f\u00fchlen.<\/p>\n<p data-start=\"5238\" data-end=\"5362\"><strong data-start=\"5238\" data-end=\"5311\">\ud83d\udc49 Mehr Einblicke in unseren Kita-Alltag gibt es auf unserer Website:<\/strong><br data-start=\"5311\" data-end=\"5314\" \/><a class=\"\" href=\"https:\/\/kitabluemli.ch\/en\/\" target=\"_new\" rel=\"noopener\" data-start=\"5314\" data-end=\"5362\">www.kitabluemli.ch<\/a><\/p>","protected":false},"excerpt":{"rendered":"<p>Geburtstage sind f\u00fcr Kinder etwas ganz Besonderes \u2013 und in der Kita Bl\u00fcemli feiern wir sie mit genau der Aufmerksamkeit, die sie verdienen. Wenn ein Kind Geburtstag hat, verwandelt sich unsere Kita f\u00fcr einen Moment in einen magischen Ort voller Lachen, \u00dcberraschungen und liebevoller Rituale. Jeder Geburtstag ist einzigartig \u2013 und dennoch folgen unsere Feiern [&hellip;]<\/p>\n","protected":false},"author":2,"featured_media":30658,"comment_status":"closed","ping_status":"closed","sticky":false,"template":"","format":"standard","meta":{"footnotes":""},"categories":[519],"tags":[],"class_list":["post-30657","post","type-post","status-publish","format-standard","has-post-thumbnail","hentry","category-kinderkrippe-blog"],"_links":{"self":[{"href":"https:\/\/kitabluemli.ch\/en\/wp-json\/wp\/v2\/posts\/30657","targetHints":{"allow":["GET"]}}],"collection":[{"href":"https:\/\/kitabluemli.ch\/en\/wp-json\/wp\/v2\/posts"}],"about":[{"href":"https:\/\/kitabluemli.ch\/en\/wp-json\/wp\/v2\/types\/post"}],"author":[{"embeddable":true,"href":"https:\/\/kitabluemli.ch\/en\/wp-json\/wp\/v2\/users\/2"}],"replies":[{"embeddable":true,"href":"https:\/\/kitabluemli.ch\/en\/wp-json\/wp\/v2\/comments?post=30657"}],"version-history":[{"count":0,"href":"https:\/\/kitabluemli.ch\/en\/wp-json\/wp\/v2\/posts\/30657\/revisions"}],"wp:featuredmedia":[{"embeddable":true,"href":"https:\/\/kitabluemli.ch\/en\/wp-json\/wp\/v2\/media\/30658"}],"wp:attachment":[{"href":"https:\/\/kitabluemli.ch\/en\/wp-json\/wp\/v2\/media?parent=30657"}],"wp:term":[{"taxonomy":"category","embeddable":true,"href":"https:\/\/kitabluemli.ch\/en\/wp-json\/wp\/v2\/categories?post=30657"},{"taxonomy":"post_tag","embeddable":true,"href":"https:\/\/kitabluemli.ch\/en\/wp-json\/wp\/v2\/tags?post=30657"}],"curies":[{"name":"wp","href":"https:\/\/api.w.org\/{rel}","templated":true}]}}