{"id":30661,"date":"2025-09-03T12:00:56","date_gmt":"2025-09-03T10:00:56","guid":{"rendered":"https:\/\/kitabluemli.ch\/?p=30661"},"modified":"2025-08-13T15:03:06","modified_gmt":"2025-08-13T13:03:06","slug":"gaertnern-mit-kindern-ein-lehrreicher-gartenausflug-voller-entdeckungen","status":"publish","type":"post","link":"https:\/\/kitabluemli.ch\/en\/gaertnern-mit-kindern-ein-lehrreicher-gartenausflug-voller-entdeckungen\/","title":{"rendered":"G\u00e4rtnern mit Kindern: Ein lehrreicher Gartenausflug voller Entdeckungen"},"content":{"rendered":"<p data-start=\"261\" data-end=\"821\">Der Sommer l\u00e4dt nicht nur zum Spielen und Entdecken im Wald ein \u2013 auch im Garten wird es spannend! Unsere KiTa-Kinder durften k\u00fcrzlich an einem ganz besonderen Ausflug teilnehmen: Ein Tag im Garten, bei dem das G\u00e4rtnern im Mittelpunkt stand. Mit kleinen Schaufeln, Eimern, Harken und jeder Menge Neugier machten wir uns auf den Weg, um den Boden zu erkunden und selbst mit anzupacken. F\u00fcr viele Kinder war es das erste Mal, dass sie selbst eine Wurzel aus der Erde gezogen oder mit eigenen Augen gesehen haben, wie Kartoffeln wachsen. Ein echtes Naturerlebnis!<\/p>\n<p data-start=\"823\" data-end=\"1312\">In einer Welt, die immer digitaler wird, ist es uns besonders wichtig, den Kindern unmittelbare Naturerfahrungen zu erm\u00f6glichen. Der Garten bot uns daf\u00fcr die perfekte Umgebung. Zwischen duftenden Kr\u00e4utern, wuchernden Tomatenpflanzen und knallroten Beeren fanden die Kinder nicht nur eine spannende neue Welt \u2013 sie entwickelten auch ein neues Bewusstsein f\u00fcr Nahrung, Umwelt und Verantwortung. Denn im Garten wird schnell klar: Was w\u00e4chst, braucht Zeit, Pflege und ganz viel Aufmerksamkeit.<\/p>\n<p data-start=\"1314\" data-end=\"1890\">Das Highlight war nat\u00fcrlich das eigene Ausgraben von Kartoffeln. Mit viel Eifer und Konzentration hoben die Kinder die Erde an, gruben mit kleinen H\u00e4nden oder Werkzeugen und jubelten, sobald eine knubbelige Kartoffel zum Vorschein kam. Dieses Erfolgserlebnis war f\u00fcr viele nicht nur spannend, sondern auch lehrreich: Woher kommt eigentlich unser Essen? Was braucht eine Pflanze zum Wachsen? Und wie f\u00fchlt es sich an, wenn man den Boden mit den eigenen H\u00e4nden bearbeitet? Fragen, die auf nat\u00fcrliche Weise beantwortet wurden \u2013 ganz ohne Theorie, aber mit umso mehr Begeisterung.<\/p>\n<p data-start=\"1892\" data-end=\"2382\">Ein weiteres Thema, das sich durch den Tag zog, war der bewusste Umgang mit Ressourcen. Die Kinder lernten, wie man Pflanzen vorsichtig behandelt, warum man nicht alle Beeren auf einmal pfl\u00fcckt und wie wichtig Wasser \u2013 gerade im Sommer \u2013 f\u00fcr ein gesundes Pflanzenwachstum ist. Ganz nebenbei st\u00e4rkten sie dabei ihre motorischen F\u00e4higkeiten, ihr Verantwortungsgef\u00fchl und ihre Ausdauer. Wer einmal versucht hat, eine Karotte aus hartem Boden zu ziehen, wei\u00df, dass das gar nicht so einfach ist!<\/p>\n<p data-start=\"2384\" data-end=\"2871\">Nat\u00fcrlich kam auch das Beobachten nicht zu kurz. Zwischen den Gartenbeeten summten Insekten, krabbelten Ameisen und versteckten sich kleine Regenw\u00fcrmer unter der Erde. Diese kleinen Begegnungen mit Tierchen, die f\u00fcr uns Erwachsene oft selbstverst\u00e4ndlich sind, wurden f\u00fcr die Kinder zu echten Highlights. Mit neugierigen Blicken und vorsichtiger Ann\u00e4herung entwickelten sie ein Gef\u00fchl f\u00fcr das Leben im Boden \u2013 und daf\u00fcr, wie wichtig jedes noch so kleine Lebewesen f\u00fcr unser \u00d6kosystem ist.<\/p>\n<p data-start=\"2873\" data-end=\"3400\">Nach all der Arbeit gab es zur St\u00e4rkung ein kleines Picknick im Schatten der B\u00e4ume \u2013 umgeben von bl\u00fchenden Blumen und dem Duft frisch geernteter Kr\u00e4uter. Die mitgebrachten Snacks schmeckten doppelt so gut nach so viel Bewegung und frischer Luft. Einige Kinder hielten stolz ihre &#171;Beute&#187; in der Hand: eine selbst geerntete Kartoffel, ein Blatt Minze oder ein kleiner Zweig Rosmarin. Diese kleinen Sch\u00e4tze wurden mit nach Hause genommen \u2013 als Erinnerung an einen ereignisreichen Tag und als Gespr\u00e4chsanlass f\u00fcr die ganze Familie.<\/p>\n<p data-start=\"3402\" data-end=\"3865\">Der Ausflug hat uns wieder einmal gezeigt, wie viel Lernpotenzial in der Natur steckt. G\u00e4rtnern mit Kindern f\u00f6rdert nicht nur das Wissen \u00fcber Pflanzen und Nahrung, sondern auch Geduld, Teamarbeit und Respekt vor der Umwelt. Es war wundersch\u00f6n zu sehen, wie die Kinder einander halfen, sich gegenseitig Tipps gaben und sich \u00fcber jedes kleine Erfolgserlebnis gemeinsam freuten. Der Garten wurde so nicht nur zum Klassenzimmer, sondern auch zum Ort der Gemeinschaft.<\/p>\n<p data-start=\"3867\" data-end=\"4218\">Solche Erfahrungen sind fester Bestandteil unserer p\u00e4dagogischen Arbeit in der KiTa Bl\u00fcemli. Neben den t\u00e4glichen Waldausfl\u00fcgen und dem Besuch beim Elefantenbach wollen wir den Kindern regelm\u00e4ssig erm\u00f6glichen, neue Umgebungen zu entdecken und dabei ganzheitlich zu lernen \u2013 mit Kopf, Herz und Hand. Der Gartenausflug war daf\u00fcr ein wunderbares Beispiel.<\/p>\n<p data-start=\"4220\" data-end=\"4354\">Mehr zu unseren Aktivit\u00e4ten und unserem Konzept findest du auch auf unserer Webseite <a class=\"\" href=\"https:\/\/kitabluemli.ch\/en\/\" target=\"_new\" rel=\"noopener\" data-start=\"4305\" data-end=\"4353\">www.kitabluemli.ch<\/a>.<\/p>","protected":false},"excerpt":{"rendered":"<p>Der Sommer l\u00e4dt nicht nur zum Spielen und Entdecken im Wald ein \u2013 auch im Garten wird es spannend! Unsere KiTa-Kinder durften k\u00fcrzlich an einem ganz besonderen Ausflug teilnehmen: Ein Tag im Garten, bei dem das G\u00e4rtnern im Mittelpunkt stand. Mit kleinen Schaufeln, Eimern, Harken und jeder Menge Neugier machten wir uns auf den Weg, [&hellip;]<\/p>\n","protected":false},"author":2,"featured_media":30662,"comment_status":"closed","ping_status":"closed","sticky":false,"template":"","format":"standard","meta":{"footnotes":""},"categories":[520],"tags":[],"class_list":["post-30661","post","type-post","status-publish","format-standard","has-post-thumbnail","hentry","category-waldkinderkrippe-blog"],"_links":{"self":[{"href":"https:\/\/kitabluemli.ch\/en\/wp-json\/wp\/v2\/posts\/30661","targetHints":{"allow":["GET"]}}],"collection":[{"href":"https:\/\/kitabluemli.ch\/en\/wp-json\/wp\/v2\/posts"}],"about":[{"href":"https:\/\/kitabluemli.ch\/en\/wp-json\/wp\/v2\/types\/post"}],"author":[{"embeddable":true,"href":"https:\/\/kitabluemli.ch\/en\/wp-json\/wp\/v2\/users\/2"}],"replies":[{"embeddable":true,"href":"https:\/\/kitabluemli.ch\/en\/wp-json\/wp\/v2\/comments?post=30661"}],"version-history":[{"count":0,"href":"https:\/\/kitabluemli.ch\/en\/wp-json\/wp\/v2\/posts\/30661\/revisions"}],"wp:featuredmedia":[{"embeddable":true,"href":"https:\/\/kitabluemli.ch\/en\/wp-json\/wp\/v2\/media\/30662"}],"wp:attachment":[{"href":"https:\/\/kitabluemli.ch\/en\/wp-json\/wp\/v2\/media?parent=30661"}],"wp:term":[{"taxonomy":"category","embeddable":true,"href":"https:\/\/kitabluemli.ch\/en\/wp-json\/wp\/v2\/categories?post=30661"},{"taxonomy":"post_tag","embeddable":true,"href":"https:\/\/kitabluemli.ch\/en\/wp-json\/wp\/v2\/tags?post=30661"}],"curies":[{"name":"wp","href":"https:\/\/api.w.org\/{rel}","templated":true}]}}