{"id":30671,"date":"2025-09-12T12:00:19","date_gmt":"2025-09-12T10:00:19","guid":{"rendered":"https:\/\/kitabluemli.ch\/?p=30671"},"modified":"2025-08-13T15:14:02","modified_gmt":"2025-08-13T13:14:02","slug":"bastelzeit-im-wald-bringt-kreative-magie","status":"publish","type":"post","link":"https:\/\/kitabluemli.ch\/en\/bastelzeit-im-wald-bringt-kreative-magie\/","title":{"rendered":"Bastelzeit im Wald bringt kreative Magie"},"content":{"rendered":"<p data-start=\"124\" data-end=\"478\">Bastelzeit im Wald beginnt bei uns direkt nach dem Zn\u00fcni. Die Kinder der KiTa Bl\u00fcemli spazieren mit leuchtenden Westen, Rucks\u00e4cken und Vorfreude im Herzen zu ihrem vertrauten Platz im Gr\u00fcnen. Unter hohen B\u00e4umen, umgeben vom Rascheln der Bl\u00e4tter und dem Zwitschern der V\u00f6gel, entsteht ein ganz besonderer Raum \u2013 ein Freiluft-Atelier mitten in der Natur.<\/p>\n<p data-start=\"480\" data-end=\"924\">Heute steht Bastelzeit im Wald auf dem Programm. Die Kinder sammeln unterwegs kleine Naturmaterialien \u2013 St\u00f6cke, Bl\u00e4tter, Rindenst\u00fccke \u2013 und tragen sie voller Stolz zu unserem langen Holztisch. Dort warten farbige Kartons, Filzstifte, Leimstifte und Scheren. Die Betreuungspersonen helfen beim Verteilen der Materialien und zeigen den Kindern, wie sie ihre Ideen umsetzen k\u00f6nnen \u2013 ohne einzugreifen, sondern stets unterst\u00fctzend an ihrer Seite.<\/p>\n<p data-start=\"926\" data-end=\"985\"><strong data-start=\"926\" data-end=\"983\">Bastelzeit im Wald als Ausdruck von Selbstwirksamkeit<\/strong><\/p>\n<p data-start=\"987\" data-end=\"1372\">Jedes Kind entscheidet selbst, was es basteln m\u00f6chte. Ob Fantasietier, Baumlandschaft oder ein Waldtagebuch \u2013 in der Bastelzeit im Wald gibt es kein richtig oder falsch. Ein Junge zeichnet konzentriert einen Fuchs, den er vor Kurzem im Bilderbuch gesehen hat. Ein M\u00e4dchen klebt mit grosser Hingabe Bl\u00e4tter auf ein gr\u00fcnes Blatt Papier und erkl\u00e4rt: \u201eDas ist ein Waldbett f\u00fcr den Igel.\u201c<\/p>\n<p data-start=\"1374\" data-end=\"1629\">Solche Momente zeigen, wie wichtig kreative Prozesse f\u00fcr die fr\u00fchkindliche Entwicklung sind. Kinder erleben sich als kompetent, selbstbestimmt und fantasievoll. Die Fachpersonen geben Impulse, wenn n\u00f6tig, aber die Ideen kommen immer aus dem Kind selbst.<\/p>\n<p data-start=\"1631\" data-end=\"1682\"><strong data-start=\"1631\" data-end=\"1680\">Feinmotorik und Sprache spielerisch gef\u00f6rdert<\/strong><\/p>\n<p data-start=\"1684\" data-end=\"1952\">W\u00e4hrend der Bastelzeit im Wald werden viele F\u00e4higkeiten gest\u00e4rkt. Mit dem Leimstift pr\u00e4zise zu kleben, Linien zu zeichnen oder kleine Bl\u00e4tter zu fixieren, f\u00f6rdert die Hand-Auge-Koordination und die Feinmotorik \u2013 wichtige Voraussetzungen f\u00fcr sp\u00e4teres Schreibenlernen.<\/p>\n<p data-start=\"1954\" data-end=\"2222\">Gleichzeitig entstehen echte Gespr\u00e4che: \u201eWelche Farbe hat dein Tier?\u201c \u2013 \u201eWas klebst du da?\u201c \u2013 \u201eIch mache ein Haus f\u00fcr die Ameise.\u201c Diese sprachlichen Austausche sind nat\u00fcrlich, lebendig und f\u00fcr die Kinder besonders motivierend, weil sie aus dem Tun heraus entstehen.<\/p>\n<p data-start=\"2224\" data-end=\"2400\">Kinder mit unterschiedlichen Sprachst\u00e4nden profitieren hier enorm, denn sie erleben Sprache eingebettet in Handlung und Emotion \u2013 ein idealer Kontext f\u00fcr nachhaltiges Lernen.<\/p>\n<p data-start=\"2402\" data-end=\"2524\">Mehr \u00fcber unsere t\u00e4gliche Waldgruppe findest du unter <a class=\"\" href=\"https:\/\/kitabluemli.ch\/en\/forest-group\/\" target=\"_new\" rel=\"noopener\" data-start=\"2456\" data-end=\"2521\">Waldgruppe der KiTa Bl\u00fcemli<\/a>.<\/p>\n<p data-start=\"2526\" data-end=\"2572\"><strong data-start=\"2526\" data-end=\"2570\">Bastelzeit im Wald als emotionaler Anker<\/strong><\/p>\n<p data-start=\"2574\" data-end=\"2934\">Viele Kinder verarbeiten Erlebtes beim Malen oder Basteln. Das Eichh\u00f6rnchen, das am Morgen den Weg gekreuzt hat, taucht pl\u00f6tzlich als rotes Tier mit langem Schwanz auf dem Papier auf. Die Matsche, in der jemand ausgerutscht ist, wird als brauner See dargestellt. Bastelzeit im Wald ist oft auch ein emotionaler R\u00fcckblick \u2013 ein kreatives Nacherleben der Welt.<\/p>\n<p data-start=\"2936\" data-end=\"3100\">Das f\u00f6rdert nicht nur das Ausdrucksverm\u00f6gen, sondern auch die emotionale Intelligenz: Die Kinder lernen, Erlebnisse in Bilder zu fassen und mit anderen zu teilen.<\/p>\n<p data-start=\"3102\" data-end=\"3140\"><strong data-start=\"3102\" data-end=\"3138\">Ruhe und Konzentration im Gr\u00fcnen<\/strong><\/p>\n<p data-start=\"3142\" data-end=\"3437\">Ein Wald voller Reize? Ja \u2013 aber auf ganz andere Weise als ein vollgepackter Gruppenraum. Die Natur entschleunigt. In der Bastelzeit im Wald entstehen ruhige Momente der Konzentration. Manche Kinder versinken regelrecht in ihre T\u00e4tigkeit, andere schauen still zu oder sammeln neue Materialien.<\/p>\n<p data-start=\"3439\" data-end=\"3704\">Gerade f\u00fcr sensible Kinder bietet dieser Rahmen eine wunderbare M\u00f6glichkeit, zur Ruhe zu kommen, sich zu fokussieren und ihre Ideen frei umzusetzen. Die Ger\u00e4usche des Waldes, das Lichtspiel der Bl\u00e4tter und die nat\u00fcrliche Umgebung helfen dabei, sich zu zentrieren.<\/p>\n<p data-start=\"3706\" data-end=\"3753\"><strong data-start=\"3706\" data-end=\"3751\">Verbindung zwischen Natur und Kreativit\u00e4t<\/strong><\/p>\n<p data-start=\"3755\" data-end=\"4013\">Die Bastelzeit im Wald schliesst f\u00fcr uns auch eine wichtige p\u00e4dagogische Br\u00fccke: Kinder lernen, Natur als etwas Wertvolles zu begreifen. Sie erleben, dass Bl\u00e4tter, \u00c4ste oder Samen nicht nur zum Basteln dienen, sondern Teil eines lebendigen \u00d6kosystems sind.<\/p>\n<p data-start=\"4015\" data-end=\"4243\">Wir sprechen \u00fcber Pflanzen, Tiere und Jahreszeiten. Die Kinder fragen: \u201eDarf ich das Blatt nehmen?\u201c oder \u201eWarum hat dieser Baum L\u00f6cher in der Rinde?\u201c \u2013 solche Fragen sind perfekte Ausgangspunkte f\u00fcr kindgerechte Umweltbildung.<\/p>\n<p data-start=\"4245\" data-end=\"4361\">Mehr \u00fcber unsere Werte erf\u00e4hrst du hier: <a class=\"\" href=\"https:\/\/kitabluemli.ch\/en\/our-values\/\" target=\"_new\" rel=\"noopener\" data-start=\"4286\" data-end=\"4358\">Unsere Werte in der KiTa Bl\u00fcemli<\/a>.<\/p>\n<p data-start=\"4363\" data-end=\"4407\"><strong data-start=\"4363\" data-end=\"4405\">Kreativit\u00e4t braucht Raum und Vertrauen<\/strong><\/p>\n<p data-start=\"4409\" data-end=\"4632\">Damit Bastelzeit im Wald gelingen kann, braucht es keine Bastelsets, keine perfekten Ergebnisse, keine vorgegebenen Themen. Es braucht Raum, Zeit, Material und ein Team, das Kindern zutraut, ihre Welt selbst zu gestalten.<\/p>\n<p data-start=\"4634\" data-end=\"4932\">In der KiTa Bl\u00fcemli achten wir auf diesen Freiraum \u2013 und auf die Balance zwischen Anleitung und Loslassen. Denn genau darin liegt das Geheimnis echter Kreativit\u00e4t: Wenn Kinder ohne Leistungsdruck gestalten d\u00fcrfen, entstehen die sch\u00f6nsten Werke \u2013 aus Neugier, Freude und ganz viel Eigenmotivation.<\/p>\n<p data-start=\"4934\" data-end=\"5191\" data-is-last-node=\"\" data-is-only-node=\"\">Wenn du m\u00f6chtest, dass dein Kind solche kreativen Freir\u00e4ume in der Natur erlebt, freuen wir uns \u00fcber deine <a class=\"\" href=\"https:\/\/kitabluemli.ch\/en\/enrollment\/\" target=\"_new\" rel=\"noopener\" data-start=\"5041\" data-end=\"5087\">Enrolment<\/a>. Bastelzeit im Wald ist bei uns keine Aktivit\u00e4t \u2013 sie ist ein Erlebnis voller Entfaltungsm\u00f6glichkeiten.<\/p>","protected":false},"excerpt":{"rendered":"<p>Bastelzeit im Wald beginnt bei uns direkt nach dem Zn\u00fcni. Die Kinder der KiTa Bl\u00fcemli spazieren mit leuchtenden Westen, Rucks\u00e4cken und Vorfreude im Herzen zu ihrem vertrauten Platz im Gr\u00fcnen. Unter hohen B\u00e4umen, umgeben vom Rascheln der Bl\u00e4tter und dem Zwitschern der V\u00f6gel, entsteht ein ganz besonderer Raum \u2013 ein Freiluft-Atelier mitten in der Natur. [&hellip;]<\/p>\n","protected":false},"author":2,"featured_media":30672,"comment_status":"closed","ping_status":"closed","sticky":false,"template":"","format":"standard","meta":{"footnotes":""},"categories":[520],"tags":[],"class_list":["post-30671","post","type-post","status-publish","format-standard","has-post-thumbnail","hentry","category-waldkinderkrippe-blog"],"_links":{"self":[{"href":"https:\/\/kitabluemli.ch\/en\/wp-json\/wp\/v2\/posts\/30671","targetHints":{"allow":["GET"]}}],"collection":[{"href":"https:\/\/kitabluemli.ch\/en\/wp-json\/wp\/v2\/posts"}],"about":[{"href":"https:\/\/kitabluemli.ch\/en\/wp-json\/wp\/v2\/types\/post"}],"author":[{"embeddable":true,"href":"https:\/\/kitabluemli.ch\/en\/wp-json\/wp\/v2\/users\/2"}],"replies":[{"embeddable":true,"href":"https:\/\/kitabluemli.ch\/en\/wp-json\/wp\/v2\/comments?post=30671"}],"version-history":[{"count":0,"href":"https:\/\/kitabluemli.ch\/en\/wp-json\/wp\/v2\/posts\/30671\/revisions"}],"wp:featuredmedia":[{"embeddable":true,"href":"https:\/\/kitabluemli.ch\/en\/wp-json\/wp\/v2\/media\/30672"}],"wp:attachment":[{"href":"https:\/\/kitabluemli.ch\/en\/wp-json\/wp\/v2\/media?parent=30671"}],"wp:term":[{"taxonomy":"category","embeddable":true,"href":"https:\/\/kitabluemli.ch\/en\/wp-json\/wp\/v2\/categories?post=30671"},{"taxonomy":"post_tag","embeddable":true,"href":"https:\/\/kitabluemli.ch\/en\/wp-json\/wp\/v2\/tags?post=30671"}],"curies":[{"name":"wp","href":"https:\/\/api.w.org\/{rel}","templated":true}]}}