{"id":30676,"date":"2025-09-18T12:00:53","date_gmt":"2025-09-18T10:00:53","guid":{"rendered":"https:\/\/kitabluemli.ch\/?p=30676"},"modified":"2025-08-13T15:23:22","modified_gmt":"2025-08-13T13:23:22","slug":"malen-mit-kleinkindern-entfacht-kreative-freude","status":"publish","type":"post","link":"https:\/\/kitabluemli.ch\/en\/malen-mit-kleinkindern-entfacht-kreative-freude\/","title":{"rendered":"Malen mit Kleinkindern entfacht kreative Freude"},"content":{"rendered":"<p data-start=\"135\" data-end=\"476\">Malen mit Kleinkindern beginnt bei uns nicht mit einem Pinsel, sondern mit einer Idee: Kinder sollen die Welt mit allen Sinnen erleben d\u00fcrfen. In der KiTa Bl\u00fcemli schaffen wir Raum f\u00fcr genau das \u2013 wie auf dem Bild zu sehen, bei dem ein Kind mit leuchtend gelber Malsch\u00fcrze, bunten Farben und voller Hingabe sein erstes Kunstwerk gestaltet.<\/p>\n<p data-start=\"478\" data-end=\"816\">Das Malen mit Kleinkindern ist mehr als nur Besch\u00e4ftigung. Es ist eine der urspr\u00fcnglichsten Ausdrucksformen \u2013 eine M\u00f6glichkeit, Gef\u00fchle, Eindr\u00fccke und Ideen sichtbar zu machen. Kinder in diesem Alter verf\u00fcgen oft noch nicht \u00fcber die sprachlichen Mittel, um alles auszudr\u00fccken. Mit Farben, H\u00e4nden und Bewegung gelingt ihnen das intuitiv.<\/p>\n<p data-start=\"818\" data-end=\"882\"><strong data-start=\"818\" data-end=\"880\">Malen mit Kleinkindern st\u00e4rkt Selbstvertrauen und Ausdruck<\/strong><\/p>\n<p data-start=\"884\" data-end=\"1302\">In unserer Kinderkrippe steht das freie Gestalten im Zentrum. Beim Malen mit Kleinkindern z\u00e4hlt nicht das Ergebnis, sondern der Prozess. Jedes Werk ist ein Ausdruck von Pers\u00f6nlichkeit und Selbstwirksamkeit. Wenn Kinder ihre Finger \u00fcber das Papier bewegen, Spuren hinterlassen, Farben mischen und experimentieren, erleben sie sich als aktiv gestaltend \u2013 ein enorm wichtiger Baustein f\u00fcr ein gesundes Selbstwertgef\u00fchl.<\/p>\n<p data-start=\"1304\" data-end=\"1548\">Das Kind auf dem Bild entscheidet selbst, welche Farbe es nimmt, ob es mit den Fingern oder einem Pinsel malt, wie viel Platz es nutzt. Diese Freiheit f\u00f6rdert Kreativit\u00e4t, Selbstst\u00e4ndigkeit und Konzentration \u2013 ganz spielerisch und ohne Druck.<\/p>\n<p data-start=\"1550\" data-end=\"1587\"><strong data-start=\"1550\" data-end=\"1585\">Farbfreude trifft auf P\u00e4dagogik<\/strong><\/p>\n<p data-start=\"1589\" data-end=\"1878\">Wir achten darauf, dass die Umgebung zum Malen mit Kleinkindern einl\u00e4dt: abwaschbare Tische, kindgerechte Malkittel, grosse Papierfl\u00e4chen und eine \u00fcbersichtliche Auswahl an Farben. Das Material ist so gew\u00e4hlt, dass es ungef\u00e4hrlich ist \u2013 aber gleichzeitig interessante Effekte erm\u00f6glicht.<\/p>\n<p data-start=\"1880\" data-end=\"2123\">Die Betreuerinnen begleiten die Kinder aufmerksam, aber zur\u00fcckhaltend. Sie benennen Farben, stellen Fragen (\u201eWie f\u00fchlt sich die Farbe an?\u201c), regen zum Beobachten an (\u201eWas passiert, wenn du Rot und Blau mischst?\u201c) und unterst\u00fctzen bei Bedarf.<\/p>\n<p data-start=\"2125\" data-end=\"2298\">Dieser p\u00e4dagogische Rahmen sorgt daf\u00fcr, dass das Malen mit Kleinkindern nicht nur Freude macht, sondern auch die sprachliche, motorische und emotionale Entwicklung st\u00e4rkt.<\/p>\n<p data-start=\"2300\" data-end=\"2427\">Mehr zu unseren kreativen Angeboten findest du unter <a class=\"\" href=\"https:\/\/kitabluemli.ch\/en\/activities\/\" target=\"_new\" rel=\"noopener\" data-start=\"2353\" data-end=\"2424\">Aktivit\u00e4ten in der KiTa Bl\u00fcemli<\/a>.<\/p>\n<p data-start=\"2429\" data-end=\"2495\"><strong data-start=\"2429\" data-end=\"2493\">Malen mit Kleinkindern f\u00f6rdert Feinmotorik und Konzentration<\/strong><\/p>\n<p data-start=\"2497\" data-end=\"2805\">Das Greifen eines Pinsels, das gezielte F\u00fchren \u00fcber das Papier, das \u00d6ffnen eines Farbt\u00f6pfchens \u2013 all diese Handlungen trainieren die Feinmotorik der Kinder. Durch wiederholte Bewegungsabl\u00e4ufe verbessern sie ihre Hand-Auge-Koordination, was eine wichtige Grundlage f\u00fcr das sp\u00e4tere Schreibenlernen darstellt.<\/p>\n<p data-start=\"2807\" data-end=\"3022\">Auch das Durchhalten einer T\u00e4tigkeit \u00fcber mehrere Minuten, das Erleben von Ursache und Wirkung (z.\u202fB. beim Mischen von Farben) und das gezielte Arbeiten an einem Projekt f\u00f6rdern kognitive F\u00e4higkeiten und Ausdauer.<\/p>\n<p data-start=\"3024\" data-end=\"3077\"><strong data-start=\"3024\" data-end=\"3075\">Malen mit Kleinkindern: ein sinnliches Erlebnis<\/strong><\/p>\n<p data-start=\"3079\" data-end=\"3443\">Das Kind auf dem Bild taucht seine Hand in Farbe, streicht \u00fcber das Papier und betrachtet fasziniert das Ergebnis. Malen mit Kleinkindern ist ein multisensorisches Erlebnis. Sie sehen Farben, sp\u00fcren Konsistenzen, h\u00f6ren das Ger\u00e4usch beim Streichen mit dem Pinsel, riechen die Farben \u2013 all das aktiviert verschiedene Hirnareale und schafft emotionale Verbindungen.<\/p>\n<p data-start=\"3445\" data-end=\"3690\">Gerade j\u00fcngere Kinder profitieren davon, Kunst nicht als fertiges Produkt zu erleben, sondern als Prozess des Entdeckens. Dabei darf auch gekleckert und ausprobiert werden. Unsere Betreuerinnen begleiten diesen Weg mit Geduld und Begeisterung.<\/p>\n<p data-start=\"3692\" data-end=\"3736\"><strong data-start=\"3692\" data-end=\"3734\">Kreative Rituale schaffen Vertrautheit<\/strong><\/p>\n<p data-start=\"3738\" data-end=\"3979\">In der KiTa Bl\u00fcemli geh\u00f6rt das Malen mit Kleinkindern fest in unseren Wochenrhythmus. Ob drinnen an Tischen oder draussen im Garten \u2013 die Kinder wissen, wann \u201eKunstzeit\u201c ist. Diese Verl\u00e4sslichkeit gibt Sicherheit und f\u00f6rdert die Vorfreude.<\/p>\n<p data-start=\"3981\" data-end=\"4197\">Immer wieder greifen Kinder Themen aus dem Alltag auf \u2013 Blumen, Tiere, das Wetter oder das Fr\u00fchst\u00fcck \u2013 und bringen sie in ihre Werke ein. So verbindet sich Kreativit\u00e4t mit Alltagserfahrung, was das Lernen vertieft.<\/p>\n<p data-start=\"4199\" data-end=\"4243\"><strong data-start=\"4199\" data-end=\"4241\">Individuelle Begleitung f\u00fcr jedes Kind<\/strong><\/p>\n<p data-start=\"4245\" data-end=\"4437\">Beim Malen mit Kleinkindern begegnen wir jedem Kind individuell. Manche starten mutig mit Farbe, andere schauen zuerst zu. Einige brauchen klare Impulse, andere wollen v\u00f6llig frei gestalten.<\/p>\n<p data-start=\"4439\" data-end=\"4601\">Unsere Fachpersonen erkennen diese Unterschiede und bieten Unterst\u00fctzung, wo sie gebraucht wird \u2013 immer mit dem Ziel, die Eigeninitiative der Kinder zu f\u00f6rdern.<\/p>\n<p data-start=\"4603\" data-end=\"4698\">Mehr \u00fcber unser Team erf\u00e4hrst du hier: <a class=\"\" href=\"https:\/\/kitabluemli.ch\/en\/team\/\" target=\"_new\" rel=\"noopener\" data-start=\"4642\" data-end=\"4695\">Team der KiTa Bl\u00fcemli<\/a>.<\/p>\n<p data-start=\"4700\" data-end=\"4747\"><strong data-start=\"4700\" data-end=\"4745\">Eltern freuen sich \u00fcber kleine Kunstwerke<\/strong><\/p>\n<p data-start=\"4749\" data-end=\"4933\">Nat\u00fcrlich d\u00fcrfen die Kinder ihre Werke mit nach Hause nehmen \u2013 und die Freude der Eltern ist oft riesig. Viele h\u00e4ngen die Bilder auf, sammeln sie in Mappen oder rahmen sie sogar ein.<\/p>\n<p data-start=\"4935\" data-end=\"5059\">So entsteht eine wertvolle Verbindung zwischen Kita und Familie, zwischen dem Erleben des Kindes und dem Stolz der Eltern.<\/p>\n<p data-start=\"5061\" data-end=\"5289\" data-is-last-node=\"\" data-is-only-node=\"\">Wenn auch du m\u00f6chtest, dass dein Kind auf kreative Weise die Welt entdeckt, freuen wir uns auf deine <a class=\"\" href=\"https:\/\/kitabluemli.ch\/en\/enrollment\/\" target=\"_new\" rel=\"noopener\" data-start=\"5162\" data-end=\"5208\">Enrolment<\/a>. Malen mit Kleinkindern ist bei uns nicht nur bunt, sondern auch bedeutungsvoll.<\/p>","protected":false},"excerpt":{"rendered":"<p>Malen mit Kleinkindern beginnt bei uns nicht mit einem Pinsel, sondern mit einer Idee: Kinder sollen die Welt mit allen Sinnen erleben d\u00fcrfen. In der KiTa Bl\u00fcemli schaffen wir Raum f\u00fcr genau das \u2013 wie auf dem Bild zu sehen, bei dem ein Kind mit leuchtend gelber Malsch\u00fcrze, bunten Farben und voller Hingabe sein erstes [&hellip;]<\/p>\n","protected":false},"author":2,"featured_media":30677,"comment_status":"closed","ping_status":"closed","sticky":false,"template":"","format":"standard","meta":{"footnotes":""},"categories":[519],"tags":[],"class_list":["post-30676","post","type-post","status-publish","format-standard","has-post-thumbnail","hentry","category-kinderkrippe-blog"],"_links":{"self":[{"href":"https:\/\/kitabluemli.ch\/en\/wp-json\/wp\/v2\/posts\/30676","targetHints":{"allow":["GET"]}}],"collection":[{"href":"https:\/\/kitabluemli.ch\/en\/wp-json\/wp\/v2\/posts"}],"about":[{"href":"https:\/\/kitabluemli.ch\/en\/wp-json\/wp\/v2\/types\/post"}],"author":[{"embeddable":true,"href":"https:\/\/kitabluemli.ch\/en\/wp-json\/wp\/v2\/users\/2"}],"replies":[{"embeddable":true,"href":"https:\/\/kitabluemli.ch\/en\/wp-json\/wp\/v2\/comments?post=30676"}],"version-history":[{"count":0,"href":"https:\/\/kitabluemli.ch\/en\/wp-json\/wp\/v2\/posts\/30676\/revisions"}],"wp:featuredmedia":[{"embeddable":true,"href":"https:\/\/kitabluemli.ch\/en\/wp-json\/wp\/v2\/media\/30677"}],"wp:attachment":[{"href":"https:\/\/kitabluemli.ch\/en\/wp-json\/wp\/v2\/media?parent=30676"}],"wp:term":[{"taxonomy":"category","embeddable":true,"href":"https:\/\/kitabluemli.ch\/en\/wp-json\/wp\/v2\/categories?post=30676"},{"taxonomy":"post_tag","embeddable":true,"href":"https:\/\/kitabluemli.ch\/en\/wp-json\/wp\/v2\/tags?post=30676"}],"curies":[{"name":"wp","href":"https:\/\/api.w.org\/{rel}","templated":true}]}}