{"id":30679,"date":"2025-09-21T12:00:44","date_gmt":"2025-09-21T10:00:44","guid":{"rendered":"https:\/\/kitabluemli.ch\/?p=30679"},"modified":"2025-08-13T15:25:31","modified_gmt":"2025-08-13T13:25:31","slug":"naturentdeckung-im-wald-begeistert-kinderherzen","status":"publish","type":"post","link":"https:\/\/kitabluemli.ch\/en\/naturentdeckung-im-wald-begeistert-kinderherzen\/","title":{"rendered":"Naturentdeckung im Wald begeistert Kinderherzen"},"content":{"rendered":"<article class=\"text-token-text-primary w-full focus:outline-none scroll-mt-[calc(var(--header-height)+min(200px,max(70px,20svh)))]\" dir=\"auto\" tabindex=\"-1\" data-turn-id=\"request-67e28f6c-f960-8011-a4c8-50bcb9b366c2-26\" data-testid=\"conversation-turn-146\" data-scroll-anchor=\"true\" data-turn=\"assistant\">\n<div class=\"text-base my-auto mx-auto pb-10 [--thread-content-margin:--spacing(4)] @[37rem]:[--thread-content-margin:--spacing(6)] @[72rem]:[--thread-content-margin:--spacing(16)] px-(--thread-content-margin)\">\n<div class=\"[--thread-content-max-width:32rem] @[34rem]:[--thread-content-max-width:40rem] @[64rem]:[--thread-content-max-width:48rem] mx-auto max-w-(--thread-content-max-width) flex-1 group\/turn-messages focus-visible:outline-hidden relative flex w-full min-w-0 flex-col agent-turn\" tabindex=\"-1\">\n<div class=\"flex max-w-full flex-col grow\">\n<div class=\"min-h-8 text-message relative flex w-full flex-col items-end gap-2 text-start break-words whitespace-normal [.text-message+&amp;]:mt-5\" dir=\"auto\" data-message-author-role=\"assistant\" data-message-id=\"b13ec72b-109d-4190-909a-065068623bec\" data-message-model-slug=\"gpt-4o\">\n<div class=\"flex w-full flex-col gap-1 empty:hidden first:pt-[3px]\">\n<div class=\"markdown prose dark:prose-invert w-full break-words dark markdown-new-styling\">\n<p data-start=\"136\" data-end=\"478\">Naturentdeckung im Wald ist in der KiTa Bl\u00fcemli kein seltenes Ereignis, sondern fester Bestandteil unseres Alltags. T\u00e4glich nach dem Zn\u00fcni zieht es uns mit den Kindern hinaus ins Gr\u00fcne \u2013 genauer gesagt in den nahegelegenen Wald, wo unsere kleinen Abenteurer mit wachem Blick, neugierigen Fragen und viel Begeisterung ihre Umwelt erforschen.<\/p>\n<p data-start=\"480\" data-end=\"740\">Das Bild zeigt eine dieser magischen Situationen: Eine Gruppe Kinder kniet im Kreis \u00fcber einem Fundst\u00fcck \u2013 konzentriert, fasziniert, voller Eifer. Was auf den ersten Blick wie ein kleiner Moment wirkt, ist in Wirklichkeit ein wertvoller p\u00e4dagogischer Schatz.<\/p>\n<p data-start=\"742\" data-end=\"810\"><strong data-start=\"742\" data-end=\"808\">Naturentdeckung im Wald f\u00f6rdert Aufmerksamkeit und Achtsamkeit<\/strong><\/p>\n<p data-start=\"812\" data-end=\"1119\">Wenn Kinder im Wald auf Spurensuche gehen, wird jede Kleinigkeit bedeutend. Ein K\u00e4fer, der sich zwischen den \u00c4sten hindurchschl\u00e4ngelt, ein Pilz, der unter einem Laubhaufen w\u00e4chst, oder ein Regenwurm, der sich durch den feuchten Boden windet \u2013 all das sind Erlebnisse, die bei den Kindern Staunen ausl\u00f6sen.<\/p>\n<p data-start=\"1121\" data-end=\"1354\">Die Naturentdeckung im Wald f\u00f6rdert dabei mehr als nur die Sinne: Sie trainiert die Beobachtungsgabe, st\u00e4rkt die Konzentration und weckt die kindliche Neugier. Kinder lernen, leise zu sein, genau hinzuschauen und Fragen zu stellen.<\/p>\n<p data-start=\"1356\" data-end=\"1423\"><strong data-start=\"1356\" data-end=\"1421\">Naturentdeckung im Wald schafft emotionale Bindung zur Umwelt<\/strong><\/p>\n<p data-start=\"1425\" data-end=\"1664\">Was man kennt, das sch\u00fctzt man. Diese einfache Erkenntnis leitet unsere Arbeit mit der Waldgruppe. Wenn Kinder regelm\u00e4ssig im Wald unterwegs sind und dort lebendige Erfahrungen sammeln, entsteht eine enge emotionale Verbindung zur Natur.<\/p>\n<p data-start=\"1666\" data-end=\"1840\">Sie erleben den Jahresverlauf mit allen Sinnen: die frischen Triebe im Fr\u00fchling, die W\u00e4rme und D\u00fcfte im Sommer, das Rascheln des Laubs im Herbst und die Stille des Winters.<\/p>\n<p data-start=\"1842\" data-end=\"2009\">Diese gelebte Naturentdeckung im Wald f\u00f6rdert fr\u00fch ein Bewusstsein f\u00fcr \u00f6kologische Zusammenh\u00e4nge \u2013 ganz ohne erhobenen Zeigefinger, sondern durch staunendes Erleben.<\/p>\n<p data-start=\"2011\" data-end=\"2104\">Mehr zur <a class=\"\" href=\"https:\/\/kitabluemli.ch\/waldgruppe\/\" target=\"_new\" rel=\"noopener\" data-start=\"2020\" data-end=\"2101\">Waldgruppe der KiTa Bl\u00fcemli findest du hier<\/a>.<\/p>\n<p data-start=\"2106\" data-end=\"2163\"><strong data-start=\"2106\" data-end=\"2161\">Naturentdeckung im Wald ist echte Erfahrungsbildung<\/strong><\/p>\n<p data-start=\"2165\" data-end=\"2461\">Im Gegensatz zu inszenierten Lernsettings in Innenr\u00e4umen bietet der Wald eine unendliche Vielfalt an echten, unplanbaren Erfahrungen. Kinder lernen hier durch eigenes Tun: Wie f\u00fchlt sich nasser Waldboden an? Welche Ger\u00e4usche machen verschiedene Tiere? Wie sehen Bl\u00e4tter aus, wenn sie verwelken?<\/p>\n<p data-start=\"2463\" data-end=\"2730\">Beim Buddeln, Graben und Suchen entwickeln sie motorische F\u00e4higkeiten, st\u00e4rken ihre Muskulatur und trainieren gleichzeitig ihre Koordination. Die Bewegung im unebenen Gel\u00e4nde stellt neue Herausforderungen \u2013 aber genau das brauchen Kinder, um sich sicher zu bewegen.<\/p>\n<p data-start=\"2732\" data-end=\"2801\"><strong data-start=\"2732\" data-end=\"2799\">Naturentdeckung im Wald f\u00f6rdert Teamgeist und soziale Kompetenz<\/strong><\/p>\n<p data-start=\"2803\" data-end=\"2980\">Das Foto zeigt auch: Naturentdeckung im Wald ist nie eine einsame T\u00e4tigkeit. Die Kinder tauschen sich aus, zeigen sich gegenseitig ihre Funde, diskutieren, was es sein k\u00f6nnte.<\/p>\n<p data-start=\"2982\" data-end=\"3215\">Dabei entstehen erste Formen von Kooperation, R\u00fccksichtnahme und geteiltem Staunen \u2013 zentrale Grundlagen f\u00fcr soziale Kompetenz. Die Erzieherinnen begleiten diese Prozesse feinf\u00fchlig und greifen Impulse auf, ohne zu viel vorzugeben.<\/p>\n<p data-start=\"3217\" data-end=\"3382\">Ein Kind entdeckt eine Schnecke? Dann schauen alle hin. Eine Betreuerin stellt eine Frage: \u201eWohin kriecht sie wohl?\u201c Und schon beginnt eine kleine Forschungsreise.<\/p>\n<p data-start=\"3384\" data-end=\"3441\"><strong data-start=\"3384\" data-end=\"3439\">Naturentdeckung im Wald mit Struktur und Sicherheit<\/strong><\/p>\n<p data-start=\"3443\" data-end=\"3665\">Auch wenn der Wald voller \u00dcberraschungen steckt \u2013 unsere Ausfl\u00fcge folgen einer klaren Struktur. Die Kinder wissen genau, wann wir losgehen, wo wir Halt machen, wann es Zeit f\u00fcr Zn\u00fcni ist und wann wir wieder zur\u00fcckkehren.<\/p>\n<p data-start=\"3667\" data-end=\"3924\">Diese wiederkehrenden Rituale geben Sicherheit und erm\u00f6glichen es den Kindern, sich auf das Entdecken zu konzentrieren. Gleichzeitig gibt es genug Raum f\u00fcr spontane Erlebnisse \u2013 wie das Knien \u00fcber einem geheimnisvollen Erdh\u00fcgel, wie auf dem Bild zu sehen.<\/p>\n<p data-start=\"3926\" data-end=\"3983\"><strong data-start=\"3926\" data-end=\"3981\">P\u00e4dagogischer Mehrwert f\u00fcr Eltern greifbar erlebbar<\/strong><\/p>\n<p data-start=\"3985\" data-end=\"4150\">Eltern fragen oft, was ihre Kinder im Wald \u201elernen\u201c. Unsere Antwort ist einfach: Alles. Die Naturentdeckung im Wald f\u00f6rdert K\u00f6rper, Geist und Seele gleichermassen.<\/p>\n<p data-start=\"4152\" data-end=\"4325\">Sie ersetzt kein klassisches Lernen, sondern erg\u00e4nzt es auf einzigartige Weise: Kinder erleben Zusammenh\u00e4nge, entwickeln Verantwortungsgef\u00fchl und erweitern ihren Horizont.<\/p>\n<p data-start=\"4327\" data-end=\"4459\">Wer sich f\u00fcr die KiTa Bl\u00fcemli entscheidet, entscheidet sich f\u00fcr eine Bildung, die \u00fcber W\u00e4nde hinausgeht \u2013 mitten hinein ins Leben.<\/p>\n<p data-start=\"4461\" data-end=\"4580\">Mehr \u00fcber unsere Werte findest du unter: <a class=\"\" href=\"https:\/\/kitabluemli.ch\/unsere-werte\/\" target=\"_new\" rel=\"noopener\" data-start=\"4502\" data-end=\"4578\">https:\/\/kitabluemli.ch\/unsere-werte\/<\/a><\/p>\n<p data-start=\"4582\" data-end=\"4632\"><strong data-start=\"4582\" data-end=\"4630\">Die nat\u00fcrliche Neugier als Motor des Lernens<\/strong><\/p>\n<p data-start=\"4634\" data-end=\"4805\">Kinder sind von Natur aus neugierig \u2013 diese Neugier wollen wir nicht z\u00fcgeln, sondern begleiten. Naturentdeckung im Wald ist ein idealer N\u00e4hrboden f\u00fcr forschendes Lernen.<\/p>\n<p data-start=\"4807\" data-end=\"5004\">Jede Schnecke, jeder Ast, jeder Tropfen Wasser kann zur Entdeckungsreise werden. Und manchmal braucht es nur ein paar Kinderf\u00fcsse in Gummistiefeln und einen Waldboden, um ganz Grosses zu erleben.<\/p>\n<p data-start=\"5006\" data-end=\"5245\" data-is-last-node=\"\" data-is-only-node=\"\">Wenn auch dein Kind Teil dieser naturnahen Erfahrung werden soll, freuen wir uns \u00fcber deine <a class=\"\" href=\"https:\/\/kitabluemli.ch\/anmeldung\/\" target=\"_new\" rel=\"noopener\" data-start=\"5098\" data-end=\"5144\">Anmeldung<\/a>. Naturentdeckung im Wald bedeutet f\u00fcr uns: Lernen mit Herz, Hand und Verstand \u2013 jeden Tag aufs Neue.<\/p>\n<\/div>\n<\/div>\n<\/div>\n<\/div>\n<\/div>\n<\/div>\n<\/article>\n","protected":false},"excerpt":{"rendered":"<p>Naturentdeckung im Wald ist in der KiTa Bl\u00fcemli kein seltenes Ereignis, sondern fester Bestandteil unseres Alltags. T\u00e4glich nach dem Zn\u00fcni zieht es uns mit den Kindern hinaus ins Gr\u00fcne \u2013 genauer gesagt in den nahegelegenen Wald, wo unsere kleinen Abenteurer mit wachem Blick, neugierigen Fragen und viel Begeisterung ihre Umwelt erforschen. Das Bild zeigt eine [&hellip;]<\/p>\n","protected":false},"author":2,"featured_media":30680,"comment_status":"closed","ping_status":"closed","sticky":false,"template":"","format":"standard","meta":{"footnotes":""},"categories":[520],"tags":[],"class_list":["post-30679","post","type-post","status-publish","format-standard","has-post-thumbnail","hentry","category-waldkinderkrippe-blog"],"_links":{"self":[{"href":"https:\/\/kitabluemli.ch\/en\/wp-json\/wp\/v2\/posts\/30679","targetHints":{"allow":["GET"]}}],"collection":[{"href":"https:\/\/kitabluemli.ch\/en\/wp-json\/wp\/v2\/posts"}],"about":[{"href":"https:\/\/kitabluemli.ch\/en\/wp-json\/wp\/v2\/types\/post"}],"author":[{"embeddable":true,"href":"https:\/\/kitabluemli.ch\/en\/wp-json\/wp\/v2\/users\/2"}],"replies":[{"embeddable":true,"href":"https:\/\/kitabluemli.ch\/en\/wp-json\/wp\/v2\/comments?post=30679"}],"version-history":[{"count":0,"href":"https:\/\/kitabluemli.ch\/en\/wp-json\/wp\/v2\/posts\/30679\/revisions"}],"wp:featuredmedia":[{"embeddable":true,"href":"https:\/\/kitabluemli.ch\/en\/wp-json\/wp\/v2\/media\/30680"}],"wp:attachment":[{"href":"https:\/\/kitabluemli.ch\/en\/wp-json\/wp\/v2\/media?parent=30679"}],"wp:term":[{"taxonomy":"category","embeddable":true,"href":"https:\/\/kitabluemli.ch\/en\/wp-json\/wp\/v2\/categories?post=30679"},{"taxonomy":"post_tag","embeddable":true,"href":"https:\/\/kitabluemli.ch\/en\/wp-json\/wp\/v2\/tags?post=30679"}],"curies":[{"name":"wp","href":"https:\/\/api.w.org\/{rel}","templated":true}]}}