{"id":30686,"date":"2025-09-24T12:00:14","date_gmt":"2025-09-24T10:00:14","guid":{"rendered":"https:\/\/kitabluemli.ch\/?p=30686"},"modified":"2025-08-13T15:31:42","modified_gmt":"2025-08-13T13:31:42","slug":"znueni-im-garten-bringt-frische-energie","status":"publish","type":"post","link":"https:\/\/kitabluemli.ch\/en\/znueni-im-garten-bringt-frische-energie\/","title":{"rendered":"Zn\u00fcni im Garten bringt frische Energie"},"content":{"rendered":"<p data-start=\"119\" data-end=\"511\">Zn\u00fcni im Garten geh\u00f6rt in der KiTa Bl\u00fcemli zu den liebsten Momenten unserer Kinder \u2013 und auch f\u00fcr uns als Betreuungsteam ist diese kleine Pause unter freiem Himmel ein echtes Highlight im Alltag. Das Bild zeigt eine fr\u00f6hliche Szene: Die Kinder sitzen entspannt an einem schattigen Platz im Garten, die gelbe Tischdecke strahlt in der Sonne, es gibt frisches Gem\u00fcse, Br\u00f6tchen und Aufstriche.<\/p>\n<p data-start=\"513\" data-end=\"706\">So einfach, so wertvoll: Ein gemeinsames Zn\u00fcni im Garten bedeutet mehr als eine Mahlzeit. Es ist ein Ritual, das Gemeinschaft st\u00e4rkt, gesunde Ern\u00e4hrung erlebbar macht und die Sinne aktiviert.<\/p>\n<p data-start=\"708\" data-end=\"775\"><strong data-start=\"708\" data-end=\"773\">Zn\u00fcni im Garten f\u00f6rdert gesunde Essgewohnheiten von Anfang an<\/strong><\/p>\n<p data-start=\"777\" data-end=\"1053\">Kinder sind neugierig \u2013 auch beim Essen. In der KiTa Bl\u00fcemli nutzen wir diese nat\u00fcrliche Offenheit und lassen die Kinder verschiedene Lebensmittel entdecken. Beim Zn\u00fcni im Garten erleben sie mit allen Sinnen, wie gut frisches Brot, Tomaten, Gurken oder Frischk\u00e4se schmecken.<\/p>\n<p data-start=\"1055\" data-end=\"1246\">Der Garten schafft dabei eine entspannte Atmosph\u00e4re: Kein L\u00e4rm, keine Hektik, keine Ablenkung durch Spielzeug \u2013 stattdessen Vogelgezwitscher, Rascheln im Geb\u00fcsch und das ruhige Miteinander.<\/p>\n<p data-start=\"1248\" data-end=\"1456\">Das motiviert auch zur\u00fcckhaltende Kinder, Neues zu probieren. Wenn ein anderes Kind mit Begeisterung einen Radiesli knabbert, steigt die Neugier \u2013 und schon wird aus einem skeptischen Blick ein erster Biss.<\/p>\n<p data-start=\"1458\" data-end=\"1519\"><strong data-start=\"1458\" data-end=\"1517\">Zn\u00fcni im Garten st\u00e4rkt die Selbstst\u00e4ndigkeit der Kinder<\/strong><\/p>\n<p data-start=\"1521\" data-end=\"1698\">Beim Zn\u00fcni im Garten d\u00fcrfen die Kinder aktiv mitgestalten: Sie helfen beim Decken, reichen Teller weiter, streichen sich selbst das Brot oder teilen Gem\u00fcse mit ihren Freunden.<\/p>\n<p data-start=\"1700\" data-end=\"1876\">Diese kleinen Aufgaben f\u00f6rdern die Selbstst\u00e4ndigkeit und das Verantwortungsgef\u00fchl. Jedes Kind wird gesehen, bekommt seinen Platz am Tisch und lernt: Ich kann etwas beitragen.<\/p>\n<p data-start=\"1878\" data-end=\"2048\">Auch der Umgang mit Lebensmitteln wird spielerisch geschult. Wie viel nehme ich mir? Was esse ich zuerst? Was mache ich mit Resten? So entsteht Esskultur von klein auf.<\/p>\n<p data-start=\"2050\" data-end=\"2097\"><strong data-start=\"2050\" data-end=\"2095\">Zn\u00fcni im Garten als soziales Lernerlebnis<\/strong><\/p>\n<p data-start=\"2099\" data-end=\"2265\">Das gemeinsame Essen ist ein wichtiger sozialer Moment im Tagesablauf. W\u00e4hrend dem Zn\u00fcni im Garten entstehen Gespr\u00e4che, es wird gelacht, beobachtet und kommentiert.<\/p>\n<p data-start=\"2267\" data-end=\"2418\">\u201eMein Brot ist rund!\u201c, \u201eIch hab zwei Tomaten!\u201c, \u201eDein Aufstrich ist lila!\u201c \u2013 solche S\u00e4tze zeigen, wie sehr die Kinder miteinander in Beziehung gehen.<\/p>\n<p data-start=\"2420\" data-end=\"2574\">Diese nat\u00fcrlichen Dialoge st\u00e4rken Sprachkompetenz, f\u00f6rdern den Austausch und helfen, Gruppengef\u00fchl zu entwickeln. Niemand isst allein \u2013 alle sind dabei.<\/p>\n<p data-start=\"2576\" data-end=\"2691\">Mehr \u00fcber unsere Werte und unseren p\u00e4dagogischen Ansatz erf\u00e4hrst du <a class=\"\" href=\"https:\/\/kitabluemli.ch\/en\/our-values\/\" target=\"_new\" rel=\"noopener\" data-start=\"2644\" data-end=\"2688\">here<\/a>.<\/p>\n<p data-start=\"2693\" data-end=\"2746\"><strong data-start=\"2693\" data-end=\"2744\">Zn\u00fcni im Garten und der direkte Bezug zur Natur<\/strong><\/p>\n<p data-start=\"2748\" data-end=\"2920\">Wenn Kinder draussen essen, entwickeln sie ein anderes Gef\u00fchl f\u00fcr Lebensmittel. Sie sehen, wo das Essen herkommt, erleben saisonale Unterschiede und lernen Wertsch\u00e4tzung.<\/p>\n<p data-start=\"2922\" data-end=\"3070\">Ein Apfel schmeckt anders, wenn er in der Sonne gegessen wird. Eine Tomate f\u00fchlt sich besonders an, wenn sie noch leicht vom Morgentau feucht ist.<\/p>\n<p data-start=\"3072\" data-end=\"3234\">Wir sprechen mit den Kindern dar\u00fcber, was gerade w\u00e4chst, was wir selbst im Garten sehen oder pflanzen \u2013 und schaffen so ganz nebenbei wertvolle Bildungsimpulse.<\/p>\n<p data-start=\"3236\" data-end=\"3283\"><strong data-start=\"3236\" data-end=\"3281\">Zn\u00fcni im Garten als Ritual im KiTa-Alltag<\/strong><\/p>\n<p data-start=\"3285\" data-end=\"3452\">Der Zn\u00fcni im Garten ist f\u00fcr die Kinder ein Orientierungspunkt. Sie wissen: Nach dem Spielen, Beobachten oder Arbeiten draussen ist es Zeit f\u00fcr eine gemeinsame Pause.<\/p>\n<p data-start=\"3454\" data-end=\"3615\">Dieses wiederkehrende Ritual gibt Sicherheit und Struktur \u2013 gerade f\u00fcr die J\u00fcngsten. Es hilft, den Tag zu gliedern und sich auf neue Aktivit\u00e4ten vorzubereiten.<\/p>\n<p data-start=\"3617\" data-end=\"3755\">Dabei achten wir darauf, dass jedes Kind in Ruhe essen kann und genug Zeit hat. Kein Stress, kein Druck \u2013 denn gutes Essen braucht Raum.<\/p>\n<p data-start=\"3757\" data-end=\"3806\"><strong data-start=\"3757\" data-end=\"3804\">P\u00e4dagogischer Mehrwert f\u00fcr Familien sp\u00fcrbar<\/strong><\/p>\n<p data-start=\"3808\" data-end=\"3976\">Eltern berichten oft, dass ihre Kinder zuhause pl\u00f6tzlich neue Lebensmittel probieren oder beim Fr\u00fchst\u00fcck helfen wollen. Das freut uns \u2013 denn genau das ist unser Ziel:<\/p>\n<p data-start=\"3978\" data-end=\"4091\">Mit kleinen, wiederkehrenden Alltagssituationen wie dem Zn\u00fcni im Garten einen bleibenden Eindruck hinterlassen.<\/p>\n<p data-start=\"4093\" data-end=\"4245\">Wenn Kinder erleben, dass Essen Freude macht, dass man sich Zeit nimmt, dass es etwas Verbindendes ist \u2013 dann nehmen sie dieses Gef\u00fchl mit nach Hause.<\/p>\n<p data-start=\"4247\" data-end=\"4395\">Lust auf mehr Einblicke in unseren Alltag? Hier findest du viele weitere <a class=\"\" href=\"https:\/\/kitabluemli.ch\/en\/activities\/\" target=\"_new\" rel=\"noopener\" data-start=\"4320\" data-end=\"4371\">Activities<\/a> aus der KiTa Bl\u00fcemli.<\/p>\n<p data-start=\"4397\" data-end=\"4454\"><strong data-start=\"4397\" data-end=\"4452\">Zn\u00fcni im Garten ist f\u00fcr uns mehr als nur eine Pause<\/strong><\/p>\n<p data-start=\"4456\" data-end=\"4652\">Es ist gelebte P\u00e4dagogik in ihrer einfachsten Form: liebevoll, achtsam, nat\u00fcrlich. Wir sehen, wie Kinder aufbl\u00fchen, wenn sie draussen sein d\u00fcrfen, sich wohlf\u00fchlen und gleichzeitig lernen d\u00fcrfen.<\/p>\n<p data-start=\"4654\" data-end=\"4832\">Zn\u00fcni im Garten zeigt: Bildung beginnt nicht am Tisch mit Arbeitsbl\u00e4ttern, sondern im echten Leben \u2013 unter einem Baum, mit einem Br\u00f6tchen in der Hand und Freunden an der Seite.<\/p>\n<p data-start=\"4834\" data-end=\"4968\" data-is-last-node=\"\" data-is-only-node=\"\">Du m\u00f6chtest, dass dein Kind solche Momente erleben darf? Dann freuen wir uns auf deine <a class=\"\" href=\"https:\/\/kitabluemli.ch\/en\/enrollment\/\" target=\"_new\" rel=\"noopener\" data-start=\"4921\" data-end=\"4967\">Enrolment<\/a>.<\/p>","protected":false},"excerpt":{"rendered":"<p>Zn\u00fcni im Garten geh\u00f6rt in der KiTa Bl\u00fcemli zu den liebsten Momenten unserer Kinder \u2013 und auch f\u00fcr uns als Betreuungsteam ist diese kleine Pause unter freiem Himmel ein echtes Highlight im Alltag. Das Bild zeigt eine fr\u00f6hliche Szene: Die Kinder sitzen entspannt an einem schattigen Platz im Garten, die gelbe Tischdecke strahlt in der [&hellip;]<\/p>\n","protected":false},"author":2,"featured_media":30687,"comment_status":"closed","ping_status":"closed","sticky":false,"template":"","format":"standard","meta":{"footnotes":""},"categories":[520],"tags":[],"class_list":["post-30686","post","type-post","status-publish","format-standard","has-post-thumbnail","hentry","category-waldkinderkrippe-blog"],"_links":{"self":[{"href":"https:\/\/kitabluemli.ch\/en\/wp-json\/wp\/v2\/posts\/30686","targetHints":{"allow":["GET"]}}],"collection":[{"href":"https:\/\/kitabluemli.ch\/en\/wp-json\/wp\/v2\/posts"}],"about":[{"href":"https:\/\/kitabluemli.ch\/en\/wp-json\/wp\/v2\/types\/post"}],"author":[{"embeddable":true,"href":"https:\/\/kitabluemli.ch\/en\/wp-json\/wp\/v2\/users\/2"}],"replies":[{"embeddable":true,"href":"https:\/\/kitabluemli.ch\/en\/wp-json\/wp\/v2\/comments?post=30686"}],"version-history":[{"count":0,"href":"https:\/\/kitabluemli.ch\/en\/wp-json\/wp\/v2\/posts\/30686\/revisions"}],"wp:featuredmedia":[{"embeddable":true,"href":"https:\/\/kitabluemli.ch\/en\/wp-json\/wp\/v2\/media\/30687"}],"wp:attachment":[{"href":"https:\/\/kitabluemli.ch\/en\/wp-json\/wp\/v2\/media?parent=30686"}],"wp:term":[{"taxonomy":"category","embeddable":true,"href":"https:\/\/kitabluemli.ch\/en\/wp-json\/wp\/v2\/categories?post=30686"},{"taxonomy":"post_tag","embeddable":true,"href":"https:\/\/kitabluemli.ch\/en\/wp-json\/wp\/v2\/tags?post=30686"}],"curies":[{"name":"wp","href":"https:\/\/api.w.org\/{rel}","templated":true}]}}