{"id":30690,"date":"2025-09-27T12:00:00","date_gmt":"2025-09-27T10:00:00","guid":{"rendered":"https:\/\/kitabluemli.ch\/?p=30690"},"modified":"2025-08-13T15:34:41","modified_gmt":"2025-08-13T13:34:41","slug":"naturerfahrung-fuer-babys-schafft-starke-wurzeln","status":"publish","type":"post","link":"https:\/\/kitabluemli.ch\/en\/naturerfahrung-fuer-babys-schafft-starke-wurzeln\/","title":{"rendered":"Naturerfahrung f\u00fcr Babys schafft starke Wurzeln"},"content":{"rendered":"<p data-start=\"137\" data-end=\"325\">Naturerfahrung f\u00fcr Babys beginnt nicht erst, wenn Kinder sprechen oder laufen k\u00f6nnen. Schon unsere Kleinsten erleben die Welt mit allen Sinnen \u2013 und die Natur ist daf\u00fcr der perfekte Ort.<\/p>\n<p data-start=\"327\" data-end=\"553\">In der Babygruppe der KiTa Bl\u00fcemli nutzen wir jede Gelegenheit, um mit den J\u00fcngsten nach draussen zu gehen. Ob auf einer Wiese, am Waldrand oder im Garten \u2013 die Natur bietet unz\u00e4hlige Impulse f\u00fcr neugierige kleine Entdecker.<\/p>\n<p data-start=\"555\" data-end=\"844\">Das Bild zeigt zwei Babys, die nebeneinander auf dem Gras sitzen. Eines der Kinder betrachtet ein herabgefallenes Blatt, streckt es vorsichtig seinem Gsp\u00e4nli entgegen. Es ist ein Moment voller Ruhe, Entdeckungslust und stiller Kommunikation \u2013 genau solche Erlebnisse f\u00f6rdern wir gezielt.<\/p>\n<p data-start=\"846\" data-end=\"900\"><strong data-start=\"846\" data-end=\"898\">Naturerfahrung f\u00fcr Babys beginnt mit dem Staunen<\/strong><\/p>\n<p data-start=\"902\" data-end=\"1052\">Babys sehen die Welt mit frischen Augen. Jede Bewegung im Wind, jedes Blatt auf dem Boden, jeder Sonnenstrahl auf der Haut ist eine neue Entdeckung.<\/p>\n<p data-start=\"1054\" data-end=\"1192\">Wir beobachten oft, wie die Kleinsten minutenlang ein Blatt bef\u00fchlen, einen Grashalm betrachten oder sich an einem Lichtreflex erfreuen.<\/p>\n<p data-start=\"1194\" data-end=\"1265\">Diese scheinbar kleinen Momente sind p\u00e4dagogisch gesehen hochwirksam:<\/p>\n<ul data-start=\"1267\" data-end=\"1536\">\n<li data-start=\"1267\" data-end=\"1344\">\n<p data-start=\"1269\" data-end=\"1344\">Die taktile Wahrnehmung wird durch unterschiedliche Oberfl\u00e4chen geschult.<\/p>\n<\/li>\n<li data-start=\"1345\" data-end=\"1425\">\n<p data-start=\"1347\" data-end=\"1425\">Die visuelle Wahrnehmung wird durch Farben, Formen und Lichtreize gef\u00f6rdert.<\/p>\n<\/li>\n<li data-start=\"1426\" data-end=\"1536\">\n<p data-start=\"1428\" data-end=\"1536\">Die auditive Wahrnehmung profitiert von nat\u00fcrlichen Ger\u00e4uschen wie Vogelstimmen oder raschelnden Bl\u00e4ttern.<\/p>\n<\/li>\n<\/ul>\n<p data-start=\"1538\" data-end=\"1714\">In der KiTa Bl\u00fcemli achten wir darauf, den Babys ausreichend Zeit und Raum zu geben, um in ihrem eigenen Tempo zu entdecken \u2013 ohne Reiz\u00fcberflutung, ohne k\u00fcnstliche Ablenkung.<\/p>\n<p data-start=\"1716\" data-end=\"1785\"><strong data-start=\"1716\" data-end=\"1783\">Naturerfahrung f\u00fcr Babys st\u00e4rkt die Bindung und das Urvertrauen<\/strong><\/p>\n<p data-start=\"1787\" data-end=\"1941\">Wenn wir mit den Kleinsten draussen unterwegs sind, geht es nie um Leistung oder Zielerreichung. Es geht um N\u00e4he, Sicherheit und das gemeinsame Erleben.<\/p>\n<p data-start=\"1943\" data-end=\"2168\">Eine vertraute Betreuungsperson sitzt neben dem Baby, deutet auf einen K\u00e4fer, spricht sanft \u00fcber das, was es gerade sieht. So entsteht Bindung \u2013 durch gemeinsame Aufmerksamkeit, durch ruhige Sprache, durch k\u00f6rperliche N\u00e4he.<\/p>\n<p data-start=\"2170\" data-end=\"2285\">Die Babys lernen dabei: Die Welt ist spannend, aber ich bin sicher. Ich werde begleitet. Ich darf neugierig sein.<\/p>\n<p data-start=\"2287\" data-end=\"2451\">Diese Form der Naturerfahrung f\u00fcr Babys legt wichtige Grundlagen f\u00fcr ein stabiles Urvertrauen, das sie sp\u00e4ter beim Lernen und im sozialen Miteinander unterst\u00fctzt.<\/p>\n<p data-start=\"2453\" data-end=\"2517\"><strong data-start=\"2453\" data-end=\"2515\">Naturerfahrung f\u00fcr Babys f\u00f6rdert Bewegung auf sanfte Weise<\/strong><\/p>\n<p data-start=\"2519\" data-end=\"2590\">Die Natur animiert zur Bewegung \u2013 und das schon bei den ganz Kleinen.<\/p>\n<p data-start=\"2592\" data-end=\"2828\">Ein Baby versucht, ein Blatt zu erreichen, das ein wenig weiter weg liegt. Ein anderes dreht sich zur Seite, um ein Ger\u00e4usch zu orten. Das n\u00e4chste st\u00fctzt sich auf und beginnt, mit H\u00e4nden und Knien \u00fcber den weichen Waldboden zu robben.<\/p>\n<p data-start=\"2830\" data-end=\"2987\">In der Natur gibt es keine starren Grenzen, keine vorgefertigten Spielzeuge \u2013 daf\u00fcr viele M\u00f6glichkeiten, sich selbst und den eigenen K\u00f6rper kennenzulernen.<\/p>\n<p data-start=\"2989\" data-end=\"3154\">Diese motorischen Erfahrungen sind besonders wichtig, da sie nicht nur k\u00f6rperliche Entwicklung f\u00f6rdern, sondern auch Selbstvertrauen und Selbstwirksamkeit st\u00e4rken.<\/p>\n<p data-start=\"3156\" data-end=\"3293\">Mehr \u00fcber unsere liebevolle Arbeit mit den Kleinsten findest du auf der Seite unserer <a class=\"\" href=\"https:\/\/kitabluemli.ch\/en\/baby-group\/\" target=\"_new\" rel=\"noopener\" data-start=\"3242\" data-end=\"3290\">Baby Group<\/a>.<\/p>\n<p data-start=\"3295\" data-end=\"3361\"><strong data-start=\"3295\" data-end=\"3359\">Naturerfahrung f\u00fcr Babys macht Kinder achtsam und aufmerksam<\/strong><\/p>\n<p data-start=\"3363\" data-end=\"3506\">Babys lernen durch Wiederholung. Wenn wir regelm\u00e4ssig mit ihnen in die Natur gehen, entwickeln sie ein Gef\u00fchl f\u00fcr Rhythmen und Ver\u00e4nderungen:<\/p>\n<ul data-start=\"3508\" data-end=\"3627\">\n<li data-start=\"3508\" data-end=\"3541\">\n<p data-start=\"3510\" data-end=\"3541\">Wie riecht es nach dem Regen?<\/p>\n<\/li>\n<li data-start=\"3542\" data-end=\"3583\">\n<p data-start=\"3544\" data-end=\"3583\">Was krabbelt heute auf dem Baumstamm?<\/p>\n<\/li>\n<li data-start=\"3584\" data-end=\"3627\">\n<p data-start=\"3586\" data-end=\"3627\">Welche Farben hat der Himmel am Morgen?<\/p>\n<\/li>\n<\/ul>\n<p data-start=\"3629\" data-end=\"3778\">Diese feinsinnige Achtsamkeit ist ein Schatz, den viele Erwachsene erst m\u00fchsam wiederentdecken m\u00fcssen \u2013 Kinder bringen ihn mit, wenn man sie l\u00e4sst.<\/p>\n<p data-start=\"3780\" data-end=\"3926\">Wir f\u00f6rdern diese nat\u00fcrliche Pr\u00e4senz durch ruhige Spazierg\u00e4nge, durch Sitzrunden im Gras und durch sanfte Gespr\u00e4che \u00fcber das, was gerade da ist.<\/p>\n<p data-start=\"3928\" data-end=\"3999\"><strong data-start=\"3928\" data-end=\"3997\">Naturerfahrung f\u00fcr Babys st\u00e4rkt das Immunsystem und die Resilienz<\/strong><\/p>\n<p data-start=\"4001\" data-end=\"4133\">Immer wieder zeigen Studien, wie positiv sich regelm\u00e4ssige Aufenthalte in der Natur auf die Gesundheit von Kleinkindern auswirken:<\/p>\n<ul data-start=\"4135\" data-end=\"4240\">\n<li data-start=\"4135\" data-end=\"4159\">\n<p data-start=\"4137\" data-end=\"4159\">Bessere Abwehrkr\u00e4fte<\/p>\n<\/li>\n<li data-start=\"4160\" data-end=\"4178\">\n<p data-start=\"4162\" data-end=\"4178\">Weniger Stress<\/p>\n<\/li>\n<li data-start=\"4179\" data-end=\"4209\">\n<p data-start=\"4181\" data-end=\"4209\">Verbesserte Schlafqualit\u00e4t<\/p>\n<\/li>\n<li data-start=\"4210\" data-end=\"4240\">\n<p data-start=\"4212\" data-end=\"4240\">Ausgeglicheneres Verhalten<\/p>\n<\/li>\n<\/ul>\n<p data-start=\"4242\" data-end=\"4407\">Auch in der Babygruppe der KiTa Bl\u00fcemli machen wir diese Erfahrung t\u00e4glich: Unsere Kleinsten sind zufrieden, neugierig und voller Energie, wenn sie draussen waren.<\/p>\n<p data-start=\"4409\" data-end=\"4559\">Dazu tragen auch die gesunde Luft, die nat\u00fcrliche Helligkeit und die Bewegungsfreiheit bei, die sie im Gruppenraum nur eingeschr\u00e4nkt erleben k\u00f6nnen.<\/p>\n<p data-start=\"4561\" data-end=\"4614\"><strong data-start=\"4561\" data-end=\"4612\">Naturerfahrung f\u00fcr Babys als Teil unserer Werte<\/strong><\/p>\n<p data-start=\"4616\" data-end=\"4795\">In der KiTa Bl\u00fcemli geh\u00f6rt Naturp\u00e4dagogik fest zum Konzept. Unsere Waldgruppe lebt dieses Prinzip t\u00e4glich \u2013 aber auch unsere J\u00fcngsten profitieren davon, wo immer es m\u00f6glich ist.<\/p>\n<p data-start=\"4797\" data-end=\"4884\">Wir glauben: Bildung beginnt mit Beziehung \u2013 zur Umwelt, zu Menschen, zu sich selbst.<\/p>\n<p data-start=\"4886\" data-end=\"4970\">Und diese Beziehung beginnt nicht erst im Kindergarten, sondern vom ersten Tag an.<\/p>\n<p data-start=\"4972\" data-end=\"5115\">Wenn du mehr \u00fcber unsere Philosophie erfahren m\u00f6chtest, besuche gerne unsere Seite \u00fcber <a class=\"\" href=\"https:\/\/kitabluemli.ch\/en\/our-values\/\" target=\"_new\" rel=\"noopener\" data-start=\"5060\" data-end=\"5112\">our values.<\/a>.<\/p>\n<p data-start=\"5117\" data-end=\"5168\"><strong data-start=\"5117\" data-end=\"5166\">Naturerfahrung f\u00fcr Babys schenkt Lebensfreude<\/strong><\/p>\n<p data-start=\"5170\" data-end=\"5310\">Ein L\u00e4cheln, wenn der Wind durch das Gesicht streicht. Ein Glucksen beim Rascheln im Laub. Ein erstaunter Blick, wenn ein Vogel auffliegt.<\/p>\n<p data-start=\"5312\" data-end=\"5416\">All das sind Momente, die bleiben. F\u00fcr die Kinder, f\u00fcr die Eltern \u2013 und auch f\u00fcr uns als Fachpersonen.<\/p>\n<p data-start=\"5418\" data-end=\"5588\">Denn Naturerfahrung f\u00fcr Babys ist kein Programm, das \u201efunktionieren\u201c muss. Es ist ein Geschenk, das wir ihnen t\u00e4glich machen \u2013 und das sie mit offenen H\u00e4nden empfangen.<\/p>\n<p data-start=\"5590\" data-end=\"5721\" data-is-last-node=\"\" data-is-only-node=\"\">Du m\u00f6chtest, dass dein Kind von Anfang an mit der Natur aufw\u00e4chst? Hier geht es zur <a class=\"\" href=\"https:\/\/kitabluemli.ch\/en\/enrollment\/\" target=\"_new\" rel=\"noopener\" data-start=\"5674\" data-end=\"5720\">Enrolment<\/a>.<\/p>","protected":false},"excerpt":{"rendered":"<p>Naturerfahrung f\u00fcr Babys beginnt nicht erst, wenn Kinder sprechen oder laufen k\u00f6nnen. Schon unsere Kleinsten erleben die Welt mit allen Sinnen \u2013 und die Natur ist daf\u00fcr der perfekte Ort. In der Babygruppe der KiTa Bl\u00fcemli nutzen wir jede Gelegenheit, um mit den J\u00fcngsten nach draussen zu gehen. Ob auf einer Wiese, am Waldrand oder [&hellip;]<\/p>\n","protected":false},"author":2,"featured_media":30691,"comment_status":"closed","ping_status":"closed","sticky":false,"template":"","format":"standard","meta":{"footnotes":""},"categories":[519],"tags":[],"class_list":["post-30690","post","type-post","status-publish","format-standard","has-post-thumbnail","hentry","category-kinderkrippe-blog"],"_links":{"self":[{"href":"https:\/\/kitabluemli.ch\/en\/wp-json\/wp\/v2\/posts\/30690","targetHints":{"allow":["GET"]}}],"collection":[{"href":"https:\/\/kitabluemli.ch\/en\/wp-json\/wp\/v2\/posts"}],"about":[{"href":"https:\/\/kitabluemli.ch\/en\/wp-json\/wp\/v2\/types\/post"}],"author":[{"embeddable":true,"href":"https:\/\/kitabluemli.ch\/en\/wp-json\/wp\/v2\/users\/2"}],"replies":[{"embeddable":true,"href":"https:\/\/kitabluemli.ch\/en\/wp-json\/wp\/v2\/comments?post=30690"}],"version-history":[{"count":0,"href":"https:\/\/kitabluemli.ch\/en\/wp-json\/wp\/v2\/posts\/30690\/revisions"}],"wp:featuredmedia":[{"embeddable":true,"href":"https:\/\/kitabluemli.ch\/en\/wp-json\/wp\/v2\/media\/30691"}],"wp:attachment":[{"href":"https:\/\/kitabluemli.ch\/en\/wp-json\/wp\/v2\/media?parent=30690"}],"wp:term":[{"taxonomy":"category","embeddable":true,"href":"https:\/\/kitabluemli.ch\/en\/wp-json\/wp\/v2\/categories?post=30690"},{"taxonomy":"post_tag","embeddable":true,"href":"https:\/\/kitabluemli.ch\/en\/wp-json\/wp\/v2\/tags?post=30690"}],"curies":[{"name":"wp","href":"https:\/\/api.w.org\/{rel}","templated":true}]}}