{"id":30693,"date":"2025-09-30T12:00:01","date_gmt":"2025-09-30T10:00:01","guid":{"rendered":"https:\/\/kitabluemli.ch\/?p=30693"},"modified":"2025-08-13T15:50:10","modified_gmt":"2025-08-13T13:50:10","slug":"waldspaziergang-mit-kindern-foerdert-echte-abenteuer","status":"publish","type":"post","link":"https:\/\/kitabluemli.ch\/en\/waldspaziergang-mit-kindern-foerdert-echte-abenteuer\/","title":{"rendered":"Waldspaziergang mit Kindern f\u00f6rdert echte Abenteuer"},"content":{"rendered":"<p data-start=\"144\" data-end=\"297\">Waldspaziergang mit Kindern ist in der KiTa Bl\u00fcemli nicht einfach ein Spaziergang \u2013 es ist ein t\u00e4gliches Ritual voller Erlebnisse, Lernen und Bewegung.<\/p>\n<p data-start=\"299\" data-end=\"485\">Jeden Vormittag nach dem Zn\u00fcni und auch am Nachmittag vor dem Zvieri brechen unsere Kinder auf. Ihr Ziel? Der nahegelegene Wald mit seinen Pfaden, Lichtungen und geheimnisvollen Ecken.<\/p>\n<p data-start=\"487\" data-end=\"787\">Auf dem Bild sieht man die Kinder auf einem schmalen Pfad durch dichtes Gr\u00fcn wandern. In ihren gelben Westen ziehen sie wie eine kleine Entdeckerkarawane durch den Wald. F\u00fcr uns Fachpersonen ist das ein vertrauter Anblick \u2013 f\u00fcr die Kinder aber ist jeder Waldspaziergang ein neues kleines Abenteuer.<\/p>\n<p data-start=\"789\" data-end=\"846\"><strong data-start=\"789\" data-end=\"844\">Waldspaziergang mit Kindern st\u00e4rkt K\u00f6rper und Sinne<\/strong><\/p>\n<p data-start=\"848\" data-end=\"1001\">Ein Waldweg ist nie gerade, nie eint\u00f6nig, nie langweilig. Er geht bergauf und bergab, \u00fcber Wurzeln und Steine, durch weiches Moos und knisterndes Laub.<\/p>\n<p data-start=\"1003\" data-end=\"1055\">Kinder, die t\u00e4glich solche Wege gehen, entwickeln:<\/p>\n<ul data-start=\"1056\" data-end=\"1155\">\n<li data-start=\"1056\" data-end=\"1085\">\n<p data-start=\"1058\" data-end=\"1085\">eine gute Trittsicherheit<\/p>\n<\/li>\n<li data-start=\"1086\" data-end=\"1123\">\n<p data-start=\"1088\" data-end=\"1123\">ein besseres Gleichgewichtsgef\u00fchl<\/p>\n<\/li>\n<li data-start=\"1124\" data-end=\"1155\">\n<p data-start=\"1126\" data-end=\"1155\">eine starke Rumpfmuskulatur<\/p>\n<\/li>\n<\/ul>\n<p data-start=\"1157\" data-end=\"1270\">Aber nicht nur die k\u00f6rperliche Entwicklung wird angeregt. Auch die Sinne werden auf vielf\u00e4ltige Weise geschult:<\/p>\n<ul data-start=\"1272\" data-end=\"1382\">\n<li data-start=\"1272\" data-end=\"1303\">\n<p data-start=\"1274\" data-end=\"1303\">Was raschelt da im Geb\u00fcsch?<\/p>\n<\/li>\n<li data-start=\"1304\" data-end=\"1342\">\n<p data-start=\"1306\" data-end=\"1342\">Welche Bl\u00e4tter f\u00fchlen sich wie an?<\/p>\n<\/li>\n<li data-start=\"1343\" data-end=\"1382\">\n<p data-start=\"1345\" data-end=\"1382\">Wie riecht der Wald nach dem Regen?<\/p>\n<\/li>\n<\/ul>\n<p data-start=\"1384\" data-end=\"1476\">Diese nat\u00fcrlichen Reize f\u00f6rdern die kindliche Wahrnehmung weit besser als jedes Spielzeug.<\/p>\n<p data-start=\"1478\" data-end=\"1537\"><strong data-start=\"1478\" data-end=\"1535\">Waldspaziergang mit Kindern f\u00f6rdert Selbstwirksamkeit<\/strong><\/p>\n<p data-start=\"1539\" data-end=\"1778\">Im Wald gibt es keine markierten Spielbereiche. Stattdessen entdecken die Kinder ihre Umgebung selbst. Sie entscheiden, welcher Ast zum Balancieren geeignet ist, wo sie stehenbleiben wollen und welchen K\u00e4fer sie n\u00e4her betrachten m\u00f6chten.<\/p>\n<p data-start=\"1780\" data-end=\"1885\">Diese Entscheidungsfreiheit f\u00f6rdert die Selbstst\u00e4ndigkeit und das Vertrauen in die eigenen F\u00e4higkeiten.<\/p>\n<p data-start=\"1887\" data-end=\"2092\">Wenn ein Kind zum Beispiel zum ersten Mal allein einen kleinen Hang hochklettert und oben stolz ruft: \u201eIch hab\u2019s geschafft!\u201c, dann wissen wir: Genau das ist der Moment, in dem Selbstwirksamkeit entsteht.<\/p>\n<p data-start=\"2094\" data-end=\"2269\">In der <a class=\"\" href=\"https:\/\/kitabluemli.ch\/en\/forest-group\/\" target=\"_new\" rel=\"noopener\" data-start=\"2101\" data-end=\"2166\">Waldgruppe der KiTa Bl\u00fcemli<\/a> begleiten wir diese Prozesse achtsam, geben Sicherheit und schaffen den Raum f\u00fcr solche Erfahrungen.<\/p>\n<p data-start=\"2271\" data-end=\"2338\"><strong data-start=\"2271\" data-end=\"2336\">Waldspaziergang mit Kindern f\u00f6rdert Sprache und Kommunikation<\/strong><\/p>\n<p data-start=\"2340\" data-end=\"2488\">Naturerlebnisse regen zum Sprechen an. Beim Gehen unterhalten sich die Kinder, erz\u00e4hlen, was sie sehen, fragen nach, zeigen einander Entdeckungen.<\/p>\n<p data-start=\"2490\" data-end=\"2583\">Ein Waldspaziergang mit Kindern ist somit auch eine ideale Gelegenheit zur Sprachf\u00f6rderung.<\/p>\n<p data-start=\"2585\" data-end=\"2758\">Zudem nutzen wir gezielt Reime, Lieder und kleine Geschichten, um die Sprachkompetenz zu st\u00e4rken \u2013 besonders f\u00fcr Kinder, die Deutsch noch nicht als Muttersprache sprechen.<\/p>\n<p data-start=\"2760\" data-end=\"2919\">Diese F\u00f6rderung ist auch Teil des Programms <a class=\"\" href=\"https:\/\/kitabluemli.ch\/en\/activities\/\" target=\"_new\" rel=\"noopener\" data-start=\"2804\" data-end=\"2881\">\u201eGut vorbereitet in den Kindergarten\u201c<\/a>, an dem die KiTa Bl\u00fcemli teilnimmt.<\/p>\n<p data-start=\"2921\" data-end=\"2988\"><strong data-start=\"2921\" data-end=\"2986\">Waldspaziergang mit Kindern ist Erholung und Bildung zugleich<\/strong><\/p>\n<p data-start=\"2990\" data-end=\"3144\">Der Wald wirkt beruhigend. Studien belegen, dass sich Kinder in der Natur besser konzentrieren k\u00f6nnen, weniger aggressiv sind und seltener krank werden.<\/p>\n<p data-start=\"3146\" data-end=\"3266\">Unsere Erfahrung zeigt: Kinder, die regelm\u00e4ssig draussen sind, sind ausgeglichener, ruhiger und insgesamt zufriedener.<\/p>\n<p data-start=\"3268\" data-end=\"3401\">Dabei verbinden wir Natur und Bildung ganz selbstverst\u00e4ndlich. So kann ein Spaziergang auch mal zum \u201eNatur-Matheunterricht\u201c werden:<\/p>\n<ul data-start=\"3402\" data-end=\"3556\">\n<li data-start=\"3402\" data-end=\"3442\">\n<p data-start=\"3404\" data-end=\"3442\">Wie viele Schnecken sehen wir heute?<\/p>\n<\/li>\n<li data-start=\"3443\" data-end=\"3497\">\n<p data-start=\"3445\" data-end=\"3497\">Wer findet einen Ast, der so lang ist wie ein Arm?<\/p>\n<\/li>\n<li data-start=\"3498\" data-end=\"3556\">\n<p data-start=\"3500\" data-end=\"3556\">Wie viele Schritte braucht man bis zur n\u00e4chsten Eiche?<\/p>\n<\/li>\n<\/ul>\n<p data-start=\"3558\" data-end=\"3651\">Lernen geschieht dabei spielerisch und mit allen Sinnen \u2013 genau so, wie Kinder es brauchen.<\/p>\n<p data-start=\"3653\" data-end=\"3714\"><strong data-start=\"3653\" data-end=\"3712\">Waldspaziergang mit Kindern f\u00f6rdert soziale Kompetenzen<\/strong><\/p>\n<p data-start=\"3716\" data-end=\"3914\">Wer im G\u00e4nsemarsch durch den Wald geht, muss R\u00fccksicht nehmen. Man hilft einander \u00fcber einen Baumstamm, wartet, wenn jemand zur\u00fcckbleibt, ruft nach vorn, wenn ein interessanter Fund gemacht wurde.<\/p>\n<p data-start=\"3916\" data-end=\"3987\">Der Waldspaziergang mit Kindern ist somit auch ein soziales Lernfeld.<\/p>\n<p data-start=\"3989\" data-end=\"4160\">In der KiTa Bl\u00fcemli legen wir grossen Wert auf das Miteinander. Die t\u00e4glichen Ausfl\u00fcge in die Natur st\u00e4rken das Gemeinschaftsgef\u00fchl \u2013 ganz ohne k\u00fcnstliche Gruppenspiele.<\/p>\n<p data-start=\"4162\" data-end=\"4226\"><strong data-start=\"4162\" data-end=\"4224\">Waldspaziergang mit Kindern schafft Rituale und Sicherheit<\/strong><\/p>\n<p data-start=\"4228\" data-end=\"4364\">F\u00fcr viele Kinder ist der t\u00e4gliche Spaziergang das Highlight des Tages. Er gibt Struktur, Vorfreude und ein Gef\u00fchl von Verl\u00e4sslichkeit.<\/p>\n<p data-start=\"4366\" data-end=\"4451\">Auch an Regentagen oder im Winter gehen wir hinaus \u2013 gut eingepackt, versteht sich.<\/p>\n<p data-start=\"4453\" data-end=\"4657\">Denn Kinder brauchen nicht Sonne, sondern Best\u00e4ndigkeit. Wenn sie wissen: \u201eNach dem Zn\u00fcni gehen wir in den Wald\u201c, dann gibt ihnen das Sicherheit \u2013 ein wichtiger Faktor f\u00fcr emotional stabile Entwicklung.<\/p>\n<p data-start=\"4659\" data-end=\"4788\">Mehr \u00fcber unseren Alltag und unsere Werte findest du unter <a class=\"\" href=\"https:\/\/kitabluemli.ch\/en\/our-values\/\" target=\"_new\" rel=\"noopener\" data-start=\"4718\" data-end=\"4785\">kitabluemli.ch\/unsere-werte<\/a>.<\/p>\n<p data-start=\"4790\" data-end=\"4850\"><strong data-start=\"4790\" data-end=\"4848\">Waldspaziergang mit Kindern als gelebte Nachhaltigkeit<\/strong><\/p>\n<p data-start=\"4852\" data-end=\"4969\">Kinder, die den Wald lieben lernen, sch\u00fctzen sp\u00e4ter die Natur. Diese \u00dcberzeugung pr\u00e4gt unser p\u00e4dagogisches Handeln.<\/p>\n<p data-start=\"4971\" data-end=\"5144\">Wir reden nicht nur \u00fcber Umwelt \u2013 wir erleben sie. Wir sammeln M\u00fcll auf dem Weg, beobachten Tiere ohne sie zu st\u00f6ren, lernen, welche Pflanzen essbar sind und welche nicht.<\/p>\n<p data-start=\"5146\" data-end=\"5209\">Diese Achtsamkeit beginnt im Kleinen \u2013 bei jedem Spaziergang.<\/p>\n<p data-start=\"5211\" data-end=\"5362\">Wenn du m\u00f6chtest, dass dein Kind die Natur so erleben darf wie unsere Kinder, dann kannst du dich <a class=\"\" href=\"https:\/\/kitabluemli.ch\/en\/enrollment\/\" target=\"_new\" rel=\"noopener\" data-start=\"5309\" data-end=\"5359\">hier anmelden<\/a>.<\/p>\n<p data-start=\"5364\" data-end=\"5476\" data-is-last-node=\"\" data-is-only-node=\"\">Ein Waldspaziergang mit Kindern ist mehr als nur Bewegung \u2013 er ist Bildung, Beziehung und Begeisterung in einem.<\/p>","protected":false},"excerpt":{"rendered":"<p>Waldspaziergang mit Kindern ist in der KiTa Bl\u00fcemli nicht einfach ein Spaziergang \u2013 es ist ein t\u00e4gliches Ritual voller Erlebnisse, Lernen und Bewegung. Jeden Vormittag nach dem Zn\u00fcni und auch am Nachmittag vor dem Zvieri brechen unsere Kinder auf. Ihr Ziel? Der nahegelegene Wald mit seinen Pfaden, Lichtungen und geheimnisvollen Ecken. Auf dem Bild sieht [&hellip;]<\/p>\n","protected":false},"author":2,"featured_media":30694,"comment_status":"closed","ping_status":"closed","sticky":false,"template":"","format":"standard","meta":{"footnotes":""},"categories":[520],"tags":[],"class_list":["post-30693","post","type-post","status-publish","format-standard","has-post-thumbnail","hentry","category-waldkinderkrippe-blog"],"_links":{"self":[{"href":"https:\/\/kitabluemli.ch\/en\/wp-json\/wp\/v2\/posts\/30693","targetHints":{"allow":["GET"]}}],"collection":[{"href":"https:\/\/kitabluemli.ch\/en\/wp-json\/wp\/v2\/posts"}],"about":[{"href":"https:\/\/kitabluemli.ch\/en\/wp-json\/wp\/v2\/types\/post"}],"author":[{"embeddable":true,"href":"https:\/\/kitabluemli.ch\/en\/wp-json\/wp\/v2\/users\/2"}],"replies":[{"embeddable":true,"href":"https:\/\/kitabluemli.ch\/en\/wp-json\/wp\/v2\/comments?post=30693"}],"version-history":[{"count":0,"href":"https:\/\/kitabluemli.ch\/en\/wp-json\/wp\/v2\/posts\/30693\/revisions"}],"wp:featuredmedia":[{"embeddable":true,"href":"https:\/\/kitabluemli.ch\/en\/wp-json\/wp\/v2\/media\/30694"}],"wp:attachment":[{"href":"https:\/\/kitabluemli.ch\/en\/wp-json\/wp\/v2\/media?parent=30693"}],"wp:term":[{"taxonomy":"category","embeddable":true,"href":"https:\/\/kitabluemli.ch\/en\/wp-json\/wp\/v2\/categories?post=30693"},{"taxonomy":"post_tag","embeddable":true,"href":"https:\/\/kitabluemli.ch\/en\/wp-json\/wp\/v2\/tags?post=30693"}],"curies":[{"name":"wp","href":"https:\/\/api.w.org\/{rel}","templated":true}]}}