{"id":30745,"date":"2025-10-06T12:00:37","date_gmt":"2025-10-06T10:00:37","guid":{"rendered":"https:\/\/kitabluemli.ch\/?p=30745"},"modified":"2025-09-30T15:14:06","modified_gmt":"2025-09-30T13:14:06","slug":"waldgruppe-kinderkrippe-begeistert-mit-naturerlebnis","status":"publish","type":"post","link":"https:\/\/kitabluemli.ch\/en\/waldgruppe-kinderkrippe-begeistert-mit-naturerlebnis\/","title":{"rendered":"Waldgruppe Kinderkrippe begeistert mit Naturerlebnis"},"content":{"rendered":"<p data-start=\"134\" data-end=\"197\"><strong data-start=\"134\" data-end=\"197\">Waldgruppe Kinderkrippe begeistert mit echtem Naturerlebnis<\/strong><\/p>\n<p data-start=\"199\" data-end=\"850\">Die Waldgruppe der KiTa Bl\u00fcemli ist mehr als nur ein p\u00e4dagogisches Angebot \u2013 sie ist ein lebendiges Abenteuer f\u00fcr Kinder, bei dem Entdeckerlust, Bewegung, soziale Entwicklung und Naturverst\u00e4ndnis im Mittelpunkt stehen. T\u00e4glich geht es f\u00fcr die Kinder nach dem Zn\u00fcni hinaus in den nahegelegenen Wald. Der Elefantenbach, kleine Lichtungen, schattige Pfade und gem\u00fctliche Waldsofas geh\u00f6ren dabei zum gewohnten Terrain. Das Bild zeigt eine typische Szene: Eine Gruppe fr\u00f6hlicher Kinder sitzt auf einer rustikalen Bank mitten im Wald \u2013 in ihren leuchtenden Sicherheitswesten, ausgestattet mit wetterfester Kleidung, Gummistiefeln und strahlenden Gesichtern.<\/p>\n<p data-start=\"852\" data-end=\"1376\">Der Wald bietet unz\u00e4hlige p\u00e4dagogische M\u00f6glichkeiten. Die Natur wirkt dabei nicht nur beruhigend, sondern f\u00f6rdert auch die kindliche Entwicklung in vielf\u00e4ltiger Weise. Kinder der <strong data-start=\"1031\" data-end=\"1058\">Waldgruppe Kinderkrippe<\/strong> lernen ganz nebenbei, sich im Gel\u00e4nde zu orientieren, achtsam mit ihrer Umwelt umzugehen und Verantwortung f\u00fcr sich und andere zu \u00fcbernehmen. Der enge Kontakt zur Natur hilft, das Selbstvertrauen zu st\u00e4rken und die k\u00f6rperliche Gesundheit zu f\u00f6rdern \u2013 durch Bewegung, frische Luft und abwechslungsreiche Aktivit\u00e4ten.<\/p>\n<p data-start=\"1378\" data-end=\"1430\"><strong data-start=\"1378\" data-end=\"1430\">Waldgruppe Kinderkrippe: Lernen mit allen Sinnen<\/strong><\/p>\n<p data-start=\"1432\" data-end=\"1788\">Im Wald lernen die Kinder nicht wie in einem Klassenzimmer \u2013 sie lernen mit allen Sinnen. Sie h\u00f6ren das Rascheln der Bl\u00e4tter, sehen, wie sich das Licht durch die Baumkronen ver\u00e4ndert, tasten Moos, Steine und Erde, riechen den Duft von nasser Rinde und frischem Gras. Diese multisensorischen Eindr\u00fccke pr\u00e4gen das kindliche Lernen auf ganz besondere Weise.<\/p>\n<p data-start=\"1790\" data-end=\"2155\">Das Erleben von Wetterwechseln \u2013 ob Sonne, Regen oder Wind \u2013 geh\u00f6rt genauso dazu wie das Beobachten von Tieren oder das Suchen nach Spuren im Boden. Besonders beliebt bei den Kindern ist das Entdecken kleiner K\u00e4fer, Ameisenstrassen oder das Balancieren \u00fcber umgefallene Baumst\u00e4mme. Dabei entwickeln sie spielerisch motorische F\u00e4higkeiten, Ausdauer und Koordination.<\/p>\n<p data-start=\"2157\" data-end=\"2203\"><strong data-start=\"2157\" data-end=\"2203\">Soziale Kompetenzen wachsen im Miteinander<\/strong><\/p>\n<p data-start=\"2205\" data-end=\"2586\">Ein weiterer p\u00e4dagogischer Schwerpunkt der <strong data-start=\"2248\" data-end=\"2275\">Waldgruppe Kinderkrippe<\/strong> ist das soziale Lernen. Die Kinder erleben sich als Teil einer Gemeinschaft, in der gegenseitige R\u00fccksichtnahme, Unterst\u00fctzung und Kooperation im Mittelpunkt stehen. Sie halten einander beim Klettern die Hand, tauschen Fundst\u00fccke aus, teilen Proviant oder tr\u00f6sten sich, wenn einmal ein Knie aufgesch\u00fcrft ist.<\/p>\n<p data-start=\"2588\" data-end=\"3034\">Die Kinder werden bewusst in Entscheidungsprozesse eingebunden \u2013 etwa, wenn gemeinsam ein Lagerplatz ausgew\u00e4hlt oder entschieden wird, ob heute gebastelt, gebaut oder gesammelt wird. So erleben sie Selbstwirksamkeit und Mitbestimmung. Auch das Rollenverst\u00e4ndnis ver\u00e4ndert sich: Ein sch\u00fcchternes Kind wird vielleicht pl\u00f6tzlich zur mutigen Ameisen-Entdeckerin oder der sonst so ruhige Junge f\u00fchrt die Gruppe zielsicher zu einer geheimen Lichtung.<\/p>\n<p data-start=\"3036\" data-end=\"3075\"><strong data-start=\"3036\" data-end=\"3075\">P\u00e4dagogik im Einklang mit der Natur<\/strong><\/p>\n<p data-start=\"3077\" data-end=\"3440\">Das Team der KiTa Bl\u00fcemli setzt in der <strong data-start=\"3116\" data-end=\"3143\">Waldgruppe Kinderkrippe<\/strong> auf eine naturnahe P\u00e4dagogik. Die Fachpersonen begleiten die Kinder nicht nur bei der Umsetzung ihrer Ideen, sondern bringen auch gezielte Impulse ein \u2013 zum Beispiel kleine Experimente mit Naturmaterialien, Geschichten unter dem Baumdach oder kreative Bastelideen mit Bl\u00e4ttern, Steinen und \u00c4sten.<\/p>\n<p data-start=\"3442\" data-end=\"3829\">Einmal w\u00f6chentlich wird zus\u00e4tzlich die Turnhalle besucht, um die Bewegungsvielfalt noch weiter auszubauen. Und bei schlechtem Wetter steht selbstverst\u00e4ndlich ein warmer R\u00fcckzugsort zur Verf\u00fcgung. Sicherheit und Wohlbefinden haben oberste Priorit\u00e4t. Dazu geh\u00f6rt auch die enge Zusammenarbeit mit den Eltern, etwa durch regelm\u00e4ssige Elterngespr\u00e4che, Elternabende oder gemeinsame Waldtage.<\/p>\n<p data-start=\"3831\" data-end=\"3864\"><strong data-start=\"3831\" data-end=\"3864\">Einbindung in den KiTa-Alltag<\/strong><\/p>\n<p data-start=\"3866\" data-end=\"4286\">Die <strong data-start=\"3870\" data-end=\"3897\">Waldgruppe Kinderkrippe<\/strong> ist vollst\u00e4ndig in das p\u00e4dagogische Gesamtkonzept der KiTa Bl\u00fcemli eingebunden. Kinder ab zwei Jahren k\u00f6nnen \u2013 wenn von den Eltern gew\u00fcnscht \u2013 regelm\u00e4ssig an den Waldtagen teilnehmen. Dabei profitieren sie auch von weiteren besonderen Angeboten wie dem w\u00f6chentlichen Schwimmen mit einer professionellen Schwimmlehrerin oder den englischsprachigen Aktivit\u00e4ten zur fr\u00fchen Sprachf\u00f6rderung.<\/p>\n<p data-start=\"4288\" data-end=\"4597\">Diese ganzheitliche F\u00f6rderung verbindet sich mit einer klaren Alltagsstruktur, liebevoller Betreuung und einem wertsch\u00e4tzenden Miteinander. Das zeigt sich auch in der langj\u00e4hrigen Mitarbeitendenbindung: Viele Fachpersonen sind seit mehreren Jahren Teil des Teams \u2013 das schafft Verl\u00e4sslichkeit und Vertrauen.<\/p>\n<p data-start=\"4599\" data-end=\"4638\"><strong data-start=\"4599\" data-end=\"4638\">Warum Waldp\u00e4dagogik so wertvoll ist<\/strong><\/p>\n<p data-start=\"4640\" data-end=\"4954\">Immer mehr wissenschaftliche Studien best\u00e4tigen, was in der t\u00e4glichen Arbeit mit Kindern l\u00e4ngst sp\u00fcrbar ist: Der Aufenthalt im Wald wirkt sich positiv auf die kognitive, soziale und emotionale Entwicklung von Kindern aus. Er f\u00f6rdert Konzentration, senkt Stress, steigert die Kreativit\u00e4t und st\u00e4rkt die Resilienz.<\/p>\n<p data-start=\"4956\" data-end=\"5192\">Die KiTa Bl\u00fcemli macht sich diese Erkenntnisse zunutze und setzt sie mit hoher Fachlichkeit, viel Herz und grossem Engagement um. So entsteht ein Umfeld, in dem Kinder nicht nur spielen, sondern wachsen \u2013 im wahrsten Sinne des Wortes.<\/p>\n<p data-start=\"5194\" data-end=\"5560\">Eltern, die auf der Suche nach einer liebevollen, professionellen und naturnahen Betreuung f\u00fcr ihre Kinder sind, k\u00f6nnen sich auf der Webseite <a class=\"decorated-link\" href=\"https:\/\/kitabluemli.ch\/en\/activities\/\" target=\"_new\" rel=\"noopener\" data-start=\"5336\" data-end=\"5403\">kitabluemli.ch\/aktivitaeten<\/a> ausf\u00fchrlich \u00fcber das Konzept informieren. Auch die Anmeldung ist unkompliziert \u00fcber <a class=\"decorated-link\" href=\"https:\/\/kitabluemli.ch\/en\/enrollment\/\" target=\"_new\" rel=\"noopener\" data-start=\"5488\" data-end=\"5549\">kitabluemli.ch\/anmeldung<\/a> m\u00f6glich.<\/p>","protected":false},"excerpt":{"rendered":"<p>Waldgruppe Kinderkrippe begeistert mit echtem Naturerlebnis Die Waldgruppe der KiTa Bl\u00fcemli ist mehr als nur ein p\u00e4dagogisches Angebot \u2013 sie ist ein lebendiges Abenteuer f\u00fcr Kinder, bei dem Entdeckerlust, Bewegung, soziale Entwicklung und Naturverst\u00e4ndnis im Mittelpunkt stehen. T\u00e4glich geht es f\u00fcr die Kinder nach dem Zn\u00fcni hinaus in den nahegelegenen Wald. Der Elefantenbach, kleine Lichtungen, [&hellip;]<\/p>\n","protected":false},"author":2,"featured_media":30746,"comment_status":"closed","ping_status":"closed","sticky":false,"template":"","format":"standard","meta":{"footnotes":""},"categories":[520],"tags":[],"class_list":["post-30745","post","type-post","status-publish","format-standard","has-post-thumbnail","hentry","category-waldkinderkrippe-blog"],"_links":{"self":[{"href":"https:\/\/kitabluemli.ch\/en\/wp-json\/wp\/v2\/posts\/30745","targetHints":{"allow":["GET"]}}],"collection":[{"href":"https:\/\/kitabluemli.ch\/en\/wp-json\/wp\/v2\/posts"}],"about":[{"href":"https:\/\/kitabluemli.ch\/en\/wp-json\/wp\/v2\/types\/post"}],"author":[{"embeddable":true,"href":"https:\/\/kitabluemli.ch\/en\/wp-json\/wp\/v2\/users\/2"}],"replies":[{"embeddable":true,"href":"https:\/\/kitabluemli.ch\/en\/wp-json\/wp\/v2\/comments?post=30745"}],"version-history":[{"count":0,"href":"https:\/\/kitabluemli.ch\/en\/wp-json\/wp\/v2\/posts\/30745\/revisions"}],"wp:featuredmedia":[{"embeddable":true,"href":"https:\/\/kitabluemli.ch\/en\/wp-json\/wp\/v2\/media\/30746"}],"wp:attachment":[{"href":"https:\/\/kitabluemli.ch\/en\/wp-json\/wp\/v2\/media?parent=30745"}],"wp:term":[{"taxonomy":"category","embeddable":true,"href":"https:\/\/kitabluemli.ch\/en\/wp-json\/wp\/v2\/categories?post=30745"},{"taxonomy":"post_tag","embeddable":true,"href":"https:\/\/kitabluemli.ch\/en\/wp-json\/wp\/v2\/tags?post=30745"}],"curies":[{"name":"wp","href":"https:\/\/api.w.org\/{rel}","templated":true}]}}