{"id":30752,"date":"2025-10-12T12:00:47","date_gmt":"2025-10-12T10:00:47","guid":{"rendered":"https:\/\/kitabluemli.ch\/?p=30752"},"modified":"2025-09-30T15:21:18","modified_gmt":"2025-09-30T13:21:18","slug":"geburtstagsfeier-kinderkrippe-bringt-leuchtende-kinderaugen","status":"publish","type":"post","link":"https:\/\/kitabluemli.ch\/en\/geburtstagsfeier-kinderkrippe-bringt-leuchtende-kinderaugen\/","title":{"rendered":"Geburtstagsfeier Kinderkrippe bringt leuchtende Kinderaugen"},"content":{"rendered":"<p data-start=\"140\" data-end=\"203\"><strong data-start=\"140\" data-end=\"203\">Geburtstagsfeier Kinderkrippe bringt leuchtende Kinderaugen<\/strong><\/p>\n<p data-start=\"205\" data-end=\"590\">Die <strong data-start=\"209\" data-end=\"249\">Geburtstagsfeier in der Kinderkrippe<\/strong> ist ein magischer Moment \u2013 nicht nur f\u00fcr das Geburtstagskind selbst, sondern auch f\u00fcr alle anderen kleinen G\u00e4ste. In der KiTa Bl\u00fcemli feiern wir diesen besonderen Tag mit viel Liebe, Fantasie und einer grossen Portion Herzensw\u00e4rme. Sobald ein Kind mit einer selbstgebastelten Krone am Fr\u00fchst\u00fcckstisch sitzt, wissen alle: Heute ist dein Tag!<\/p>\n<p data-start=\"592\" data-end=\"959\">Im Mittelpunkt steht das Kind mit der goldenen Krone, wie auf dem Bild zu sehen. Umgeben von Freunden, Luftballons, Muffins und Liedern, wird der Tag zu einem unvergesslichen Erlebnis. Die Atmosph\u00e4re ist fr\u00f6hlich, gem\u00fctlich und voller Vorfreude. Jedes Detail ist mit Bedacht geplant \u2013 denn Kinder sp\u00fcren, wenn man ihren grossen Tag mit echter Wertsch\u00e4tzung gestaltet.<\/p>\n<p data-start=\"961\" data-end=\"1023\"><strong data-start=\"961\" data-end=\"1023\">Geburtstagsfeier Kinderkrippe als Ritual der Wertsch\u00e4tzung<\/strong><\/p>\n<p data-start=\"1025\" data-end=\"1418\">In der <strong data-start=\"1032\" data-end=\"1065\">Geburtstagsfeier Kinderkrippe<\/strong> geht es nicht nur ums Singen und Muffin-Essen. Vielmehr feiern wir das Kind als Individuum. Wir erz\u00e4hlen, was das Kind besonders macht, welche Eigenschaften uns im Alltag immer wieder auffallen, und wie wertvoll sein Dasein f\u00fcr die Gruppe ist. Diese Form der pers\u00f6nlichen Anerkennung st\u00e4rkt das Selbstbewusstsein und f\u00f6rdert die emotionale Entwicklung.<\/p>\n<p data-start=\"1420\" data-end=\"1798\">Das Geburtstagskind darf nat\u00fcrlich W\u00fcnsche \u00e4ussern \u2013 sei es beim Lied, beim Spiel oder bei der Farbe der Tischdeko. Denn wir m\u00f6chten, dass es sich gesehen und geh\u00f6rt f\u00fchlt. Auch kleine Rituale wie das Anz\u00fcnden einer Geburtstagskerze, das gemeinsame Z\u00e4hlen der Lebensjahre oder das Aufsagen eines kleinen Gedichts geh\u00f6ren zum festen Bestandteil der Feier in unserer Kinderkrippe.<\/p>\n<p data-start=\"1800\" data-end=\"1857\"><strong data-start=\"1800\" data-end=\"1857\">F\u00f6rderung sozialer Kompetenzen durch gemeinsame Feste<\/strong><\/p>\n<p data-start=\"1859\" data-end=\"2223\">Die <strong data-start=\"1863\" data-end=\"1896\">Geburtstagsfeier Kinderkrippe<\/strong> ist ein soziales Erlebnis. Die Kinder lernen, sich mit anderen zu freuen, im Mittelpunkt zu stehen und auch einmal zur\u00fcckzustehen. Sie \u00fcben das Gratulieren, das Teilen und das Einf\u00fchlen. F\u00fcr viele ist es das erste Mal, dass sie bewusst an einem festlichen Anlass teilnehmen \u2013 ein wichtiger Schritt in der sozialen Entwicklung.<\/p>\n<p data-start=\"2225\" data-end=\"2549\">Auch das gemeinsame Vorbereiten st\u00e4rkt das Gruppengef\u00fchl: Die Kinder helfen beim Tischdecken, beim Basteln der Deko oder beim Backen der Muffins. Dabei entstehen Gespr\u00e4che \u00fcber das Alter, \u00fcber Lieblingsspiele und vergangene Geburtstage. Diese Gespr\u00e4che f\u00f6rdern Sprache, Empathie und Fantasie \u2013 ganz nebenbei und spielerisch.<\/p>\n<p data-start=\"2551\" data-end=\"2600\"><strong data-start=\"2551\" data-end=\"2600\">Kreativit\u00e4t und Individualit\u00e4t im Mittelpunkt<\/strong><\/p>\n<p data-start=\"2602\" data-end=\"2954\">Bei der <strong data-start=\"2610\" data-end=\"2643\">Geburtstagsfeier Kinderkrippe<\/strong> wird nichts \u201evon der Stange\u201c \u00fcbernommen. Jede Feier ist anders \u2013 so individuell wie das Kind, das gefeiert wird. Mal gibt es eine Dschungelparty, mal eine Glitzerrunde, mal wird zur Musik getanzt, mal ein Bilderbuch vorgelesen. Die p\u00e4dagogischen Fachpersonen gestalten die Feste mit Ideenreichtum und Herzblut.<\/p>\n<p data-start=\"2956\" data-end=\"3245\">Ein besonderer Moment ist immer die \u00dcbergabe des Geburtstagszeichens: ein gemaltes Bild, eine Karte oder ein kleiner Schatz, den die Gruppe vorbereitet hat. Dieses Geschenk ist nicht materiell wertvoll, aber voller Bedeutung \u2013 weil es zeigt: Du bist wichtig, und wir haben an dich gedacht.<\/p>\n<p data-start=\"3247\" data-end=\"3300\"><strong data-start=\"3247\" data-end=\"3300\">Einbindung der Eltern und kindgerechte Gestaltung<\/strong><\/p>\n<p data-start=\"3302\" data-end=\"3656\">In der KiTa Bl\u00fcemli sind auch die Eltern einbezogen \u2013 auf kindgerechte und entspannte Weise. Sie d\u00fcrfen gerne Muffins, Fr\u00fcchte oder kleine Snacks mitgeben, wenn sie m\u00f6chten. Wir achten bewusst darauf, dass die Feiern altersgerecht, gesund und einfach bleiben. Kein Stress, kein Wettbewerb, sondern W\u00e4rme, N\u00e4he und ein Fokus auf das Wesentliche: das Kind.<\/p>\n<p data-start=\"3658\" data-end=\"3972\">Eltern berichten uns oft, wie sehr ihr Kind sich auf die Geburtstagsfeier in der Krippe freut \u2013 teils schon Wochen im Voraus. Und wie begeistert sie von den Erz\u00e4hlungen am Abend sind. Genau das ist unser Ziel: Ein Tag, der im Herzen bleibt und ein L\u00e4cheln aufs Gesicht zaubert \u2013 auch lange nach dem letzten Muffin.<\/p>\n<p data-start=\"3974\" data-end=\"4012\"><strong data-start=\"3974\" data-end=\"4012\">Teil unserer p\u00e4dagogischen Haltung<\/strong><\/p>\n<p data-start=\"4014\" data-end=\"4370\">Die <strong data-start=\"4018\" data-end=\"4051\">Geburtstagsfeier Kinderkrippe<\/strong> ist bei uns nicht nur ein sch\u00f6ner Anlass, sondern fest in unserem p\u00e4dagogischen Konzept verankert. Sie steht f\u00fcr gelebte Wertsch\u00e4tzung, f\u00fcr das Feiern von Vielfalt und f\u00fcr das Miteinander. Kinder, die sich als Teil einer liebevollen Gemeinschaft erleben, entwickeln ein starkes Selbstbild und Vertrauen in Beziehungen.<\/p>\n<p data-start=\"4372\" data-end=\"4784\">In Verbindung mit anderen regelm\u00e4ssigen Ritualen \u2013 wie dem w\u00f6chentlichen Schwimmen, dem t\u00e4glichen Aufenthalt in der <a class=\"decorated-link\" href=\"https:\/\/kitabluemli.ch\/en\/forest-group\/\" target=\"_new\" rel=\"noopener\" data-start=\"4488\" data-end=\"4536\">Forest Group<\/a> oder unseren kreativen Angeboten \u2013 entsteht ein Alltag, in dem jedes Kind gesehen und begleitet wird. Wer mehr \u00fcber unsere Haltung erfahren m\u00f6chte, findet dazu Informationen unter <a class=\"decorated-link\" href=\"https:\/\/kitabluemli.ch\/en\/our-values\/\" target=\"_new\" rel=\"noopener\" data-start=\"4717\" data-end=\"4783\">kitabluemli.ch\/unsere-werte<\/a>.<\/p>","protected":false},"excerpt":{"rendered":"<p>Geburtstagsfeier Kinderkrippe bringt leuchtende Kinderaugen Die Geburtstagsfeier in der Kinderkrippe ist ein magischer Moment \u2013 nicht nur f\u00fcr das Geburtstagskind selbst, sondern auch f\u00fcr alle anderen kleinen G\u00e4ste. In der KiTa Bl\u00fcemli feiern wir diesen besonderen Tag mit viel Liebe, Fantasie und einer grossen Portion Herzensw\u00e4rme. Sobald ein Kind mit einer selbstgebastelten Krone am Fr\u00fchst\u00fcckstisch [&hellip;]<\/p>\n","protected":false},"author":2,"featured_media":30753,"comment_status":"closed","ping_status":"closed","sticky":false,"template":"","format":"standard","meta":{"footnotes":""},"categories":[519],"tags":[],"class_list":["post-30752","post","type-post","status-publish","format-standard","has-post-thumbnail","hentry","category-kinderkrippe-blog"],"_links":{"self":[{"href":"https:\/\/kitabluemli.ch\/en\/wp-json\/wp\/v2\/posts\/30752","targetHints":{"allow":["GET"]}}],"collection":[{"href":"https:\/\/kitabluemli.ch\/en\/wp-json\/wp\/v2\/posts"}],"about":[{"href":"https:\/\/kitabluemli.ch\/en\/wp-json\/wp\/v2\/types\/post"}],"author":[{"embeddable":true,"href":"https:\/\/kitabluemli.ch\/en\/wp-json\/wp\/v2\/users\/2"}],"replies":[{"embeddable":true,"href":"https:\/\/kitabluemli.ch\/en\/wp-json\/wp\/v2\/comments?post=30752"}],"version-history":[{"count":0,"href":"https:\/\/kitabluemli.ch\/en\/wp-json\/wp\/v2\/posts\/30752\/revisions"}],"wp:featuredmedia":[{"embeddable":true,"href":"https:\/\/kitabluemli.ch\/en\/wp-json\/wp\/v2\/media\/30753"}],"wp:attachment":[{"href":"https:\/\/kitabluemli.ch\/en\/wp-json\/wp\/v2\/media?parent=30752"}],"wp:term":[{"taxonomy":"category","embeddable":true,"href":"https:\/\/kitabluemli.ch\/en\/wp-json\/wp\/v2\/categories?post=30752"},{"taxonomy":"post_tag","embeddable":true,"href":"https:\/\/kitabluemli.ch\/en\/wp-json\/wp\/v2\/tags?post=30752"}],"curies":[{"name":"wp","href":"https:\/\/api.w.org\/{rel}","templated":true}]}}