{"id":30755,"date":"2025-10-15T12:00:39","date_gmt":"2025-10-15T10:00:39","guid":{"rendered":"https:\/\/kitabluemli.ch\/?p=30755"},"modified":"2025-09-30T15:32:58","modified_gmt":"2025-09-30T13:32:58","slug":"naturpaedagogik-begeistert-kleine-entdeckerherzen","status":"publish","type":"post","link":"https:\/\/kitabluemli.ch\/en\/naturpaedagogik-begeistert-kleine-entdeckerherzen\/","title":{"rendered":"Naturp\u00e4dagogik begeistert kleine Entdeckerherzen"},"content":{"rendered":"<p data-start=\"186\" data-end=\"256\"><strong data-start=\"186\" data-end=\"256\">Naturp\u00e4dagogik im Alltag der Kinderkrippe: Lernen mit allen Sinnen<\/strong><\/p>\n<p data-start=\"258\" data-end=\"614\">Naturp\u00e4dagogik ist bei der Kinderkrippe Bl\u00fcemli kein Zusatzangebot, sondern ein selbstverst\u00e4ndlicher Teil des Alltags. Jeden Tag verbringen die Kinder gemeinsam mit unseren Fachpersonen mehrere Stunden im Wald \u2013 bei Wind und Wetter. Dabei entstehen zahlreiche Gelegenheiten, die nat\u00fcrliche Welt ganz unmittelbar zu erleben, zu begreifen und zu verstehen.<\/p>\n<p data-start=\"616\" data-end=\"1117\">In der Szene auf dem Bild ist ein typisches Beispiel f\u00fcr naturp\u00e4dagogisches Lernen zu sehen: Eine kleine Gruppe Kinder steht gemeinsam mit einer Betreuungsperson um einige Baumst\u00e4mme, die den Waldboden durchziehen. Ihre Aufmerksamkeit gilt nicht dem grossen Ganzen, sondern dem Kleinen \u2013 einem K\u00e4fer, einem Pilz, einem sich schl\u00e4ngelnden Ast oder der Struktur der Rinde. Was genau sie entdeckt haben, ist gar nicht so wichtig. Es ist vielmehr die Haltung, die z\u00e4hlt: neugierig, offen und aufmerksam.<\/p>\n<p data-start=\"1119\" data-end=\"1418\">Diese Momente sind Gold wert f\u00fcr die fr\u00fchkindliche Entwicklung. Sie f\u00f6rdern nicht nur die Wahrnehmung und Konzentration, sondern auch die Sprache, das soziale Miteinander und das Vertrauen in die eigenen F\u00e4higkeiten. Die Natur wird zum Lernort, der sich st\u00e4ndig wandelt \u2013 und immer Neues bereith\u00e4lt.<\/p>\n<hr data-start=\"1420\" data-end=\"1423\" \/>\n<p data-start=\"1425\" data-end=\"1488\"><strong data-start=\"1425\" data-end=\"1488\">Zwischen Farn und Wurzeln: Wie Naturp\u00e4dagogik Kinder st\u00e4rkt<\/strong><\/p>\n<p data-start=\"1490\" data-end=\"1944\">Kinder, die regelm\u00e4ssig im Wald unterwegs sind, lernen fr\u00fch, auf sich selbst zu achten \u2013 und aufeinander. Denn auf unebenem Waldboden, bei nassem Wetter oder beim Balancieren \u00fcber einen Baumstamm sind Teamgeist, R\u00fccksichtnahme und Koordination gefragt. Naturp\u00e4dagogik bedeutet, den Kindern zuzutrauen, mit Herausforderungen umzugehen. Nat\u00fcrlich begleitet durch unsere geschulten Fachpersonen, die die Risiken kennen und zu sicheren Erkundungen anregen.<\/p>\n<p data-start=\"1946\" data-end=\"2334\">Gerade in einer Zeit, in der viele Kinder viel Zeit vor Bildschirmen verbringen, ist das Erleben der nat\u00fcrlichen Welt ein unsch\u00e4tzbarer Ausgleich. Es f\u00f6rdert nicht nur die physische Bewegung, sondern st\u00e4rkt auch das emotionale Wohlbefinden. Die Kinder in unserer Kinderkrippe erleben den Wald nicht nur als Ort des Spiels, sondern auch als Ort der Ruhe, der Geborgenheit und des Staunens.<\/p>\n<p data-start=\"2336\" data-end=\"2710\">Dabei geht es nicht um spektakul\u00e4re Erlebnisse. Die wahre St\u00e4rke der Naturp\u00e4dagogik liegt in der Tiefe der einfachen Dinge: das Kribbeln eines K\u00e4fers auf der Hand, das Rascheln von Bl\u00e4ttern unter den F\u00fcssen, das Ger\u00e4usch eines Spechtes in der Ferne. Solche Eindr\u00fccke pr\u00e4gen sich ein und f\u00f6rdern ein fr\u00fches Umweltbewusstsein, das auf Erfahrungen statt auf Belehrungen beruht.<\/p>\n<hr data-start=\"2712\" data-end=\"2715\" \/>\n<p data-start=\"2717\" data-end=\"2781\"><strong data-start=\"2717\" data-end=\"2781\">Naturp\u00e4dagogik braucht Zeit \u2013 und Raum zur freien Entfaltung<\/strong><\/p>\n<p data-start=\"2783\" data-end=\"3087\">Die Kinder der Waldgruppe der Kinderkrippe Bl\u00fcemli haben das Gl\u00fcck, t\u00e4glich Zugang zum nahegelegenen Wald zu haben \u2013 insbesondere zum beliebten Elefantenbach. Auf dem Weg dorthin, beim gemeinsamen Fr\u00fchst\u00fcck im Gr\u00fcnen, beim Erforschen von K\u00e4fern, Moosen oder Pilzen, erleben sie sich als Teil der Natur.<\/p>\n<p data-start=\"3089\" data-end=\"3511\">Naturp\u00e4dagogik bedeutet nicht, den Tag nach einem strikten Programm zu planen. Vielmehr lassen wir Raum f\u00fcr Entdeckungen, spontane Interessen und eigene Fragestellungen. Wenn ein Kind wissen will, warum der Pilz so glitschig ist oder was der Regenwurm frisst, nehmen wir uns die Zeit, gemeinsam nach Antworten zu suchen \u2013 manchmal mit einem Bilderbuch, manchmal mit einer Lupe, manchmal einfach durch genaues Hinschauen.<\/p>\n<p data-start=\"3513\" data-end=\"3814\">Diese Form der Betreuung erm\u00f6glicht eine ganzheitliche F\u00f6rderung. Neben der Sprachentwicklung (zum Beispiel durch dialogisches Beobachten) und der Feinmotorik (z.\u202fB. beim behutsamen Aufnehmen eines Insekts), werden auch Werte wie Achtsamkeit, Respekt und Verantwortung ganz praktisch erlebbar gemacht.<\/p>\n<hr data-start=\"3816\" data-end=\"3819\" \/>\n<p data-start=\"3821\" data-end=\"3893\"><strong data-start=\"3821\" data-end=\"3893\">Teamarbeit im Wald: Wie unsere Fachpersonen Naturp\u00e4dagogik begleiten<\/strong><\/p>\n<p data-start=\"3895\" data-end=\"4238\">Damit Naturp\u00e4dagogik gelingt, braucht es ein engagiertes und kompetentes Team. In der Kinderkrippe Bl\u00fcemli ist jede Waldgruppe mit mehreren Betreuungspersonen besetzt, darunter immer mindestens eine ausgebildete Fachperson Betreuung Kinder. Viele Mitarbeitende haben jahrelange Erfahrung in der Waldarbeit und bilden sich regelm\u00e4ssig weiter.<\/p>\n<p data-start=\"4240\" data-end=\"4552\">Wir achten bewusst darauf, altersgerechte Impulse zu setzen. W\u00e4hrend die ganz Kleinen eher noch beobachten und ertasten, d\u00fcrfen \u00e4ltere Kinder schon mit kleinen Werkzeugen arbeiten oder einfache Experimente durchf\u00fchren. Immer unter achtsamer Aufsicht, aber mit viel Vertrauen in die F\u00e4higkeiten jedes Einzelnen.<\/p>\n<p data-start=\"4554\" data-end=\"4856\">Auch die elterliche Perspektive ist uns wichtig: Wir laden Familien regelm\u00e4ssig zu gemeinsamen Erlebnistagen oder Eltern-Kind-Nachmittagen in den Wald ein. So k\u00f6nnen sie selbst erleben, wie die Naturp\u00e4dagogik in unserer Kinderkrippe funktioniert \u2013 und welche Begeisterung sie bei ihren Kindern ausl\u00f6st.<\/p>\n<hr data-start=\"4858\" data-end=\"4861\" \/>\n<p data-start=\"4863\" data-end=\"4903\"><strong data-start=\"4863\" data-end=\"4903\">Mehr \u00fcber unsere t\u00e4gliche Waldgruppe<\/strong><\/p>\n<p data-start=\"4905\" data-end=\"5210\">Wer mehr \u00fcber unsere naturp\u00e4dagogischen Aktivit\u00e4ten erfahren m\u00f6chte, findet weitere Informationen unter: <a class=\"decorated-link\" href=\"https:\/\/kitabluemli.ch\/en\/forest-group\/\" target=\"_new\" rel=\"noopener\" data-start=\"5010\" data-end=\"5082\">https:\/\/kitabluemli.ch\/waldgruppe\/<\/a>. Dort zeigen wir, wie der Alltag im Wald konkret aussieht, welche Kleidung empfohlen wird und wie wir Sicherheit gew\u00e4hrleisten.<\/p>","protected":false},"excerpt":{"rendered":"<p>Naturp\u00e4dagogik im Alltag der Kinderkrippe: Lernen mit allen Sinnen Naturp\u00e4dagogik ist bei der Kinderkrippe Bl\u00fcemli kein Zusatzangebot, sondern ein selbstverst\u00e4ndlicher Teil des Alltags. Jeden Tag verbringen die Kinder gemeinsam mit unseren Fachpersonen mehrere Stunden im Wald \u2013 bei Wind und Wetter. Dabei entstehen zahlreiche Gelegenheiten, die nat\u00fcrliche Welt ganz unmittelbar zu erleben, zu begreifen und [&hellip;]<\/p>\n","protected":false},"author":2,"featured_media":30756,"comment_status":"closed","ping_status":"closed","sticky":false,"template":"","format":"standard","meta":{"footnotes":""},"categories":[520],"tags":[],"class_list":["post-30755","post","type-post","status-publish","format-standard","has-post-thumbnail","hentry","category-waldkinderkrippe-blog"],"_links":{"self":[{"href":"https:\/\/kitabluemli.ch\/en\/wp-json\/wp\/v2\/posts\/30755","targetHints":{"allow":["GET"]}}],"collection":[{"href":"https:\/\/kitabluemli.ch\/en\/wp-json\/wp\/v2\/posts"}],"about":[{"href":"https:\/\/kitabluemli.ch\/en\/wp-json\/wp\/v2\/types\/post"}],"author":[{"embeddable":true,"href":"https:\/\/kitabluemli.ch\/en\/wp-json\/wp\/v2\/users\/2"}],"replies":[{"embeddable":true,"href":"https:\/\/kitabluemli.ch\/en\/wp-json\/wp\/v2\/comments?post=30755"}],"version-history":[{"count":0,"href":"https:\/\/kitabluemli.ch\/en\/wp-json\/wp\/v2\/posts\/30755\/revisions"}],"wp:featuredmedia":[{"embeddable":true,"href":"https:\/\/kitabluemli.ch\/en\/wp-json\/wp\/v2\/media\/30756"}],"wp:attachment":[{"href":"https:\/\/kitabluemli.ch\/en\/wp-json\/wp\/v2\/media?parent=30755"}],"wp:term":[{"taxonomy":"category","embeddable":true,"href":"https:\/\/kitabluemli.ch\/en\/wp-json\/wp\/v2\/categories?post=30755"},{"taxonomy":"post_tag","embeddable":true,"href":"https:\/\/kitabluemli.ch\/en\/wp-json\/wp\/v2\/tags?post=30755"}],"curies":[{"name":"wp","href":"https:\/\/api.w.org\/{rel}","templated":true}]}}