{"id":30758,"date":"2025-10-18T12:00:14","date_gmt":"2025-10-18T10:00:14","guid":{"rendered":"https:\/\/kitabluemli.ch\/?p=30758"},"modified":"2025-09-30T15:50:49","modified_gmt":"2025-09-30T13:50:49","slug":"kleine-entdecker-erleben-natur-hautnah-in-der-kinderkrippe","status":"publish","type":"post","link":"https:\/\/kitabluemli.ch\/en\/kleine-entdecker-erleben-natur-hautnah-in-der-kinderkrippe\/","title":{"rendered":"Kleine Entdecker erleben Natur hautnah in der Kinderkrippe"},"content":{"rendered":"<h3 data-start=\"534\" data-end=\"596\">Kleine Entdecker erleben Natur hautnah in der Kinderkrippe<\/h3>\n<p data-start=\"598\" data-end=\"832\">Was braucht es, um aus einem ganz normalen Spaziergang ein echtes Abenteuer zu machen? In der Kinderkrippe Bl\u00fcemli lautet die Antwort: Neugierde, wache Sinne und ein kleiner Kreis aus begeisterten Kindern \u2013 unsere kleinen Entdecker!<\/p>\n<p data-start=\"834\" data-end=\"1222\">Das Bild zeigt eine typische Szene aus unserem Krippenalltag: Eine Gruppe von Kindern hockt eng zusammen, die K\u00f6pfe gesenkt, die Aufmerksamkeit fokussiert auf etwas Kleines, Spannendes, das sie gemeinsam am Boden entdeckt haben. F\u00fcr Erwachsene mag es ein einfacher K\u00e4fer, eine Schnecke oder ein besonderer Stein sein \u2013 f\u00fcr die Kinder ist es ein kleines Wunder, das ihren Tag verzaubert.<\/p>\n<p data-start=\"1224\" data-end=\"1681\">Diese allt\u00e4glichen, kindlichen Entdeckungsmomente sind bei uns keine Nebensache, sondern Herzst\u00fcck unserer p\u00e4dagogischen Arbeit. Die Kinderkrippe Bl\u00fcemli in Z\u00fcrich Witikon versteht sich als naturnahe Einrichtung, in der Forschen, Staunen und Erleben zur Tagesordnung geh\u00f6ren. Unsere kleinen Entdecker lernen bei jedem Ausflug mehr \u00fcber ihre Umgebung, aber auch \u00fcber sich selbst, ihre Sinne, ihre F\u00e4higkeiten \u2013 und wie man gemeinsam auf Entdeckungstour geht.<\/p>\n<h3 data-start=\"1683\" data-end=\"1739\">Lernen mit allen Sinnen: die Natur als Klassenzimmer<\/h3>\n<p data-start=\"1741\" data-end=\"2166\">Die Kinder bewegen sich bei jedem Wetter durch den Wald, \u00fcber Wiesen oder kleine Kieswege, wie auf dem gezeigten Bild. Dabei nutzen sie all ihre Sinne. Sie sehen, wie sich Licht durch Bl\u00e4tter filtert. Sie h\u00f6ren das Knacken von \u00c4sten unter ihren Gummistiefeln. Sie f\u00fchlen den k\u00fchlen Wind auf ihrer Haut, riechen den Duft von feuchtem Laub oder bl\u00fchenden Wildblumen und ertasten kleine Insekten oder glattgeschliffene Steine.<\/p>\n<p data-start=\"2168\" data-end=\"2601\">Dieses ganzheitliche Erleben ist f\u00fcr die kindliche Entwicklung von unsch\u00e4tzbarem Wert. Motorik, Konzentration, Sprache, Selbstbewusstsein \u2013 all das wird durch Naturerfahrungen nachhaltig gef\u00f6rdert. Und ganz nebenbei lernen die Kinder auch noch R\u00fccksicht, Geduld und Teamarbeit. Denn unsere kleinen Entdecker teilen ihre Funde mit anderen, stellen Fragen, h\u00f6ren zu und \u00fcberlegen gemeinsam, was sie da gerade Spannendes entdeckt haben.<\/p>\n<h3 data-start=\"2603\" data-end=\"2655\">Begleitetes Staunen \u2013 unser p\u00e4dagogischer Ansatz<\/h3>\n<p data-start=\"2657\" data-end=\"3047\">Nat\u00fcrlich schicken wir die Kinder nicht einfach in den Wald und lassen sie sich selbst \u00fcberlassen. Jedes Abenteuer wird von unseren p\u00e4dagogischen Fachpersonen einf\u00fchlsam begleitet. Sie beobachten, unterst\u00fctzen und stellen Impulsfragen: \u201eWas glaubst du, wer da wohnt?\u201c oder \u201eWie f\u00fchlt sich dieser Stein an?\u201c \u2013 so f\u00f6rdern sie die Sprache, regen das Denken an und geben Raum f\u00fcr Kreativit\u00e4t.<\/p>\n<p data-start=\"3049\" data-end=\"3506\">Die kleinen Entdecker der Kinderkrippe Bl\u00fcemli d\u00fcrfen Fragen stellen und bekommen ehrliche, kindgerechte Antworten. Manchmal wird eine spontane Entdeckung auch zur Gelegenheit f\u00fcr ein kleines Forschungsprojekt: Gemeinsam wird ein Insekt bestimmt, ein Mini-Tagebuch gef\u00fchrt oder ein Blattabdruck gemacht. Unsere Fachpersonen achten dabei darauf, die nat\u00fcrliche Neugier der Kinder zu erhalten und zu st\u00e4rken \u2013 ohne zu \u00fcberfordern oder mit Wissen zu \u00fcberladen.<\/p>\n<h3 data-start=\"3508\" data-end=\"3555\">Rituale und Wiederholungen geben Sicherheit<\/h3>\n<p data-start=\"3557\" data-end=\"3869\">Unsere t\u00e4glichen Ausfl\u00fcge \u2013 sei es zum Elefantenbach, zur Waldlichtung oder auf die Wiese hinter dem Haus \u2013 folgen einem vertrauten Rhythmus. Die Kinder wissen, was sie erwartet: der Weg, das Ziel, das Picknick oder die Spielzeit drau\u00dfen. Diese Rituale geben Sicherheit und schaffen Raum f\u00fcr neue Entdeckungen.<\/p>\n<p data-start=\"3871\" data-end=\"4234\">Im Bild sieht man, wie sich die Kinder ganz selbstverst\u00e4ndlich versammeln und gemeinsam forschen. Diese enge Gruppendynamik ist kein Zufall, sondern das Ergebnis gelebter Gemeinschaft. Bei uns in der Kinderkrippe Bl\u00fcemli lernen die Kinder nicht nur, was eine Ameise ist, sondern auch, wie man einander zuh\u00f6rt, sich abwechselt und respektvoll miteinander umgeht.<\/p>\n<h3 data-start=\"4236\" data-end=\"4281\">Kleine Entdecker wachsen \u00fcber sich hinaus<\/h3>\n<p data-start=\"4283\" data-end=\"4676\">Viele Eltern sind erstaunt, wie selbstst\u00e4ndig und neugierig ihre Kinder nach einigen Monaten bei uns geworden sind. Das liegt nicht zuletzt an unserem waldp\u00e4dagogischen Ansatz: Drau\u00dfen wird jedes Kind zum Forscher, zum Abenteurer, zur Geschichtenerz\u00e4hlerin. Auch sch\u00fcchterne Kinder bl\u00fchen auf, wenn sie im eigenen Tempo Natur erleben d\u00fcrfen \u2013 fernab von Leistungsdruck oder starren Vorgaben.<\/p>\n<p data-start=\"4678\" data-end=\"4960\">Dabei spielt es keine Rolle, ob es regnet oder die Sonne scheint: Die Kinder der Kinderkrippe Bl\u00fcemli sind wetterfest und entdecken bei jedem Wetter Neues. Mit Matschhose, Regenjacke und Neugier ausgestattet wird jeder Regentag zum Highlight. Denn: Ein Pf\u00fctzentag ist ein guter Tag!<\/p>\n<h3 data-start=\"4962\" data-end=\"5005\">Nachhaltiges Lernen beginnt mit Neugier<\/h3>\n<p data-start=\"5007\" data-end=\"5292\">Die Erlebnisse, die unsere kleinen Entdecker im Wald und auf Ausfl\u00fcgen machen, wirken weit \u00fcber den Moment hinaus. Die Kinder lernen, Zusammenh\u00e4nge zu erkennen, sich f\u00fcr Lebewesen zu interessieren, achtsam mit Ressourcen umzugehen \u2013 kurz: Sie entwickeln ein \u00f6kologisches Bewusstsein.<\/p>\n<p data-start=\"5294\" data-end=\"5587\">Und wer mit drei Jahren schon wei\u00df, dass unter einem Baumstamm ein kleines \u00d6kosystem existiert, dem f\u00e4llt es sp\u00e4ter leichter, Natur zu sch\u00fctzen und zu respektieren. Genau hier beginnt nachhaltige Bildung \u2013 mitten im Wald, auf einem Kiesweg, umringt von neugierigen Blicken und bunten Kappen.<\/p>\n<hr data-start=\"5589\" data-end=\"5592\" \/>\n<p data-start=\"5594\" data-end=\"5896\">\ud83d\udc49 Mehr \u00fcber unsere Waldgruppe und unser p\u00e4dagogisches Konzept findest du auf <a class=\"decorated-link\" href=\"https:\/\/kitabluemli.ch\/en\/forest-group\/\" target=\"_new\" rel=\"noopener\" data-start=\"5672\" data-end=\"5734\">kitabluemli.ch\/waldgruppe<\/a><br data-start=\"5734\" data-end=\"5737\" \/>\ud83d\udcf8 Und wenn du wissen m\u00f6chtest, was unsere kleinen Entdecker als N\u00e4chstes erleben, folge uns auf Instagram: <a class=\"decorated-link\" href=\"https:\/\/instagram.com\/kitabluemli\" target=\"_new\" rel=\"noopener\" data-start=\"5845\" data-end=\"5894\">@kitabluemli<\/a><\/p>","protected":false},"excerpt":{"rendered":"<p>Kleine Entdecker erleben Natur hautnah in der Kinderkrippe Was braucht es, um aus einem ganz normalen Spaziergang ein echtes Abenteuer zu machen? In der Kinderkrippe Bl\u00fcemli lautet die Antwort: Neugierde, wache Sinne und ein kleiner Kreis aus begeisterten Kindern \u2013 unsere kleinen Entdecker! Das Bild zeigt eine typische Szene aus unserem Krippenalltag: Eine Gruppe von [&hellip;]<\/p>\n","protected":false},"author":2,"featured_media":30760,"comment_status":"closed","ping_status":"closed","sticky":false,"template":"","format":"standard","meta":{"footnotes":""},"categories":[520],"tags":[],"class_list":["post-30758","post","type-post","status-publish","format-standard","has-post-thumbnail","hentry","category-waldkinderkrippe-blog"],"_links":{"self":[{"href":"https:\/\/kitabluemli.ch\/en\/wp-json\/wp\/v2\/posts\/30758","targetHints":{"allow":["GET"]}}],"collection":[{"href":"https:\/\/kitabluemli.ch\/en\/wp-json\/wp\/v2\/posts"}],"about":[{"href":"https:\/\/kitabluemli.ch\/en\/wp-json\/wp\/v2\/types\/post"}],"author":[{"embeddable":true,"href":"https:\/\/kitabluemli.ch\/en\/wp-json\/wp\/v2\/users\/2"}],"replies":[{"embeddable":true,"href":"https:\/\/kitabluemli.ch\/en\/wp-json\/wp\/v2\/comments?post=30758"}],"version-history":[{"count":0,"href":"https:\/\/kitabluemli.ch\/en\/wp-json\/wp\/v2\/posts\/30758\/revisions"}],"wp:featuredmedia":[{"embeddable":true,"href":"https:\/\/kitabluemli.ch\/en\/wp-json\/wp\/v2\/media\/30760"}],"wp:attachment":[{"href":"https:\/\/kitabluemli.ch\/en\/wp-json\/wp\/v2\/media?parent=30758"}],"wp:term":[{"taxonomy":"category","embeddable":true,"href":"https:\/\/kitabluemli.ch\/en\/wp-json\/wp\/v2\/categories?post=30758"},{"taxonomy":"post_tag","embeddable":true,"href":"https:\/\/kitabluemli.ch\/en\/wp-json\/wp\/v2\/tags?post=30758"}],"curies":[{"name":"wp","href":"https:\/\/api.w.org\/{rel}","templated":true}]}}