{"id":30765,"date":"2025-10-24T12:00:49","date_gmt":"2025-10-24T10:00:49","guid":{"rendered":"https:\/\/kitabluemli.ch\/?p=30765"},"modified":"2025-10-20T15:33:00","modified_gmt":"2025-10-20T13:33:00","slug":"waldabenteuer-in-der-kinderkrippe-blueemli-naturpaedagogik-mit-allen-sinnen-erleben","status":"publish","type":"post","link":"https:\/\/kitabluemli.ch\/en\/waldabenteuer-in-der-kinderkrippe-blueemli-naturpaedagogik-mit-allen-sinnen-erleben\/","title":{"rendered":"Waldabenteuer in der Kinderkrippe Bl\u00fcemli: Naturp\u00e4dagogik mit allen Sinnen erleben"},"content":{"rendered":"<h3 data-start=\"414\" data-end=\"500\">Waldabenteuer in der Kinderkrippe Bl\u00fcemli: Naturp\u00e4dagogik mit allen Sinnen erleben<\/h3>\n<p data-start=\"502\" data-end=\"929\">Inmitten des satten Gr\u00fcns von Z\u00fcrich Witikon beginnt f\u00fcr die Kinder der Kinderkrippe Bl\u00fcemli jeden Tag ein neues <strong data-start=\"615\" data-end=\"632\">Waldabenteuer<\/strong>. Mit bunten M\u00fctzen, reflektierenden Westen und einer grossen Portion Neugier im Gep\u00e4ck geht es nach dem Zn\u00fcni in den nahegelegenen Wald \u2013 und das bei Wind und Wetter. Der Wald ist f\u00fcr die Kinder nicht einfach ein Ort zum Spielen, sondern ein Raum voller Geheimnisse, Erlebnisse und Lernchancen.<\/p>\n<p data-start=\"931\" data-end=\"1447\">Was auf den ersten Blick nach einem Spaziergang aussieht, entpuppt sich schnell als eine p\u00e4dagogisch wertvolle Expedition: In kleinen Gruppen stapfen die Kinder \u00fcber Wurzeln, balancieren \u00fcber Baumst\u00e4mme, folgen Tierger\u00e4uschen oder entdecken gemeinsam Spuren im Matsch. Dabei lernen sie nicht nur die Natur, sondern auch sich selbst besser kennen. Der Wald als Lernort schafft unz\u00e4hlige Gelegenheiten zur F\u00f6rderung von Motorik, Sprache, Sozialverhalten und Selbstvertrauen \u2013 ganz ohne klassische Schulbank oder Tafel.<\/p>\n<p data-start=\"1449\" data-end=\"1983\">Die Kinder der Kinderkrippe Bl\u00fcemli sind Teil einer festen Waldgruppe, die t\u00e4glich zwischen 9 und 11.30 Uhr und nachmittags zwischen 14 und 15.30 Uhr im Gr\u00fcnen unterwegs ist. Die konstante Routine und die vertraute Umgebung erm\u00f6glichen den Kleinen, eine intensive Bindung zur Natur aufzubauen. Der Wald wird dabei zu einem echten Erfahrungsraum: Bl\u00e4tter werden sortiert, K\u00e4fer bestaunt, Regenw\u00fcrmer entdeckt und in Pf\u00fctzen wird mit Gummistiefeln geplanscht. Jede Wurzel erz\u00e4hlt eine Geschichte, jeder Baum wird zum Kletterabenteuer.<\/p>\n<p data-start=\"1985\" data-end=\"2506\">Und genau das macht die Naturp\u00e4dagogik der Bl\u00fcemli-Kinderkrippe so besonders: Es geht nicht um ein reines \u201eDraussen sein\u201c, sondern um aktives Entdecken, Erleben und Forschen. Die Betreuungspersonen begleiten die Kinder dabei achtsam, stellen Impulse, greifen Interessen auf und geben viel Raum f\u00fcr freies Spiel. Gleichzeitig beobachten sie die Entwicklung jedes einzelnen Kindes und f\u00f6rdern gezielt \u2013 sei es durch sprachliche Begleitung, mathematische Fragen (\u201eWie viele \u00c4ste hast du gefunden?\u201c) oder kreative Anregungen.<\/p>\n<p data-start=\"2508\" data-end=\"3063\">Das gezeigte Bild ist ein wunderbares Beispiel f\u00fcr diese gelebte P\u00e4dagogik. Eine Gruppe von Kindern hat sich um einen besonderen Fund im Wald geschart \u2013 was genau dort am Boden liegt, bleibt ihr kleines Geheimnis. Vielleicht ein K\u00e4fer? Eine Nacktschnecke? Ein Zapfen mit seltsamer Form? Auf jeden Fall ist es etwas, das Staunen ausl\u00f6st, das Fragen aufwirft und das die Fantasie anregt. Genau in solchen Momenten zeigt sich die Kraft der Waldp\u00e4dagogik: Das Interesse kommt von den Kindern selbst, das Lernen geschieht intrinsisch, motiviert und nachhaltig.<\/p>\n<p data-start=\"3065\" data-end=\"3409\">Gleichzeitig lernen die Kinder Verantwortung und Achtsamkeit. Wer kleine Tiere beobachtet, muss leise sein. Wer \u00c4ste tr\u00e4gt, passt auf andere auf. Wer einen tollen Pilz entdeckt, lernt: Nicht alles darf man anfassen. Diese Erlebnisse f\u00f6rdern ein tiefes Naturverst\u00e4ndnis und legen schon fr\u00fch den Grundstein f\u00fcr ein \u00f6kologisch bewusstes Handeln.<\/p>\n<p data-start=\"3411\" data-end=\"3812\">Auch f\u00fcr die Entwicklung der Gruppendynamik sind die t\u00e4glichen <strong data-start=\"3474\" data-end=\"3491\">Waldabenteuer<\/strong> Gold wert. Die Kinder lernen, sich gegenseitig zu helfen, sich abzusprechen, gemeinsam L\u00f6sungen zu finden \u2013 etwa wenn ein Weg blockiert ist oder ein besonders interessanter K\u00e4fer zu verschwinden droht. Konflikte werden auf nat\u00fcrliche Weise ausgetragen und gel\u00f6st, oft mit erstaunlich viel R\u00fccksichtnahme und Kreativit\u00e4t.<\/p>\n<p data-start=\"3814\" data-end=\"4202\">Nicht zu untersch\u00e4tzen ist auch die positive Wirkung auf die Gesundheit: Die frische Luft st\u00e4rkt das Immunsystem, Bewegung an der frischen Luft macht widerstandsf\u00e4hig und das nat\u00fcrliche Tageslicht unterst\u00fctzt einen gesunden Schlaf-Wach-Rhythmus. Viele Eltern berichten begeistert davon, wie ausgeglichen, fr\u00f6hlich und ausgepowert ihre Kinder nach einem Tag in der Natur nach Hause kommen.<\/p>\n<p data-start=\"4204\" data-end=\"4641\">In der Kinderkrippe Bl\u00fcemli wird das <strong data-start=\"4241\" data-end=\"4258\">Waldabenteuer<\/strong> nicht als &#171;Programmpunkt&#187; verstanden, sondern als gelebte Haltung. Der Wald geh\u00f6rt f\u00fcr die Kinder fest zum Alltag. Er ist Klassenzimmer, Turnhalle, Atelier, Spielplatz und Ruheort zugleich. Die Betreuerinnen und Betreuer sind keine \u201eAnimateur:innen\u201c, sondern feinf\u00fchlige Begleiter:innen, die Raum f\u00fcr Selbstwirksamkeit geben und den Kindern zutrauen, eigene Erfahrungen zu machen.<\/p>\n<p data-start=\"4643\" data-end=\"4908\">Und manchmal, wenn die Kinder zur\u00fcck in die Krippe kommen, klebt noch etwas Matsch an den Stiefeln oder ein besonders sch\u00f6ner Ast wird wie ein Schatz mitgebracht. Dann wissen wir: Das war wieder ein Tag voller Entdeckungen, voller Freude und voller echter Kindheit.<\/p>\n<hr data-start=\"4910\" data-end=\"4913\" \/>\n<p data-start=\"4915\" data-end=\"5052\">\ud83d\udc49 Weitere Infos zu unserem naturp\u00e4dagogischen Ansatz findest du auf <a class=\"decorated-link cursor-pointer\" target=\"_new\" rel=\"noopener\" data-start=\"4984\" data-end=\"5052\">kitabl\u00fcemli.ch\/waldabenteuer<\/a><\/p>","protected":false},"excerpt":{"rendered":"<p>Waldabenteuer in der Kinderkrippe Bl\u00fcemli: Naturp\u00e4dagogik mit allen Sinnen erleben Inmitten des satten Gr\u00fcns von Z\u00fcrich Witikon beginnt f\u00fcr die Kinder der Kinderkrippe Bl\u00fcemli jeden Tag ein neues Waldabenteuer. Mit bunten M\u00fctzen, reflektierenden Westen und einer grossen Portion Neugier im Gep\u00e4ck geht es nach dem Zn\u00fcni in den nahegelegenen Wald \u2013 und das bei Wind [&hellip;]<\/p>\n","protected":false},"author":2,"featured_media":30766,"comment_status":"closed","ping_status":"closed","sticky":false,"template":"","format":"standard","meta":{"footnotes":""},"categories":[520],"tags":[],"class_list":["post-30765","post","type-post","status-publish","format-standard","has-post-thumbnail","hentry","category-waldkinderkrippe-blog"],"_links":{"self":[{"href":"https:\/\/kitabluemli.ch\/en\/wp-json\/wp\/v2\/posts\/30765","targetHints":{"allow":["GET"]}}],"collection":[{"href":"https:\/\/kitabluemli.ch\/en\/wp-json\/wp\/v2\/posts"}],"about":[{"href":"https:\/\/kitabluemli.ch\/en\/wp-json\/wp\/v2\/types\/post"}],"author":[{"embeddable":true,"href":"https:\/\/kitabluemli.ch\/en\/wp-json\/wp\/v2\/users\/2"}],"replies":[{"embeddable":true,"href":"https:\/\/kitabluemli.ch\/en\/wp-json\/wp\/v2\/comments?post=30765"}],"version-history":[{"count":0,"href":"https:\/\/kitabluemli.ch\/en\/wp-json\/wp\/v2\/posts\/30765\/revisions"}],"wp:featuredmedia":[{"embeddable":true,"href":"https:\/\/kitabluemli.ch\/en\/wp-json\/wp\/v2\/media\/30766"}],"wp:attachment":[{"href":"https:\/\/kitabluemli.ch\/en\/wp-json\/wp\/v2\/media?parent=30765"}],"wp:term":[{"taxonomy":"category","embeddable":true,"href":"https:\/\/kitabluemli.ch\/en\/wp-json\/wp\/v2\/categories?post=30765"},{"taxonomy":"post_tag","embeddable":true,"href":"https:\/\/kitabluemli.ch\/en\/wp-json\/wp\/v2\/tags?post=30765"}],"curies":[{"name":"wp","href":"https:\/\/api.w.org\/{rel}","templated":true}]}}