{"id":30794,"date":"2025-11-08T12:00:13","date_gmt":"2025-11-08T11:00:13","guid":{"rendered":"https:\/\/kitabluemli.ch\/?p=30794"},"modified":"2025-10-20T16:47:00","modified_gmt":"2025-10-20T14:47:00","slug":"morgenkreis-mit-kindern-7-magische-momente-des-miteinanders","status":"publish","type":"post","link":"https:\/\/kitabluemli.ch\/en\/morgenkreis-mit-kindern-7-magische-momente-des-miteinanders\/","title":{"rendered":"Morgenkreis mit Kindern \u2013 7 magische Momente des Miteinanders"},"content":{"rendered":"<p data-start=\"601\" data-end=\"1001\"><strong data-start=\"601\" data-end=\"616\">Morgenkreis<\/strong> \u2013 ein fester Bestandteil des Tages in der Kinderkrippe Bl\u00fcemli und gleichzeitig ein wunderbarer Start in den Tag. Hier treffen sich alle Kinder, um gemeinsam zu singen, zu lachen, zu reden und sich auf das vorzubereiten, was der Tag bringen wird. Der Morgenkreis schafft Struktur, Geborgenheit und Gemeinschaft \u2013 drei Grundpfeiler, die f\u00fcr Kinder im fr\u00fchen Alter enorm wichtig sind.<\/p>\n<p data-start=\"1003\" data-end=\"1290\">In der Kinderkrippe Bl\u00fcemli in Z\u00fcrich Witikon legen wir grossen Wert darauf, dass jedes Kind sich gesehen und geh\u00f6rt f\u00fchlt. Der <strong data-start=\"1131\" data-end=\"1146\">Morgenkreis<\/strong> bietet genau diesen Raum. Es ist der Moment, in dem alle zusammenkommen \u2013 vom Baby bis zum Vorschulkind \u2013 und sp\u00fcren: <em data-start=\"1265\" data-end=\"1288\">Wir geh\u00f6ren zusammen.<\/em><\/p>\n<h3 data-start=\"1292\" data-end=\"1337\">Morgenkreis als Ritual der Geborgenheit<\/h3>\n<p data-start=\"1339\" data-end=\"1616\">Kinder lieben Rituale, und der <strong data-start=\"1370\" data-end=\"1385\">Morgenkreis<\/strong> ist eines der sch\u00f6nsten. Er gibt Orientierung und Sicherheit. Jeden Tag zur gleichen Zeit versammeln sich die Kinder mit ihren Betreuerinnen im Kreis, begr\u00fcssen sich, z\u00e4hlen, wie viele heute da sind, und besprechen, was ansteht.<\/p>\n<p data-start=\"1618\" data-end=\"1915\">Diese Wiederkehr schafft Vertrauen und st\u00e4rkt die emotionale Stabilit\u00e4t. Kinder wissen, was sie erwartet, und f\u00fchlen sich dadurch sicher. Besonders f\u00fcr die J\u00fcngsten, die sich noch in der Eingew\u00f6hnungsphase befinden, ist der <strong data-start=\"1842\" data-end=\"1857\">Morgenkreis<\/strong> ein sanfter \u00dcbergang vom Elternhaus in den Kita-Alltag.<\/p>\n<h3 data-start=\"1917\" data-end=\"1948\">Lernen durch Gemeinschaft<\/h3>\n<p data-start=\"1950\" data-end=\"2197\">Im <strong data-start=\"1953\" data-end=\"1968\">Morgenkreis<\/strong> geht es um viel mehr als um Begr\u00fcssung und Gesang. Hier lernen Kinder, aufeinander zu achten, zuzuh\u00f6ren und zu warten, bis sie an der Reihe sind. Sie erfahren, dass ihre Stimme z\u00e4hlt \u2013 und dass es sch\u00f6n ist, anderen zuzuh\u00f6ren.<\/p>\n<p data-start=\"2199\" data-end=\"2472\">Unsere P\u00e4dagoginnen f\u00f6rdern dabei gezielt Sprachentwicklung und soziales Verhalten. Durch einfache Lieder, Fingerspiele und Gespr\u00e4che wird Sprache erlebbar gemacht. Wenn Kinder den eigenen Namen h\u00f6ren oder ein Lied mitsingen, entwickeln sie Freude am Sprechen und Lernen.<\/p>\n<p data-start=\"2474\" data-end=\"2755\">Das gemeinsame Singen st\u00e4rkt nicht nur die Sprachentwicklung, sondern auch das Gemeinschaftsgef\u00fchl. Musik verbindet \u2013 unabh\u00e4ngig von Alter oder Herkunft. Gerade in einer multikulturellen Kinderkrippe wie der Bl\u00fcemli ist der <strong data-start=\"2698\" data-end=\"2713\">Morgenkreis<\/strong> ein Ort, an dem Vielfalt gefeiert wird.<\/p>\n<h3 data-start=\"2757\" data-end=\"2790\">Bewegung, Musik und Emotion<\/h3>\n<p data-start=\"2792\" data-end=\"3117\">Der <strong data-start=\"2796\" data-end=\"2811\">Morgenkreis<\/strong> ist lebendig. Kinder d\u00fcrfen sich bewegen, tanzen, klatschen oder Instrumente ausprobieren. Wir integrieren Bewegungsspiele, um K\u00f6rperbewusstsein und Rhythmusgef\u00fchl zu f\u00f6rdern. Wenn Kinder gemeinsam singen, sich drehen oder mit T\u00fcchern tanzen, werden Motorik, Koordination und Selbstbewusstsein gest\u00e4rkt.<\/p>\n<p data-start=\"3119\" data-end=\"3391\">Gleichzeitig werden Emotionen sichtbar: Freude, Stolz, Neugier. Die P\u00e4dagoginnen greifen diese Gef\u00fchle auf und benennen sie, um Kinder in ihrer emotionalen Entwicklung zu begleiten. Der <strong data-start=\"3305\" data-end=\"3320\">Morgenkreis<\/strong> ist damit auch ein wichtiger Ort f\u00fcr soziale und emotionale Bildung.<\/p>\n<h3 data-start=\"3393\" data-end=\"3438\">Der Morgenkreis als inklusives Erlebnis<\/h3>\n<p data-start=\"3440\" data-end=\"3742\">In der Kinderkrippe Bl\u00fcemli ist jedes Kind Teil des Kreises \u2013 unabh\u00e4ngig von Alter, Sprache oder Entwicklungsstand. Das <strong data-start=\"3560\" data-end=\"3575\">Morgenkreis<\/strong>-Ritual wird so gestaltet, dass jedes Kind teilnehmen kann. Auch Babys erleben durch Beobachten, H\u00f6ren und die N\u00e4he zu den anderen Kindern die gemeinsame Atmosph\u00e4re.<\/p>\n<p data-start=\"3744\" data-end=\"4045\">F\u00fcr Kinder mit unterschiedlichen Sprachkenntnissen ist der <strong data-start=\"3803\" data-end=\"3818\">Morgenkreis<\/strong> ein besonders wertvolles Lernfeld. Durch Wiederholungen, einfache Reime und visuelle Elemente (z. B. Bildkarten oder Handgesten) verstehen sie schnell, worum es geht. Sprache wird hier nicht nur gesprochen, sondern <em data-start=\"4034\" data-end=\"4042\">erlebt<\/em>.<\/p>\n<h3 data-start=\"4047\" data-end=\"4093\">P\u00e4dagogischer Mehrwert des Morgenkreises<\/h3>\n<p data-start=\"4095\" data-end=\"4206\">Der <strong data-start=\"4099\" data-end=\"4114\">Morgenkreis<\/strong> ist p\u00e4dagogisch wertvoll, weil er viele Lernbereiche gleichzeitig f\u00f6rdert. Kinder lernen:<\/p>\n<ul data-start=\"4207\" data-end=\"4391\">\n<li data-start=\"4207\" data-end=\"4241\">\n<p data-start=\"4209\" data-end=\"4241\">sich mitzuteilen und zuzuh\u00f6ren<\/p>\n<\/li>\n<li data-start=\"4242\" data-end=\"4267\">\n<p data-start=\"4244\" data-end=\"4267\">sich zu konzentrieren<\/p>\n<\/li>\n<li data-start=\"4268\" data-end=\"4319\">\n<p data-start=\"4270\" data-end=\"4319\">sich im Kreis zu bewegen und Regeln einzuhalten<\/p>\n<\/li>\n<li data-start=\"4320\" data-end=\"4363\">\n<p data-start=\"4322\" data-end=\"4363\">Emotionen wahrzunehmen und auszudr\u00fccken<\/p>\n<\/li>\n<li data-start=\"4364\" data-end=\"4391\">\n<p data-start=\"4366\" data-end=\"4391\">Gemeinschaft zu erleben<\/p>\n<\/li>\n<\/ul>\n<p data-start=\"4393\" data-end=\"4611\">Diese F\u00e4higkeiten sind zentrale Grundlagen f\u00fcr das sp\u00e4tere Lernen in Schule und Alltag. Durch gezielte Impulse der P\u00e4dagoginnen wird der <strong data-start=\"4530\" data-end=\"4545\">Morgenkreis<\/strong> jeden Tag zu einer kleinen, aber bedeutenden Bildungssituation.<\/p>\n<h3 data-start=\"4613\" data-end=\"4650\">Von der Gruppe zur Gemeinschaft<\/h3>\n<p data-start=\"4652\" data-end=\"4977\">In der Kinderkrippe Bl\u00fcemli verstehen wir den <strong data-start=\"4698\" data-end=\"4713\">Morgenkreis<\/strong> als Herzst\u00fcck des Tages. Hier w\u00e4chst aus einer Gruppe von Kindern eine Gemeinschaft. Jedes Kind wird mit Namen begr\u00fcsst, jedes darf sich zeigen, jedes wird wertgesch\u00e4tzt. Dieses Gef\u00fchl des Dazugeh\u00f6rens st\u00e4rkt die soziale Bindung und das Vertrauen in die Gruppe.<\/p>\n<p data-start=\"4979\" data-end=\"5265\">Auch f\u00fcr das Team ist der Morgenkreis ein wichtiger Moment. Unsere P\u00e4dagoginnen erleben, wie Kinder Fortschritte machen \u2013 wie sie mutiger sprechen, offener singen oder sich trauen, neue Bewegungen auszuprobieren. Diese kleinen Entwicklungsschritte machen den Kita-Alltag so besonders.<\/p>\n<h3 data-start=\"5267\" data-end=\"5311\">Struktur und Freiheit im Gleichgewicht<\/h3>\n<p data-start=\"5313\" data-end=\"5721\">Der <strong data-start=\"5317\" data-end=\"5332\">Morgenkreis<\/strong> ist gleichzeitig strukturiert und frei. Die klare Abfolge (Begr\u00fcssung, Lied, Gespr\u00e4ch, Bewegung) bietet Orientierung, w\u00e4hrend der Inhalt t\u00e4glich variiert. Mal geht es um das Wetter, mal um ein Tier, mal um das, was die Kinder selbst erlebt haben. Diese Balance f\u00f6rdert Kreativit\u00e4t und Spontaneit\u00e4t \u2013 zwei Werte, die im p\u00e4dagogischen Konzept der Kinderkrippe Bl\u00fcemli fest verankert sind.<\/p>\n<p data-start=\"5723\" data-end=\"5952\">Mehr \u00fcber unsere Haltung und unsere t\u00e4gliche Arbeit mit den Kindern erfahren Interessierte auf unserer Webseite unter <a class=\"decorated-link\" href=\"https:\/\/kitabluemli.ch\/en\/our-values\/\" target=\"_new\" rel=\"noopener\" data-start=\"5841\" data-end=\"5893\">our values.<\/a> and <a class=\"decorated-link\" href=\"https:\/\/kitabluemli.ch\/en\/activities\/\" target=\"_new\" rel=\"noopener\" data-start=\"5898\" data-end=\"5949\">Activities<\/a>.<\/p>\n<h3 data-start=\"5954\" data-end=\"5997\">Ein kleiner Kreis mit grosser Wirkung<\/h3>\n<p data-start=\"5999\" data-end=\"6326\">Der <strong data-start=\"6003\" data-end=\"6018\">Morgenkreis<\/strong> mag auf den ersten Blick unscheinbar wirken \u2013 doch seine Wirkung ist enorm. Er schafft N\u00e4he, f\u00f6rdert Sprache, st\u00e4rkt das Gemeinschaftsgef\u00fchl und vermittelt Sicherheit. F\u00fcr viele Kinder ist es der sch\u00f6nste Moment des Tages: Alle sind beisammen, singen, lachen und starten mit guter Laune in neue Abenteuer.<\/p>\n<p data-start=\"6328\" data-end=\"6634\">In der Kinderkrippe Bl\u00fcemli glauben wir fest daran, dass Bildung im Kleinen beginnt. Ein Lied, ein L\u00e4cheln, ein gemeinsamer Kreis \u2013 daraus entsteht Vertrauen, Freude und Lernbereitschaft. Und genau das ist der Zauber des <strong data-start=\"6549\" data-end=\"6566\">Morgenkreises<\/strong>: Er verbindet Herz, Kopf und Gemeinschaft auf einzigartige Weise.<\/p>","protected":false},"excerpt":{"rendered":"<p>Morgenkreis \u2013 ein fester Bestandteil des Tages in der Kinderkrippe Bl\u00fcemli und gleichzeitig ein wunderbarer Start in den Tag. Hier treffen sich alle Kinder, um gemeinsam zu singen, zu lachen, zu reden und sich auf das vorzubereiten, was der Tag bringen wird. Der Morgenkreis schafft Struktur, Geborgenheit und Gemeinschaft \u2013 drei Grundpfeiler, die f\u00fcr Kinder [&hellip;]<\/p>\n","protected":false},"author":2,"featured_media":30795,"comment_status":"closed","ping_status":"closed","sticky":false,"template":"","format":"standard","meta":{"footnotes":""},"categories":[519],"tags":[],"class_list":["post-30794","post","type-post","status-publish","format-standard","has-post-thumbnail","hentry","category-kinderkrippe-blog"],"_links":{"self":[{"href":"https:\/\/kitabluemli.ch\/en\/wp-json\/wp\/v2\/posts\/30794","targetHints":{"allow":["GET"]}}],"collection":[{"href":"https:\/\/kitabluemli.ch\/en\/wp-json\/wp\/v2\/posts"}],"about":[{"href":"https:\/\/kitabluemli.ch\/en\/wp-json\/wp\/v2\/types\/post"}],"author":[{"embeddable":true,"href":"https:\/\/kitabluemli.ch\/en\/wp-json\/wp\/v2\/users\/2"}],"replies":[{"embeddable":true,"href":"https:\/\/kitabluemli.ch\/en\/wp-json\/wp\/v2\/comments?post=30794"}],"version-history":[{"count":0,"href":"https:\/\/kitabluemli.ch\/en\/wp-json\/wp\/v2\/posts\/30794\/revisions"}],"wp:featuredmedia":[{"embeddable":true,"href":"https:\/\/kitabluemli.ch\/en\/wp-json\/wp\/v2\/media\/30795"}],"wp:attachment":[{"href":"https:\/\/kitabluemli.ch\/en\/wp-json\/wp\/v2\/media?parent=30794"}],"wp:term":[{"taxonomy":"category","embeddable":true,"href":"https:\/\/kitabluemli.ch\/en\/wp-json\/wp\/v2\/categories?post=30794"},{"taxonomy":"post_tag","embeddable":true,"href":"https:\/\/kitabluemli.ch\/en\/wp-json\/wp\/v2\/tags?post=30794"}],"curies":[{"name":"wp","href":"https:\/\/api.w.org\/{rel}","templated":true}]}}