{"id":30797,"date":"2025-11-11T12:00:26","date_gmt":"2025-11-11T11:00:26","guid":{"rendered":"https:\/\/kitabluemli.ch\/?p=30797"},"modified":"2025-10-20T16:50:19","modified_gmt":"2025-10-20T14:50:19","slug":"waldforscher-mit-kindern-7-spannende-naturentdeckungen","status":"publish","type":"post","link":"https:\/\/kitabluemli.ch\/en\/waldforscher-mit-kindern-7-spannende-naturentdeckungen\/","title":{"rendered":"Waldforscher mit Kindern \u2013 7 spannende Naturentdeckungen"},"content":{"rendered":"<p data-start=\"605\" data-end=\"1031\"><strong data-start=\"605\" data-end=\"621\">Waldforscher<\/strong> sind bei der Kinderkrippe Bl\u00fcemli t\u00e4glich unterwegs. Mit wachen Augen, offenen Ohren und einer grossen Portion Neugier erkunden die Kinder den Wald rund um Z\u00fcrich Witikon. Jeder Ast, jedes Blatt, jeder Pilz birgt ein kleines Geheimnis, das entdeckt werden will. Der Wald ist f\u00fcr uns kein Spielplatz im klassischen Sinn \u2013 er ist ein lebendiger Lernraum, in dem Kinder forschen, beobachten und staunen d\u00fcrfen.<\/p>\n<p data-start=\"1033\" data-end=\"1366\">In der Kinderkrippe Bl\u00fcemli verbringen die Kinder jeden Tag viel Zeit draussen. Gerade die Waldgruppe erlebt, wie Naturp\u00e4dagogik wirkt: Lernen passiert hier ganz von selbst \u2013 durch Bewegung, Sinneserfahrung und gemeinsame Erlebnisse. Das <strong data-start=\"1271\" data-end=\"1287\">Waldforscher<\/strong>-Abenteuer ist dabei ein zentraler Bestandteil unseres p\u00e4dagogischen Alltags.<\/p>\n<h3 data-start=\"1368\" data-end=\"1412\">Waldforscher \u2013 Lernen mit allen Sinnen<\/h3>\n<p data-start=\"1414\" data-end=\"1799\">Ein echtes <strong data-start=\"1425\" data-end=\"1441\">Waldforscher<\/strong>-Abenteuer beginnt oft unscheinbar. Ein Kind entdeckt Pilze an einem Baumstamm, eine Ameisenstrasse auf dem Boden oder ein unbekanntes Blatt. Sofort werden Fragen gestellt, Hypothesen aufgestellt und Beobachtungen geteilt. Warum wachsen Pilze auf Holz? Was machen Ameisen im Herbst? Solche Fragen sind der ideale Einstieg in naturwissenschaftliches Denken.<\/p>\n<p data-start=\"1801\" data-end=\"2163\">Die Kinder d\u00fcrfen anfassen, riechen, vergleichen und beschreiben. Durch diese Sinneserfahrungen begreifen sie die Welt buchst\u00e4blich im wahrsten Sinne des Wortes. Unsere P\u00e4dagoginnen begleiten diese Prozesse behutsam, geben Impulse und unterst\u00fctzen das kindliche Staunen, ohne zu viel vorwegzunehmen. Denn echtes Forschen lebt vom Entdecken, nicht vom Erkl\u00e4ren.<\/p>\n<h3 data-start=\"2165\" data-end=\"2201\">Naturp\u00e4dagogik, die begeistert<\/h3>\n<p data-start=\"2203\" data-end=\"2551\">Das Konzept der Naturp\u00e4dagogik ist tief in der Philosophie der Kinderkrippe Bl\u00fcemli verankert. Als <strong data-start=\"2302\" data-end=\"2318\">Waldforscher<\/strong> erleben Kinder Zusammenh\u00e4nge hautnah. Sie erkennen, dass jedes Tier und jede Pflanze eine Aufgabe hat. Der Pilz zersetzt Holz, damit Neues wachsen kann. Die Ameisen tragen Nahrung in ihren Bau und bereiten sich auf den Winter vor.<\/p>\n<p data-start=\"2553\" data-end=\"2793\">Diese Erfahrungen wecken ein tiefes Verst\u00e4ndnis f\u00fcr \u00f6kologische Kreisl\u00e4ufe. Kinder, die Natur erleben, entwickeln automatisch Achtsamkeit und Respekt. Sie lernen, dass Leben Vielfalt bedeutet \u2013 und dass auch kleine Lebewesen wichtig sind.<\/p>\n<h3 data-start=\"2795\" data-end=\"2822\">Waldforscher als Team<\/h3>\n<p data-start=\"2824\" data-end=\"3131\">Beim <strong data-start=\"2829\" data-end=\"2845\">Waldforscher<\/strong>-Abenteuer steht auch das Miteinander im Vordergrund. Kinder lernen, sich gegenseitig zu helfen, gemeinsam zu entdecken und ihre Beobachtungen zu teilen. Wenn eines etwas Spannendes findet, kommen alle neugierig dazu. So entstehen Dialoge, in denen Kinder einander Wissen weitergeben.<\/p>\n<p data-start=\"3133\" data-end=\"3384\">Unsere P\u00e4dagoginnen f\u00f6rdern diesen Austausch gezielt. Sie regen Gespr\u00e4che an, ermutigen Kinder, ihre Gedanken zu \u00e4ussern, und st\u00e4rken dadurch Kommunikation und Sozialverhalten. Im Wald zu forschen bedeutet also auch, Sprache und Empathie zu f\u00f6rdern.<\/p>\n<h3 data-start=\"3386\" data-end=\"3421\">Bewegung und Freiheit im Wald<\/h3>\n<p data-start=\"3423\" data-end=\"3767\">Der Wald ist ein Ort, an dem Kinder sich frei bewegen d\u00fcrfen. Beim <strong data-start=\"3490\" data-end=\"3506\">Waldforscher<\/strong>-Erlebnis wird geklettert, balanciert, gegraben und gesammelt. Diese nat\u00fcrlichen Bewegungsformen f\u00f6rdern Gleichgewicht, Kraft und Koordination. Kinder erleben ihren K\u00f6rper als stark und f\u00e4hig \u2013 ein wichtiger Baustein f\u00fcr Selbstvertrauen und Selbstst\u00e4ndigkeit.<\/p>\n<p data-start=\"3769\" data-end=\"4043\">Gleichzeitig lernen sie, auf ihre Umgebung zu achten. Rutschige Wurzeln, tiefe Pf\u00fctzen oder herabgefallene \u00c4ste werden zu kleinen Herausforderungen, die Konzentration und Vorsicht trainieren. Bewegung und Achtsamkeit gehen Hand in Hand \u2013 ganz ohne k\u00fcnstliche Lernumgebung.<\/p>\n<h3 data-start=\"4045\" data-end=\"4079\">Forschen, staunen, verstehen<\/h3>\n<p data-start=\"4081\" data-end=\"4401\">Das <strong data-start=\"4085\" data-end=\"4101\">Waldforscher<\/strong>-Abenteuer ist mehr als eine Aktivit\u00e4t \u2013 es ist gelebte Bildung. Kinder lernen, Hypothesen zu bilden, zu beobachten, zu vergleichen und Schlussfolgerungen zu ziehen. Diese F\u00e4higkeiten sind die Grundlage wissenschaftlichen Denkens. Und das Beste: Es geschieht ganz nat\u00fcrlich, aus Freude und Neugier.<\/p>\n<p data-start=\"4403\" data-end=\"4618\">Wenn ein Kind sagt: \u201eDie Pilze wachsen da, wo es feucht ist\u201c, dann steckt darin bereits echtes Verst\u00e4ndnis. Solche Lernmomente sind nachhaltiger als jede Theorie, weil sie mit Emotion und Erfahrung verkn\u00fcpft sind.<\/p>\n<h3 data-start=\"4620\" data-end=\"4657\">Natur als Spiegel der Emotionen<\/h3>\n<p data-start=\"4659\" data-end=\"4939\">Der Wald bietet nicht nur Wissen, sondern auch Ruhe. Kinder sp\u00fcren, wie sich Stille anf\u00fchlt, h\u00f6ren Wind und Vogelstimmen und erleben Momente des Innehaltens. Als <strong data-start=\"4821\" data-end=\"4837\">Waldforscher<\/strong> lernen sie, aufmerksam zu sein \u2013 nicht nur gegen\u00fcber der Natur, sondern auch gegen\u00fcber sich selbst.<\/p>\n<p data-start=\"4941\" data-end=\"5213\">Unsere P\u00e4dagoginnen nutzen diese ruhigen Momente, um Gespr\u00e4che \u00fcber Gef\u00fchle anzuregen. \u201eWie f\u00fchlt sich der Regen an?\u201c oder \u201eWarum ist der Baum umgefallen?\u201c Solche Fragen verbinden Denken, Wahrnehmen und Emotion. So entsteht ganzheitliche Bildung mit Kopf, Herz und Hand.<\/p>\n<h3 data-start=\"5215\" data-end=\"5258\">Nachhaltigkeit beginnt im Kindesalter<\/h3>\n<p data-start=\"5260\" data-end=\"5622\">Das <strong data-start=\"5264\" data-end=\"5280\">Waldforscher<\/strong>-Erlebnis tr\u00e4gt massgeblich zur Umweltbildung bei. Kinder, die Natur sch\u00e4tzen, werden sp\u00e4ter bewusster mit Ressourcen umgehen. Deshalb ist es uns wichtig, diese Liebe zur Umwelt fr\u00fch zu wecken. Jede Entdeckung im Wald \u2013 ob ein Pilz, ein K\u00e4fer oder ein Moospolster \u2013 ist ein kleiner Schritt zu einem verantwortungsvollen Umgang mit der Welt.<\/p>\n<p data-start=\"5624\" data-end=\"5905\">Wer mehr \u00fcber unsere p\u00e4dagogische Haltung erfahren m\u00f6chte, findet auf unserer Webseite Informationen zu <a class=\"decorated-link\" href=\"https:\/\/kitabluemli.ch\/en\/our-values\/\" target=\"_new\" rel=\"noopener\" data-start=\"5728\" data-end=\"5782\">unseren Werten<\/a> und zur <a class=\"decorated-link\" href=\"https:\/\/kitabluemli.ch\/en\/forest-group\/\" target=\"_new\" rel=\"noopener\" data-start=\"5791\" data-end=\"5839\">Forest Group<\/a>, in der unsere kleinen <strong data-start=\"5863\" data-end=\"5879\">Waldforscher<\/strong> t\u00e4glich unterwegs sind.<\/p>\n<h3 data-start=\"5907\" data-end=\"5935\">Ein Wald voller Wunder<\/h3>\n<p data-start=\"5937\" data-end=\"6212\">Am Ende eines Vormittags als <strong data-start=\"5966\" data-end=\"5982\">Waldforscher<\/strong> kehren die Kinder oft mit erdigen Hosen, leuchtenden Augen und vielen Geschichten zur\u00fcck. Sie erz\u00e4hlen von K\u00e4fern, Pilzen und Wurzeln \u2013 und davon, was sie alles entdeckt haben. Solche Tage sind nicht nur sch\u00f6n, sondern pr\u00e4gend.<\/p>\n<p data-start=\"6214\" data-end=\"6435\">In der Kinderkrippe Bl\u00fcemli sind wir \u00fcberzeugt: Kinder brauchen Natur, um sich ganzheitlich zu entwickeln. Der Wald schenkt Freiheit, Wissen und Ruhe \u2013 drei Elemente, die in unserer modernen Welt kostbarer sind denn je.<\/p>\n<p data-start=\"6437\" data-end=\"6593\">Das <strong data-start=\"6441\" data-end=\"6457\">Waldforscher<\/strong>-Abenteuer zeigt, dass Bildung draussen beginnt \u2013 mit einem offenen Blick, neugierigen H\u00e4nden und einem Herz voller Entdeckungsfreude.<\/p>","protected":false},"excerpt":{"rendered":"<p>Waldforscher sind bei der Kinderkrippe Bl\u00fcemli t\u00e4glich unterwegs. Mit wachen Augen, offenen Ohren und einer grossen Portion Neugier erkunden die Kinder den Wald rund um Z\u00fcrich Witikon. Jeder Ast, jedes Blatt, jeder Pilz birgt ein kleines Geheimnis, das entdeckt werden will. Der Wald ist f\u00fcr uns kein Spielplatz im klassischen Sinn \u2013 er ist ein [&hellip;]<\/p>\n","protected":false},"author":2,"featured_media":30798,"comment_status":"closed","ping_status":"closed","sticky":false,"template":"","format":"standard","meta":{"footnotes":""},"categories":[520],"tags":[],"class_list":["post-30797","post","type-post","status-publish","format-standard","has-post-thumbnail","hentry","category-waldkinderkrippe-blog"],"_links":{"self":[{"href":"https:\/\/kitabluemli.ch\/en\/wp-json\/wp\/v2\/posts\/30797","targetHints":{"allow":["GET"]}}],"collection":[{"href":"https:\/\/kitabluemli.ch\/en\/wp-json\/wp\/v2\/posts"}],"about":[{"href":"https:\/\/kitabluemli.ch\/en\/wp-json\/wp\/v2\/types\/post"}],"author":[{"embeddable":true,"href":"https:\/\/kitabluemli.ch\/en\/wp-json\/wp\/v2\/users\/2"}],"replies":[{"embeddable":true,"href":"https:\/\/kitabluemli.ch\/en\/wp-json\/wp\/v2\/comments?post=30797"}],"version-history":[{"count":0,"href":"https:\/\/kitabluemli.ch\/en\/wp-json\/wp\/v2\/posts\/30797\/revisions"}],"wp:featuredmedia":[{"embeddable":true,"href":"https:\/\/kitabluemli.ch\/en\/wp-json\/wp\/v2\/media\/30798"}],"wp:attachment":[{"href":"https:\/\/kitabluemli.ch\/en\/wp-json\/wp\/v2\/media?parent=30797"}],"wp:term":[{"taxonomy":"category","embeddable":true,"href":"https:\/\/kitabluemli.ch\/en\/wp-json\/wp\/v2\/categories?post=30797"},{"taxonomy":"post_tag","embeddable":true,"href":"https:\/\/kitabluemli.ch\/en\/wp-json\/wp\/v2\/tags?post=30797"}],"curies":[{"name":"wp","href":"https:\/\/api.w.org\/{rel}","templated":true}]}}