{"id":30840,"date":"2025-11-14T12:00:50","date_gmt":"2025-11-14T11:00:50","guid":{"rendered":"https:\/\/kitabluemli.ch\/?p=30840"},"modified":"2025-11-11T12:03:07","modified_gmt":"2025-11-11T11:03:07","slug":"halloweenfest-mit-kindern-5-kreative-kita-momente","status":"publish","type":"post","link":"https:\/\/kitabluemli.ch\/en\/halloweenfest-mit-kindern-5-kreative-kita-momente\/","title":{"rendered":"Halloweenfest mit Kindern \u2013 5 kreative Kita-Momente"},"content":{"rendered":"<p data-start=\"657\" data-end=\"1079\"><strong data-start=\"657\" data-end=\"674\">Halloweenfest<\/strong> in der Kinderkrippe Bl\u00fcemli \u2013 ein Tag voller Lachen, Farben und Fantasie. Schon beim Betreten der R\u00e4ume liegt eine besondere Stimmung in der Luft: Girlanden in Orange und Schwarz, kleine K\u00fcrbisse auf den Tischen, verkleidete Kinder mit leuchtenden Augen. Das Halloweenfest ist in unserer Kinderkrippe mehr als nur ein Anlass zum Feiern \u2013 es ist ein Erlebnis voller Kreativit\u00e4t, Gemeinschaft und Freude.<\/p>\n<p data-start=\"1081\" data-end=\"1449\">In der Kinderkrippe Bl\u00fcemli in Z\u00fcrich Witikon lieben wir es, gemeinsam Feste zu feiern. Solche Tage verbinden Kinder, Eltern und Team und schaffen Erinnerungen, die lange bleiben. Das <strong data-start=\"1265\" data-end=\"1282\">Halloweenfest<\/strong> ist dabei eines der Highlights im Herbst. Es bietet Kindern die M\u00f6glichkeit, in andere Rollen zu schl\u00fcpfen, sich auszudr\u00fccken und dabei spielerisch Neues zu lernen.<\/p>\n<h3 data-start=\"1451\" data-end=\"1505\">Halloweenfest \u2013 Fantasie trifft auf Gemeinschaft<\/h3>\n<p data-start=\"1507\" data-end=\"1854\">Beim <strong data-start=\"1512\" data-end=\"1529\">Halloweenfest<\/strong> d\u00fcrfen die Kinder ihrer Fantasie freien Lauf lassen. Ob kleine Hexen, Katzen, Geister oder Superhelden \u2013 jedes Kost\u00fcm erz\u00e4hlt eine eigene Geschichte. Schon Tage zuvor wird in der Krippe gebastelt, gemalt und dekoriert. Die Kinder gestalten Spinnen, K\u00fcrbisse oder Flederm\u00e4use aus Papier und helfen beim Schm\u00fccken der R\u00e4ume.<\/p>\n<p data-start=\"1856\" data-end=\"2172\">Diese kreative Vorbereitung ist mehr als nur Spass \u2013 sie f\u00f6rdert Feinmotorik, Konzentration und Teamarbeit. Wenn Kinder gemeinsam an einer Girlande arbeiten oder Farben mischen, \u00fcben sie Geduld, Koordination und Zusammenarbeit. Und am Festtag selbst sind sie stolz, wenn sie ihre eigenen Kunstwerke wiedererkennen.<\/p>\n<h3 data-start=\"2174\" data-end=\"2218\">P\u00e4dagogischer Wert des Halloweenfestes<\/h3>\n<p data-start=\"2220\" data-end=\"2595\">Das <strong data-start=\"2224\" data-end=\"2241\">Halloweenfest<\/strong> ist auch p\u00e4dagogisch wertvoll. Es bietet unz\u00e4hlige Lernmomente, ohne dass es sich f\u00fcr die Kinder nach Lernen anf\u00fchlt. Durch das Verkleiden schl\u00fcpfen sie in andere Rollen, entwickeln Empathie und erweitern ihr Verst\u00e4ndnis f\u00fcr Emotionen. Ein Kind, das sich als Gespenst verkleidet, spielt mit Angst und Mut \u2013 ein spannendes Thema in der fr\u00fchen Kindheit.<\/p>\n<p data-start=\"2597\" data-end=\"2971\">Dar\u00fcber hinaus st\u00e4rkt das Feiern von Festen den kulturellen Austausch. In unserer Kinderkrippe kommen Familien aus verschiedenen L\u00e4ndern zusammen. Das <strong data-start=\"2748\" data-end=\"2765\">Halloweenfest<\/strong> ist eine Gelegenheit, Traditionen zu teilen, \u00fcber Br\u00e4uche zu sprechen und Unterschiede wertzusch\u00e4tzen. So lernen Kinder spielerisch Vielfalt kennen und erleben, dass jede Kultur ihren eigenen Zauber hat.<\/p>\n<h3 data-start=\"2973\" data-end=\"3015\">Gemeinsam lachen, tanzen und staunen<\/h3>\n<p data-start=\"3017\" data-end=\"3368\">Das <strong data-start=\"3021\" data-end=\"3038\">Halloweenfest<\/strong> ist ein Tag, an dem sich alle Generationen begegnen \u2013 Kinder, Eltern und Mitarbeitende feiern gemeinsam. Es wird getanzt, gelacht und nat\u00fcrlich auch ein bisschen gegruselt. Kleine Spiele und Aktivit\u00e4ten, wie das K\u00fcrbis-Bowling oder das F\u00fchlen von \u201eHexensuppe\u201c (mit versteckten Gegenst\u00e4nden), f\u00f6rdern Motorik, Mut und Teamgeist.<\/p>\n<p data-start=\"3370\" data-end=\"3674\">F\u00fcr die Kinder ist es ein grosser Spass, aber auch eine wichtige soziale Erfahrung. Sie lernen, sich auf andere einzulassen, zusammenzuarbeiten und R\u00fccksicht zu nehmen. Die Freude \u00fcber das gemeinsame Spiel st\u00e4rkt das Wir-Gef\u00fchl \u2013 ein zentraler Wert in der p\u00e4dagogischen Arbeit der Kinderkrippe Bl\u00fcemli.<\/p>\n<h3 data-start=\"3676\" data-end=\"3711\">Halloweenfest und Kreativit\u00e4t<\/h3>\n<p data-start=\"3713\" data-end=\"4039\">Beim <strong data-start=\"3718\" data-end=\"3735\">Halloweenfest<\/strong> dreht sich alles um Kreativit\u00e4t. Schon in den Tagen davor entstehen in der Kinderkrippe kleine Kunstwerke. Die Kinder basteln Masken, malen Gesichter auf K\u00fcrbisse und gestalten Dekorationen mit Naturmaterialien aus dem Wald. Diese Aktivit\u00e4ten verbinden Kunst und Naturp\u00e4dagogik auf spielerische Weise.<\/p>\n<p data-start=\"4041\" data-end=\"4364\">Unsere P\u00e4dagoginnen f\u00f6rdern die Eigeninitiative der Kinder bewusst. Sie geben keine festen Vorlagen, sondern ermutigen die Kleinen, eigene Ideen umzusetzen. So entsteht Individualit\u00e4t und Stolz auf das eigene Tun. Wenn ein Kind sagt: \u201eDas ist mein K\u00fcrbis \u2013 mit drei Augen!\u201c, dann zeigt das Selbstbewusstsein und Fantasie.<\/p>\n<h3 data-start=\"4366\" data-end=\"4415\">Rituale und Feste als Teil des Kita-Alltags<\/h3>\n<p data-start=\"4417\" data-end=\"4687\">Das <strong data-start=\"4421\" data-end=\"4438\">Halloweenfest<\/strong> steht stellvertretend f\u00fcr die vielen liebevoll gestalteten Anl\u00e4sse in der Kinderkrippe Bl\u00fcemli. Regelm\u00e4ssige Feste sind ein fester Bestandteil unseres p\u00e4dagogischen Jahresplans. Sie geben Struktur, schaffen Vorfreude und f\u00f6rdern die Gemeinschaft.<\/p>\n<p data-start=\"4689\" data-end=\"4956\">Ob Fr\u00fchlingsfest, Sommerausflug oder Weihnachtsfeier \u2013 jedes Ereignis bietet Kindern die M\u00f6glichkeit, Neues zu erleben und sich als Teil einer Gruppe zu f\u00fchlen. Diese Feste sind wichtige Lernr\u00e4ume, in denen Emotion, Kreativit\u00e4t und soziale Kompetenz zusammenkommen.<\/p>\n<p data-start=\"4958\" data-end=\"5198\">Wer mehr \u00fcber unsere Werte und p\u00e4dagogischen Schwerpunkte erfahren m\u00f6chte, findet auf unserer Webseite spannende Einblicke unter <a class=\"decorated-link\" href=\"https:\/\/kitabluemli.ch\/en\/our-values\/\" target=\"_new\" rel=\"noopener\" data-start=\"5087\" data-end=\"5139\">our values.<\/a> and <a class=\"decorated-link\" href=\"https:\/\/kitabluemli.ch\/en\/activities\/\" target=\"_new\" rel=\"noopener\" data-start=\"5144\" data-end=\"5195\">Activities<\/a>.<\/p>\n<h3 data-start=\"5200\" data-end=\"5241\">Freude, Gemeinschaft und Erinnerung<\/h3>\n<p data-start=\"5243\" data-end=\"5512\">Das <strong data-start=\"5247\" data-end=\"5264\">Halloweenfest<\/strong> endet in der Kinderkrippe Bl\u00fcemli nie einfach mit dem letzten Lied. Es bleibt in den K\u00f6pfen und Herzen der Kinder. Am n\u00e4chsten Tag erz\u00e4hlen sie stolz, wer als was verkleidet war, zeigen ihre Bastelwerke und erinnern sich an den gemeinsamen Tanz.<\/p>\n<p data-start=\"5514\" data-end=\"5762\">Solche Momente sind unbezahlbar. Sie zeigen, wie wichtig es ist, Kinder ernst zu nehmen, ihnen Raum f\u00fcr Kreativit\u00e4t zu geben und Gemeinschaft zu leben. Feste wie das <strong data-start=\"5680\" data-end=\"5697\">Halloweenfest<\/strong> verbinden Lernen, Freude und Miteinander auf nat\u00fcrliche Weise.<\/p>\n<p data-start=\"5764\" data-end=\"6022\">In der Kinderkrippe Bl\u00fcemli glauben wir daran, dass Bildung auch durch Erlebnisse entsteht \u2013 durch Musik, Farben, Bewegung und gemeinsames Lachen. Und genau das macht unser <strong data-start=\"5937\" data-end=\"5954\">Halloweenfest<\/strong> jedes Jahr zu einem unvergesslichen Erlebnis f\u00fcr Gross und Klein.<\/p>","protected":false},"excerpt":{"rendered":"<p>Halloweenfest in der Kinderkrippe Bl\u00fcemli \u2013 ein Tag voller Lachen, Farben und Fantasie. Schon beim Betreten der R\u00e4ume liegt eine besondere Stimmung in der Luft: Girlanden in Orange und Schwarz, kleine K\u00fcrbisse auf den Tischen, verkleidete Kinder mit leuchtenden Augen. Das Halloweenfest ist in unserer Kinderkrippe mehr als nur ein Anlass zum Feiern \u2013 es [&hellip;]<\/p>\n","protected":false},"author":2,"featured_media":30841,"comment_status":"closed","ping_status":"closed","sticky":false,"template":"","format":"standard","meta":{"footnotes":""},"categories":[519],"tags":[],"class_list":["post-30840","post","type-post","status-publish","format-standard","has-post-thumbnail","hentry","category-kinderkrippe-blog"],"_links":{"self":[{"href":"https:\/\/kitabluemli.ch\/en\/wp-json\/wp\/v2\/posts\/30840","targetHints":{"allow":["GET"]}}],"collection":[{"href":"https:\/\/kitabluemli.ch\/en\/wp-json\/wp\/v2\/posts"}],"about":[{"href":"https:\/\/kitabluemli.ch\/en\/wp-json\/wp\/v2\/types\/post"}],"author":[{"embeddable":true,"href":"https:\/\/kitabluemli.ch\/en\/wp-json\/wp\/v2\/users\/2"}],"replies":[{"embeddable":true,"href":"https:\/\/kitabluemli.ch\/en\/wp-json\/wp\/v2\/comments?post=30840"}],"version-history":[{"count":0,"href":"https:\/\/kitabluemli.ch\/en\/wp-json\/wp\/v2\/posts\/30840\/revisions"}],"wp:featuredmedia":[{"embeddable":true,"href":"https:\/\/kitabluemli.ch\/en\/wp-json\/wp\/v2\/media\/30841"}],"wp:attachment":[{"href":"https:\/\/kitabluemli.ch\/en\/wp-json\/wp\/v2\/media?parent=30840"}],"wp:term":[{"taxonomy":"category","embeddable":true,"href":"https:\/\/kitabluemli.ch\/en\/wp-json\/wp\/v2\/categories?post=30840"},{"taxonomy":"post_tag","embeddable":true,"href":"https:\/\/kitabluemli.ch\/en\/wp-json\/wp\/v2\/tags?post=30840"}],"curies":[{"name":"wp","href":"https:\/\/api.w.org\/{rel}","templated":true}]}}