{"id":30850,"date":"2025-11-23T12:00:27","date_gmt":"2025-11-23T11:00:27","guid":{"rendered":"https:\/\/kitabluemli.ch\/?p=30850"},"modified":"2025-11-21T17:14:25","modified_gmt":"2025-11-21T16:14:25","slug":"herbstabenteuer-mit-kindern-7-kreative-waldmomente","status":"publish","type":"post","link":"https:\/\/kitabluemli.ch\/en\/herbstabenteuer-mit-kindern-7-kreative-waldmomente\/","title":{"rendered":"Herbstabenteuer mit Kindern \u2013 7 kreative Waldmomente"},"content":{"rendered":"<p data-start=\"577\" data-end=\"1019\"><strong data-start=\"577\" data-end=\"596\">Herbstabenteuer<\/strong> in der Kinderkrippe Bl\u00fcemli sind etwas ganz Besonderes. Wenn sich der Wald in leuchtendes Gold und warmes Rot verwandelt, zieht es die Kinder hinaus in die Natur. Dort sammeln sie Bl\u00e4tter, entdecken Pilze, h\u00f6ren das Rascheln unter den Schuhen \u2013 und verwandeln einfache Naturmaterialien in kleine Kunstwerke. Der Herbst ist f\u00fcr unsere Kinder ein Fest der Sinne, und jedes <strong data-start=\"968\" data-end=\"987\">Herbstabenteuer<\/strong> steckt voller kleiner Wunder.<\/p>\n<p data-start=\"1021\" data-end=\"1284\">Die Kinder der Kinderkrippe Bl\u00fcemli in Z\u00fcrich Witikon verbringen jeden Tag Zeit im Wald. Gerade in dieser Jahreszeit ist die Natur ein lebendiges Klassenzimmer. Beim Basteln, Sammeln und Beobachten lernen Kinder auf nat\u00fcrliche Weise \u2013 mit Herz, Kopf und H\u00e4nden.<\/p>\n<h3 data-start=\"1286\" data-end=\"1315\">Herbstabenteuer im Wald<\/h3>\n<p data-start=\"1317\" data-end=\"1674\">Ein typisches <strong data-start=\"1331\" data-end=\"1350\">Herbstabenteuer<\/strong> beginnt mit einem Spaziergang durch den bunten Wald. Die Kinder tragen ihre gelben Westen, beobachten fallende Bl\u00e4tter und freuen sich \u00fcber jede Entdeckung: ein besonders grosses Blatt, eine Schnecke oder eine Eichel. Unsere P\u00e4dagoginnen greifen diese spontanen Beobachtungen auf und verwandeln sie in kleine Lernmomente.<\/p>\n<p data-start=\"1676\" data-end=\"1871\">\u201eWarum sind die Bl\u00e4tter bunt?\u201c \u2013 \u201eWie f\u00fchlt sich Moos an?\u201c \u2013 Solche Fragen regen Kinder dazu an, ihre Umwelt bewusst wahrzunehmen. Der Wald wird so zum Ort des Forschens, Staunens und Erlebens.<\/p>\n<h3 data-start=\"1873\" data-end=\"1919\">Kreativit\u00e4t und Naturerfahrung verbinden<\/h3>\n<p data-start=\"1921\" data-end=\"2229\">Das <strong data-start=\"1925\" data-end=\"1944\">Herbstabenteuer<\/strong> ist auch eine wunderbare Gelegenheit, Kreativit\u00e4t und Natur zu verbinden. Mit gesammelten Bl\u00e4ttern, St\u00f6cken, Kastanien oder K\u00fcrbisschalen gestalten die Kinder kleine Kunstwerke. An einem Holztisch mitten im Wald entstehen farbenfrohe Bl\u00e4tterbilder, Tierfiguren oder kleine Laternen.<\/p>\n<p data-start=\"2231\" data-end=\"2549\">Beim Basteln lernen die Kinder ganz nebenbei viele F\u00e4higkeiten: Sie \u00fcben Feinmotorik, Konzentration und Teamarbeit. Wenn sie Bl\u00e4tter sortieren, Farben vergleichen oder Materialien teilen, entstehen soziale und kognitive Lernprozesse. Dabei geht es nie um Perfektion \u2013 sondern um Freude, Fantasie und gemeinsames Tun.<\/p>\n<h3 data-start=\"2551\" data-end=\"2596\">P\u00e4dagogischer Wert des Herbstabenteuers<\/h3>\n<p data-start=\"2598\" data-end=\"2925\">Das <strong data-start=\"2602\" data-end=\"2621\">Herbstabenteuer<\/strong> ist Teil der naturp\u00e4dagogischen Ausrichtung der Kinderkrippe Bl\u00fcemli. Kinder sollen die Jahreszeiten mit allen Sinnen erleben. Das st\u00e4rkt ihre emotionale und kognitive Entwicklung. Der Wald bietet ideale Voraussetzungen daf\u00fcr: frische Luft, Bewegung, nat\u00fcrliche Materialien und unendliche Lernimpulse.<\/p>\n<p data-start=\"2927\" data-end=\"3190\">Unsere Fachpersonen begleiten die Kinder aufmerksam. Sie erkl\u00e4ren, warum B\u00e4ume Bl\u00e4tter verlieren, warum es k\u00e4lter wird und wie Tiere sich auf den Winter vorbereiten. So werden Naturph\u00e4nomene greifbar \u2013 nicht im Lehrbuch, sondern direkt vor den Augen der Kinder.<\/p>\n<h3 data-start=\"3192\" data-end=\"3238\">Herbstabenteuer st\u00e4rkt Selbstbewusstsein<\/h3>\n<p data-start=\"3240\" data-end=\"3519\">Jedes <strong data-start=\"3246\" data-end=\"3265\">Herbstabenteuer<\/strong> ist auch ein Schritt zu mehr Selbstst\u00e4ndigkeit. Kinder lernen, sich draussen sicher zu bewegen, ihre Umgebung einzusch\u00e4tzen und Verantwortung zu \u00fcbernehmen. Wenn sie mithelfen, Materialien zu sammeln oder auf andere achten, w\u00e4chst ihr Selbstvertrauen.<\/p>\n<p data-start=\"3521\" data-end=\"3818\">Auch kleine Herausforderungen \u2013 etwa rutschige Wege, Wind oder kalte Finger \u2013 werden gemeinsam gemeistert. Unsere P\u00e4dagoginnen unterst\u00fctzen, ermutigen und zeigen, dass Natur manchmal fordert, aber immer belohnt. Diese Erfahrungen pr\u00e4gen nachhaltig und f\u00f6rdern Durchhalteverm\u00f6gen und Achtsamkeit.<\/p>\n<h3 data-start=\"3820\" data-end=\"3858\">Herbst als Zeit der Gemeinschaft<\/h3>\n<p data-start=\"3860\" data-end=\"4178\">Beim <strong data-start=\"3865\" data-end=\"3884\">Herbstabenteuer<\/strong> im Wald geht es auch um Gemeinschaft. Kinder sitzen zusammen am Tisch, teilen Materialien und Ideen, lachen und erz\u00e4hlen. Sie erleben, wie sch\u00f6n es ist, etwas gemeinsam zu gestalten. Diese Momente f\u00f6rdern Empathie, Kooperation und Zugeh\u00f6rigkeit \u2013 zentrale Werte unserer p\u00e4dagogischen Arbeit.<\/p>\n<p data-start=\"4180\" data-end=\"4403\">In der Kinderkrippe Bl\u00fcemli steht das gemeinsame Erleben im Mittelpunkt. Ob beim Basteln, Singen oder Spielen \u2013 jedes Kind soll sp\u00fcren, dass es Teil einer Gruppe ist. Das st\u00e4rkt soziale Bindungen und schafft Geborgenheit.<\/p>\n<h3 data-start=\"4405\" data-end=\"4445\">Nachhaltigkeit spielerisch erleben<\/h3>\n<p data-start=\"4447\" data-end=\"4704\">Das <strong data-start=\"4451\" data-end=\"4470\">Herbstabenteuer<\/strong> ist gleichzeitig eine Lektion in Nachhaltigkeit. Kinder lernen, mit Naturmaterialien achtsam umzugehen. Sie erfahren, dass Bl\u00e4tter, St\u00f6cke und Samen wertvoll sind und dass man in der Natur nichts zerst\u00f6ren muss, um kreativ zu sein.<\/p>\n<p data-start=\"4706\" data-end=\"4949\">Solche Erlebnisse legen den Grundstein f\u00fcr Umweltbewusstsein. Kinder, die Natur lieben, werden sp\u00e4ter achtsamer mit ihr umgehen. In der Kinderkrippe Bl\u00fcemli m\u00f6chten wir dieses Bewusstsein fr\u00fch f\u00f6rdern \u2013 spielerisch, liebevoll und ohne Druck.<\/p>\n<p data-start=\"4951\" data-end=\"5194\">Wer mehr \u00fcber unsere naturp\u00e4dagogische Arbeit erfahren m\u00f6chte, findet auf unserer Webseite spannende Einblicke in unsere <a class=\"decorated-link\" href=\"https:\/\/kitabluemli.ch\/en\/forest-group\/\" target=\"_new\" rel=\"noopener\" data-start=\"5072\" data-end=\"5120\">Forest Group<\/a> und unsere <a class=\"decorated-link\" href=\"https:\/\/kitabluemli.ch\/en\/our-values\/\" target=\"_new\" rel=\"noopener\" data-start=\"5132\" data-end=\"5191\">p\u00e4dagogischen Werte<\/a>.<\/p>\n<h3 data-start=\"5196\" data-end=\"5245\">Warum Herbstabenteuer unvergesslich bleiben<\/h3>\n<p data-start=\"5247\" data-end=\"5496\">Das <strong data-start=\"5251\" data-end=\"5270\">Herbstabenteuer<\/strong> endet nie einfach am Mittag \u2013 es bleibt in den K\u00f6pfen und Herzen der Kinder. Sie erz\u00e4hlen, welche Bl\u00e4tter sie gefunden haben, zeigen stolz ihre Bastelwerke und erinnern sich an das Knistern der Bl\u00e4tter unter ihren Stiefeln.<\/p>\n<p data-start=\"5498\" data-end=\"5729\">Solche Erlebnisse sind mehr als sch\u00f6ne Erinnerungen. Sie f\u00f6rdern Achtsamkeit, Naturverst\u00e4ndnis und emotionale Stabilit\u00e4t. Kinder, die draussen lernen, entwickeln ein starkes Selbstbewusstsein und eine tiefe Verbindung zur Umwelt.<\/p>\n<p data-start=\"5731\" data-end=\"5958\">In der Kinderkrippe Bl\u00fcemli glauben wir, dass Bildung am besten funktioniert, wenn sie mit Erleben, Lachen und Bewegung verbunden ist. Das <strong data-start=\"5870\" data-end=\"5889\">Herbstabenteuer<\/strong> zeigt, wie Kinder draussen wachsen \u2013 im wahrsten Sinne des Wortes.<\/p>\n<hr data-start=\"5960\" data-end=\"5963\" \/>\n<p data-start=\"5965\" data-end=\"6108\">","protected":false},"excerpt":{"rendered":"<p>Herbstabenteuer in der Kinderkrippe Bl\u00fcemli sind etwas ganz Besonderes. Wenn sich der Wald in leuchtendes Gold und warmes Rot verwandelt, zieht es die Kinder hinaus in die Natur. Dort sammeln sie Bl\u00e4tter, entdecken Pilze, h\u00f6ren das Rascheln unter den Schuhen \u2013 und verwandeln einfache Naturmaterialien in kleine Kunstwerke. Der Herbst ist f\u00fcr unsere Kinder ein [&hellip;]<\/p>\n","protected":false},"author":2,"featured_media":30905,"comment_status":"closed","ping_status":"closed","sticky":false,"template":"","format":"standard","meta":{"footnotes":""},"categories":[520],"tags":[],"class_list":["post-30850","post","type-post","status-publish","format-standard","has-post-thumbnail","hentry","category-waldkinderkrippe-blog"],"_links":{"self":[{"href":"https:\/\/kitabluemli.ch\/en\/wp-json\/wp\/v2\/posts\/30850","targetHints":{"allow":["GET"]}}],"collection":[{"href":"https:\/\/kitabluemli.ch\/en\/wp-json\/wp\/v2\/posts"}],"about":[{"href":"https:\/\/kitabluemli.ch\/en\/wp-json\/wp\/v2\/types\/post"}],"author":[{"embeddable":true,"href":"https:\/\/kitabluemli.ch\/en\/wp-json\/wp\/v2\/users\/2"}],"replies":[{"embeddable":true,"href":"https:\/\/kitabluemli.ch\/en\/wp-json\/wp\/v2\/comments?post=30850"}],"version-history":[{"count":0,"href":"https:\/\/kitabluemli.ch\/en\/wp-json\/wp\/v2\/posts\/30850\/revisions"}],"wp:featuredmedia":[{"embeddable":true,"href":"https:\/\/kitabluemli.ch\/en\/wp-json\/wp\/v2\/media\/30905"}],"wp:attachment":[{"href":"https:\/\/kitabluemli.ch\/en\/wp-json\/wp\/v2\/media?parent=30850"}],"wp:term":[{"taxonomy":"category","embeddable":true,"href":"https:\/\/kitabluemli.ch\/en\/wp-json\/wp\/v2\/categories?post=30850"},{"taxonomy":"post_tag","embeddable":true,"href":"https:\/\/kitabluemli.ch\/en\/wp-json\/wp\/v2\/tags?post=30850"}],"curies":[{"name":"wp","href":"https:\/\/api.w.org\/{rel}","templated":true}]}}