{"id":30862,"date":"2025-12-05T12:00:46","date_gmt":"2025-12-05T11:00:46","guid":{"rendered":"https:\/\/kitabluemli.ch\/?p=30862"},"modified":"2025-11-11T12:26:11","modified_gmt":"2025-11-11T11:26:11","slug":"kreativabenteuer-mit-kindern-5-farbenfrohe-wege-zum-selbstausdruck","status":"publish","type":"post","link":"https:\/\/kitabluemli.ch\/en\/kreativabenteuer-mit-kindern-5-farbenfrohe-wege-zum-selbstausdruck\/","title":{"rendered":"Kreativabenteuer mit Kindern \u2013 5 farbenfrohe Wege zum Selbstausdruck"},"content":{"rendered":"<p data-start=\"633\" data-end=\"1007\"><strong data-start=\"633\" data-end=\"653\">Kreativabenteuer<\/strong> geh\u00f6ren in der Kinderkrippe Bl\u00fcemli zu den sch\u00f6nsten Momenten des Tages. Wenn kleine H\u00e4nde in Farbe tauchen, Formen entstehen und Farben sich mischen, wird nicht nur gemalt \u2013 es wird gef\u00fchlt, entdeckt und gelernt. F\u00fcr Kinder ist Kreativit\u00e4t kein Schulfach, sondern eine Sprache. Eine Sprache, mit der sie die Welt verstehen und sich selbst ausdr\u00fccken.<\/p>\n<p data-start=\"1009\" data-end=\"1338\">In der Kinderkrippe Bl\u00fcemli in Z\u00fcrich Witikon legen wir grossen Wert auf kreative F\u00f6rderung von Anfang an. Schon die J\u00fcngsten in der Babygruppe erleben, wie spannend Farben, Materialien und Formen sein k\u00f6nnen. Beim <strong data-start=\"1224\" data-end=\"1244\">Kreativabenteuer<\/strong> d\u00fcrfen sie frei gestalten \u2013 ohne Druck, ohne Bewertung, daf\u00fcr mit viel Freude und Fantasie.<\/p>\n<h3 data-start=\"1340\" data-end=\"1388\">Kreativabenteuer \u2013 Lernen mit allen Sinnen<\/h3>\n<p data-start=\"1390\" data-end=\"1711\">Das <strong data-start=\"1394\" data-end=\"1414\">Kreativabenteuer<\/strong> beginnt oft mit einem einfachen Blatt Papier und etwas Farbe. Doch was daraus entsteht, ist viel mehr als ein Bild. Kinder erleben, wie sich Farbe anf\u00fchlt, wie sie riecht, wie sie sich auf den H\u00e4nden verteilt. Diese Sinneserfahrungen sind zentral f\u00fcr die Entwicklung in den ersten Lebensjahren.<\/p>\n<p data-start=\"1713\" data-end=\"2013\">Beim Malen, Kneten oder Stempeln trainieren Kinder ihre Feinmotorik und Auge-Hand-Koordination. Gleichzeitig werden Konzentration, Ausdauer und Kreativit\u00e4t gef\u00f6rdert. Ein Pinselstrich oder ein Fingerabdruck ist dabei kein Zufall \u2013 er ist Ausdruck von Selbstwirksamkeit: \u201eIch kann etwas erschaffen!\u201c<\/p>\n<h3 data-start=\"2015\" data-end=\"2061\">P\u00e4dagogischer Wert des Kreativabenteuers<\/h3>\n<p data-start=\"2063\" data-end=\"2277\">Das <strong data-start=\"2067\" data-end=\"2087\">Kreativabenteuer<\/strong> ist ein fester Bestandteil unserer p\u00e4dagogischen Arbeit. Wir sehen kreative Aktivit\u00e4ten nicht als Zeitvertreib, sondern als bedeutendes Lernfeld. Kinder lernen hier auf vielf\u00e4ltige Weise:<\/p>\n<ul data-start=\"2279\" data-end=\"2503\">\n<li data-start=\"2279\" data-end=\"2330\">\n<p data-start=\"2281\" data-end=\"2330\"><strong data-start=\"2281\" data-end=\"2294\">Motorisch<\/strong>, durch Bewegung und Koordination.<\/p>\n<\/li>\n<li data-start=\"2331\" data-end=\"2399\">\n<p data-start=\"2333\" data-end=\"2399\"><strong data-start=\"2333\" data-end=\"2345\">Kognitiv<\/strong>, durch Beobachten, Experimentieren und Vergleichen.<\/p>\n<\/li>\n<li data-start=\"2400\" data-end=\"2447\">\n<p data-start=\"2402\" data-end=\"2447\"><strong data-start=\"2402\" data-end=\"2415\">Emotional<\/strong>, durch Ausdruck von Gef\u00fchlen.<\/p>\n<\/li>\n<li data-start=\"2448\" data-end=\"2503\">\n<p data-start=\"2450\" data-end=\"2503\"><strong data-start=\"2450\" data-end=\"2460\">Sozial<\/strong>, durch gemeinsames Gestalten und Teilen.<\/p>\n<\/li>\n<\/ul>\n<p data-start=\"2505\" data-end=\"2686\">Unsere P\u00e4dagoginnen begleiten die Kinder aufmerksam, geben Impulse, aber keine Vorgaben. Es gibt kein \u201erichtig\u201c oder \u201efalsch\u201c. Jedes Kunstwerk ist einzigartig \u2013 so wie jedes Kind.<\/p>\n<h3 data-start=\"2688\" data-end=\"2728\">Kreativabenteuer in der Babygruppe<\/h3>\n<p data-start=\"2730\" data-end=\"2994\">Auch die Allerkleinsten d\u00fcrfen bei uns Teil des <strong data-start=\"2778\" data-end=\"2799\">Kreativabenteuers<\/strong> sein. Mit sicheren, ungiftigen Materialien k\u00f6nnen sie Farben ertasten, Fingerabdr\u00fccke hinterlassen oder Spuren auf Papier ziehen. Dabei geht es weniger um das Ergebnis, sondern um das Erleben.<\/p>\n<p data-start=\"2996\" data-end=\"3271\">Ein Baby, das seine H\u00e4nde in Farbe taucht, entdeckt seine Umwelt auf elementare Weise. Es sp\u00fcrt, wie die Farbe k\u00fchl und feucht ist, wie sie sich verteilt und Spuren hinterl\u00e4sst. Diese fr\u00fchen Sinneserfahrungen bilden die Basis f\u00fcr Wahrnehmung, Selbstbewusstsein und Motorik.<\/p>\n<p data-start=\"3273\" data-end=\"3481\">Unsere P\u00e4dagoginnen achten dabei auf Geborgenheit und Vertrauen. Sie begleiten das Kind behutsam, benennen, was passiert (\u201eDu malst mit roter Farbe\u201c), und unterst\u00fctzen so gleichzeitig die Sprachentwicklung.<\/p>\n<h3 data-start=\"3483\" data-end=\"3523\">Kreativit\u00e4t st\u00e4rkt Selbstvertrauen<\/h3>\n<p data-start=\"3525\" data-end=\"3749\">Ein <strong data-start=\"3529\" data-end=\"3549\">Kreativabenteuer<\/strong> ist immer auch ein Schritt in Richtung Selbstst\u00e4ndigkeit. Kinder erfahren, dass ihre Handlungen Wirkung haben \u2013 eine Linie, ein Abdruck, ein Muster. Dieses Erleben st\u00e4rkt Selbstvertrauen und Stolz.<\/p>\n<p data-start=\"3751\" data-end=\"3977\">Wenn Kinder am Ende sagen: \u201eDas habe ich gemacht!\u201c, ist das mehr als Freude \u00fcber ein Bild. Es ist das Bewusstsein, etwas Eigenes geschaffen zu haben. Genau das f\u00f6rdert die emotionale Entwicklung und das Gef\u00fchl von Kompetenz.<\/p>\n<h3 data-start=\"3979\" data-end=\"4015\">Kreativabenteuer und Teamgeist<\/h3>\n<p data-start=\"4017\" data-end=\"4274\">Kreativit\u00e4t geschieht bei uns nicht nur allein, sondern auch gemeinsam. Beim <strong data-start=\"4094\" data-end=\"4114\">Kreativabenteuer<\/strong> entstehen oft Gruppenkunstwerke \u2013 grosse Plakate, Collagen oder Handabdruckbilder. Kinder erleben dabei, wie aus vielen kleinen Beitr\u00e4gen etwas Grosses wird.<\/p>\n<p data-start=\"4276\" data-end=\"4492\">Diese gemeinsamen Aktivit\u00e4ten f\u00f6rdern Teamgeist, R\u00fccksichtnahme und Kommunikation. Jedes Kind darf beitragen, niemand wird ausgeschlossen. So lernen die Kinder auf nat\u00fcrliche Weise, dass Vielfalt etwas Sch\u00f6nes ist.<\/p>\n<h3 data-start=\"4494\" data-end=\"4532\">Farben, Natur und Nachhaltigkeit<\/h3>\n<p data-start=\"4534\" data-end=\"4858\">In der Kinderkrippe Bl\u00fcemli achten wir darauf, dass das <strong data-start=\"4590\" data-end=\"4610\">Kreativabenteuer<\/strong> auch mit der Natur verbunden bleibt. Wir verwenden gerne Naturmaterialien: Bl\u00e4tter, \u00c4ste, Kastanien oder Sand werden zu Farben, Pinseln und Strukturen. So lernen Kinder, dass Kreativit\u00e4t \u00fcberall m\u00f6glich ist \u2013 nicht nur mit gekauften Materialien.<\/p>\n<p data-start=\"4860\" data-end=\"5039\">Dieses kreative Arbeiten mit Naturprodukten f\u00f6rdert zudem ein erstes Umweltbewusstsein. Kinder verstehen, dass Materialien wertvoll sind und mit Respekt behandelt werden sollen.<\/p>\n<p data-start=\"5041\" data-end=\"5296\">Wer mehr \u00fcber unsere kreativen Angebote und p\u00e4dagogischen Schwerpunkte erfahren m\u00f6chte, findet auf unserer Webseite weitere Einblicke in unsere <a class=\"decorated-link\" href=\"https:\/\/kitabluemli.ch\/en\/activities\/\" target=\"_new\" rel=\"noopener\" data-start=\"5185\" data-end=\"5236\">Activities<\/a> and <a class=\"decorated-link\" href=\"https:\/\/kitabluemli.ch\/en\/our-values\/\" target=\"_new\" rel=\"noopener\" data-start=\"5241\" data-end=\"5293\">our values.<\/a>.<\/p>\n<h3 data-start=\"5298\" data-end=\"5348\">Warum Kreativabenteuer unvergesslich bleiben<\/h3>\n<p data-start=\"5350\" data-end=\"5572\">Das <strong data-start=\"5354\" data-end=\"5374\">Kreativabenteuer<\/strong> endet nie einfach, wenn die Farbe getrocknet ist. Kinder erinnern sich an das Gef\u00fchl, an das Lachen, an das Staunen. Ihre Kunstwerke werden stolz gezeigt, aufgeh\u00e4ngt oder mit nach Hause genommen.<\/p>\n<p data-start=\"5574\" data-end=\"5809\">Diese Erlebnisse pr\u00e4gen \u2013 sie schaffen Selbstvertrauen, Freude und Neugier. In der Kinderkrippe Bl\u00fcemli glauben wir, dass jedes Kind ein K\u00fcnstler ist. Unsere Aufgabe ist es, ihm Raum, Material und Zeit zu geben, um sich auszudr\u00fccken.<\/p>\n<p data-start=\"5811\" data-end=\"5905\">Denn jedes <strong data-start=\"5822\" data-end=\"5842\">Kreativabenteuer<\/strong> ist ein Schritt ins Leben \u2013 bunt, mutig und voller Fantasie.<\/p>","protected":false},"excerpt":{"rendered":"<p>Kreativabenteuer geh\u00f6ren in der Kinderkrippe Bl\u00fcemli zu den sch\u00f6nsten Momenten des Tages. Wenn kleine H\u00e4nde in Farbe tauchen, Formen entstehen und Farben sich mischen, wird nicht nur gemalt \u2013 es wird gef\u00fchlt, entdeckt und gelernt. F\u00fcr Kinder ist Kreativit\u00e4t kein Schulfach, sondern eine Sprache. Eine Sprache, mit der sie die Welt verstehen und sich selbst [&hellip;]<\/p>\n","protected":false},"author":2,"featured_media":30863,"comment_status":"closed","ping_status":"closed","sticky":false,"template":"","format":"standard","meta":{"footnotes":""},"categories":[519],"tags":[],"class_list":["post-30862","post","type-post","status-publish","format-standard","has-post-thumbnail","hentry","category-kinderkrippe-blog"],"_links":{"self":[{"href":"https:\/\/kitabluemli.ch\/en\/wp-json\/wp\/v2\/posts\/30862","targetHints":{"allow":["GET"]}}],"collection":[{"href":"https:\/\/kitabluemli.ch\/en\/wp-json\/wp\/v2\/posts"}],"about":[{"href":"https:\/\/kitabluemli.ch\/en\/wp-json\/wp\/v2\/types\/post"}],"author":[{"embeddable":true,"href":"https:\/\/kitabluemli.ch\/en\/wp-json\/wp\/v2\/users\/2"}],"replies":[{"embeddable":true,"href":"https:\/\/kitabluemli.ch\/en\/wp-json\/wp\/v2\/comments?post=30862"}],"version-history":[{"count":0,"href":"https:\/\/kitabluemli.ch\/en\/wp-json\/wp\/v2\/posts\/30862\/revisions"}],"wp:featuredmedia":[{"embeddable":true,"href":"https:\/\/kitabluemli.ch\/en\/wp-json\/wp\/v2\/media\/30863"}],"wp:attachment":[{"href":"https:\/\/kitabluemli.ch\/en\/wp-json\/wp\/v2\/media?parent=30862"}],"wp:term":[{"taxonomy":"category","embeddable":true,"href":"https:\/\/kitabluemli.ch\/en\/wp-json\/wp\/v2\/categories?post=30862"},{"taxonomy":"post_tag","embeddable":true,"href":"https:\/\/kitabluemli.ch\/en\/wp-json\/wp\/v2\/tags?post=30862"}],"curies":[{"name":"wp","href":"https:\/\/api.w.org\/{rel}","templated":true}]}}