{"id":30892,"date":"2025-12-25T12:00:22","date_gmt":"2025-12-25T11:00:22","guid":{"rendered":"https:\/\/kitabluemli.ch\/?p=30892"},"modified":"2025-11-11T13:00:31","modified_gmt":"2025-11-11T12:00:31","slug":"frohe-weihnachten-aus-der-kinderkrippe-blueemli","status":"publish","type":"post","link":"https:\/\/kitabluemli.ch\/en\/frohe-weihnachten-aus-der-kinderkrippe-blueemli\/","title":{"rendered":"Frohe Weihnachten aus der Kinderkrippe Bl\u00fcemli"},"content":{"rendered":"<p data-start=\"153\" data-end=\"435\">Was f\u00fcr ein wundersch\u00f6nes Jahr liegt hinter uns! Voller Abenteuer im Wald, fr\u00f6hlichem Kinderlachen, liebevoller Betreuung und vielen kleinen und grossen Entwicklungsschritten. Nun neigt sich das Jahr dem Ende zu \u2013 und in der Kinderkrippe Bl\u00fcemli zieht weihnachtliche Stimmung ein.<\/p>\n<p data-start=\"437\" data-end=\"843\">Gemeinsam mit den Kindern haben wir den Weihnachtsbaum geschm\u00fcckt, Weihnachtslieder gesungen und kleine Geschenke gebastelt. \u00dcberall duftet es nach Tannenzweigen, Zimt und feinen Guetzli. Die Kinder staunen, wenn die Lichterkette am Baum funkelt und erz\u00e4hlen mit leuchtenden Augen von Samichlaus und Rentieren. Diese Momente zeigen uns immer wieder, wie magisch die Weihnachtszeit durch Kinderaugen wird.<\/p>\n<p data-start=\"845\" data-end=\"1107\">Wir m\u00f6chten uns von Herzen bei allen Eltern f\u00fcr das Vertrauen, die liebevolle Zusammenarbeit und die vielen sch\u00f6nen gemeinsamen Erlebnisse bedanken. Dank eurer Unterst\u00fctzung d\u00fcrfen wir jeden Tag mit so viel Freude, Energie und W\u00e4rme mit euren Kindern arbeiten.<\/p>\n<p data-start=\"1109\" data-end=\"1407\">Das gesamte Team der <strong data-start=\"1130\" data-end=\"1154\">Kinderkrippe Bl\u00fcemli<\/strong> w\u00fcnscht euch und euren Familien <strong data-start=\"1187\" data-end=\"1208\">frohe Weihnachten<\/strong>, erholsame Feiertage und einen fr\u00f6hlichen Start ins neue Jahr. Wir freuen uns schon auf viele weitere gemeinsame Abenteuer im 2026 \u2013 im Wald, in der Kita und \u00fcberall dort, wo Kinderaugen strahlen!<\/p>\n<p data-start=\"1409\" data-end=\"1472\">\u2728 <strong data-start=\"1411\" data-end=\"1468\">Frohe Weihnachten und alles Liebe \u2013 euer Bl\u00fcemli-Team<\/strong> \u2728<\/p>","protected":false},"excerpt":{"rendered":"<p>Was f\u00fcr ein wundersch\u00f6nes Jahr liegt hinter uns! Voller Abenteuer im Wald, fr\u00f6hlichem Kinderlachen, liebevoller Betreuung und vielen kleinen und grossen Entwicklungsschritten. Nun neigt sich das Jahr dem Ende zu \u2013 und in der Kinderkrippe Bl\u00fcemli zieht weihnachtliche Stimmung ein. Gemeinsam mit den Kindern haben wir den Weihnachtsbaum geschm\u00fcckt, Weihnachtslieder gesungen und kleine Geschenke gebastelt. [&hellip;]<\/p>\n","protected":false},"author":2,"featured_media":30893,"comment_status":"closed","ping_status":"closed","sticky":false,"template":"","format":"standard","meta":{"footnotes":""},"categories":[1],"tags":[],"class_list":["post-30892","post","type-post","status-publish","format-standard","has-post-thumbnail","hentry","category-allgemein-blog"],"_links":{"self":[{"href":"https:\/\/kitabluemli.ch\/en\/wp-json\/wp\/v2\/posts\/30892","targetHints":{"allow":["GET"]}}],"collection":[{"href":"https:\/\/kitabluemli.ch\/en\/wp-json\/wp\/v2\/posts"}],"about":[{"href":"https:\/\/kitabluemli.ch\/en\/wp-json\/wp\/v2\/types\/post"}],"author":[{"embeddable":true,"href":"https:\/\/kitabluemli.ch\/en\/wp-json\/wp\/v2\/users\/2"}],"replies":[{"embeddable":true,"href":"https:\/\/kitabluemli.ch\/en\/wp-json\/wp\/v2\/comments?post=30892"}],"version-history":[{"count":0,"href":"https:\/\/kitabluemli.ch\/en\/wp-json\/wp\/v2\/posts\/30892\/revisions"}],"wp:featuredmedia":[{"embeddable":true,"href":"https:\/\/kitabluemli.ch\/en\/wp-json\/wp\/v2\/media\/30893"}],"wp:attachment":[{"href":"https:\/\/kitabluemli.ch\/en\/wp-json\/wp\/v2\/media?parent=30892"}],"wp:term":[{"taxonomy":"category","embeddable":true,"href":"https:\/\/kitabluemli.ch\/en\/wp-json\/wp\/v2\/categories?post=30892"},{"taxonomy":"post_tag","embeddable":true,"href":"https:\/\/kitabluemli.ch\/en\/wp-json\/wp\/v2\/tags?post=30892"}],"curies":[{"name":"wp","href":"https:\/\/api.w.org\/{rel}","templated":true}]}}