{"id":30895,"date":"2026-01-01T12:00:01","date_gmt":"2026-01-01T11:00:01","guid":{"rendered":"https:\/\/kitabluemli.ch\/?p=30895"},"modified":"2025-11-11T13:03:55","modified_gmt":"2025-11-11T12:03:55","slug":"frohes-neues-jahr-aus-der-kinderkrippe-blueemli","status":"publish","type":"post","link":"https:\/\/kitabluemli.ch\/en\/frohes-neues-jahr-aus-der-kinderkrippe-blueemli\/","title":{"rendered":"Frohes neues Jahr aus der Kinderkrippe Bl\u00fcemli"},"content":{"rendered":"<p data-start=\"153\" data-end=\"587\">Ein neues Jahr hat begonnen \u2013 voller Freude, Neugier und spannender Abenteuer! In der <strong data-start=\"239\" data-end=\"263\">Kinderkrippe Bl\u00fcemli<\/strong> starten wir mit vielen neuen Ideen, liebevoller Energie und frischem Elan in das Jahr 2026. Nach den festlichen Feiertagen sind die Kinder wieder mit Begeisterung dabei: sie erz\u00e4hlen von ihren Ferienerlebnissen, basteln bunte Neujahrsraketen und freuen sich auf das Wiedersehen mit ihren Freunden im Wald und in der Kita.<\/p>\n<p data-start=\"589\" data-end=\"1006\">Das neue Jahr bringt bei uns wieder viele sch\u00f6ne Projekte mit sich. Wir freuen uns auf gemeinsame Waldtage, kreative Bastelstunden, fr\u00f6hliche Feste und nat\u00fcrlich auf viele kleine Lernmomente, in denen die Kinder ihre Welt entdecken d\u00fcrfen. Auch 2026 bleibt unser Motto gleich: mit Herz, Geduld und Freude begleiten wir jedes Kind individuell \u2013 damit es in einer liebevollen Umgebung wachsen und sich entfalten kann.<\/p>\n<p data-start=\"1008\" data-end=\"1199\">Ein herzliches Dankesch\u00f6n an alle Eltern f\u00fcr die gute Zusammenarbeit, das Vertrauen und die Unterst\u00fctzung. Ohne euch w\u00e4re unser Kita-Alltag nicht so bunt, lebendig und herzlich, wie er ist.<\/p>\n<p data-start=\"1201\" data-end=\"1456\">Das gesamte <strong data-start=\"1213\" data-end=\"1229\">Bl\u00fcemli-Team<\/strong> w\u00fcnscht allen Familien ein <strong data-start=\"1257\" data-end=\"1278\">frohes neues Jahr<\/strong>, viel Gesundheit, Gl\u00fcck und viele zauberhafte Momente im Alltag. Wir freuen uns auf ein weiteres Jahr voller Lachen, Lernen und gemeinsamer Erlebnisse in unserer Kinderkrippe!<\/p>\n<p data-start=\"1458\" data-end=\"1537\">","protected":false},"excerpt":{"rendered":"<p>Ein neues Jahr hat begonnen \u2013 voller Freude, Neugier und spannender Abenteuer! In der Kinderkrippe Bl\u00fcemli starten wir mit vielen neuen Ideen, liebevoller Energie und frischem Elan in das Jahr 2026. Nach den festlichen Feiertagen sind die Kinder wieder mit Begeisterung dabei: sie erz\u00e4hlen von ihren Ferienerlebnissen, basteln bunte Neujahrsraketen und freuen sich auf das [&hellip;]<\/p>\n","protected":false},"author":2,"featured_media":30896,"comment_status":"closed","ping_status":"closed","sticky":false,"template":"","format":"standard","meta":{"footnotes":""},"categories":[1],"tags":[],"class_list":["post-30895","post","type-post","status-publish","format-standard","has-post-thumbnail","hentry","category-allgemein-blog"],"_links":{"self":[{"href":"https:\/\/kitabluemli.ch\/en\/wp-json\/wp\/v2\/posts\/30895","targetHints":{"allow":["GET"]}}],"collection":[{"href":"https:\/\/kitabluemli.ch\/en\/wp-json\/wp\/v2\/posts"}],"about":[{"href":"https:\/\/kitabluemli.ch\/en\/wp-json\/wp\/v2\/types\/post"}],"author":[{"embeddable":true,"href":"https:\/\/kitabluemli.ch\/en\/wp-json\/wp\/v2\/users\/2"}],"replies":[{"embeddable":true,"href":"https:\/\/kitabluemli.ch\/en\/wp-json\/wp\/v2\/comments?post=30895"}],"version-history":[{"count":0,"href":"https:\/\/kitabluemli.ch\/en\/wp-json\/wp\/v2\/posts\/30895\/revisions"}],"wp:featuredmedia":[{"embeddable":true,"href":"https:\/\/kitabluemli.ch\/en\/wp-json\/wp\/v2\/media\/30896"}],"wp:attachment":[{"href":"https:\/\/kitabluemli.ch\/en\/wp-json\/wp\/v2\/media?parent=30895"}],"wp:term":[{"taxonomy":"category","embeddable":true,"href":"https:\/\/kitabluemli.ch\/en\/wp-json\/wp\/v2\/categories?post=30895"},{"taxonomy":"post_tag","embeddable":true,"href":"https:\/\/kitabluemli.ch\/en\/wp-json\/wp\/v2\/tags?post=30895"}],"curies":[{"name":"wp","href":"https:\/\/api.w.org\/{rel}","templated":true}]}}