{"id":31132,"date":"2026-02-25T12:00:36","date_gmt":"2026-02-25T11:00:36","guid":{"rendered":"https:\/\/kitabluemli.ch\/?p=31132"},"modified":"2026-02-24T17:07:21","modified_gmt":"2026-02-24T16:07:21","slug":"winterabenteuer-waldkinder-7-kraftvolle-lernmomente","status":"publish","type":"post","link":"https:\/\/kitabluemli.ch\/en\/winterabenteuer-waldkinder-7-kraftvolle-lernmomente\/","title":{"rendered":"Winterabenteuer Waldkinder 7 kraftvolle Lernmomente"},"content":{"rendered":"<div class=\"flex flex-col text-sm pb-25\">\n<article class=\"text-token-text-primary w-full focus:outline-none [--shadow-height:45px] has-data-writing-block:pointer-events-none has-data-writing-block:-mt-(--shadow-height) has-data-writing-block:pt-(--shadow-height) [&amp;:has([data-writing-block])&gt;*]:pointer-events-auto scroll-mt-[calc(var(--header-height)+min(200px,max(70px,20svh)))]\" dir=\"auto\" tabindex=\"-1\" data-turn-id=\"request-68f5d736-a780-8329-9da8-13894910d6b3-0\" data-testid=\"conversation-turn-72\" data-scroll-anchor=\"true\" data-turn=\"assistant\">\n<div class=\"text-base my-auto mx-auto pb-10 [--thread-content-margin:--spacing(4)] @w-sm\/main:[--thread-content-margin:--spacing(6)] @w-lg\/main:[--thread-content-margin:--spacing(16)] px-(--thread-content-margin)\">\n<div class=\"[--thread-content-max-width:40rem] @w-lg\/main:[--thread-content-max-width:48rem] mx-auto max-w-(--thread-content-max-width) flex-1 group\/turn-messages focus-visible:outline-hidden relative flex w-full min-w-0 flex-col agent-turn\" tabindex=\"-1\">\n<div class=\"flex max-w-full flex-col grow\">\n<div class=\"min-h-8 text-message relative flex w-full flex-col items-end gap-2 text-start break-words whitespace-normal [.text-message+&amp;]:mt-1\" dir=\"auto\" data-message-author-role=\"assistant\" data-message-id=\"11fee14e-d5ec-40e1-90e4-5570684eb37b\" data-message-model-slug=\"gpt-5-2\">\n<div class=\"flex w-full flex-col gap-1 empty:hidden first:pt-[1px]\">\n<div class=\"markdown prose dark:prose-invert w-full wrap-break-word dark markdown-new-styling\"><\/div>\n<\/div>\n<\/div>\n<\/div>\n<div class=\"z-0 flex min-h-[46px] justify-start\">\n<p data-start=\"121\" data-end=\"511\">Winterabenteuer Waldkinder geh\u00f6ren in der Kinderkrippe Bl\u00fcemli ganz selbstverst\u00e4ndlich zum Alltag. Wenn leise Schneeflocken fallen, Wege weiss bedeckt sind und kleine Stiefel Spuren im Schnee hinterlassen, beginnt f\u00fcr die Kinder eine besonders intensive Lernzeit. Draussen sein ist bei uns kein Ausnahmeprogramm, sondern ein fester Bestandteil unserer p\u00e4dagogischen Arbeit \u2013 auch im Winter.<\/p>\n<p data-start=\"513\" data-end=\"812\">Die kalte Jahreszeit ver\u00e4ndert die Umgebung sp\u00fcrbar. Ger\u00e4usche werden ged\u00e4mpfter, Farben ruhiger, Bewegungen vorsichtiger. Genau diese Ver\u00e4nderungen machen das Winterabenteuer Waldkinder zu einem wertvollen Erfahrungsraum. Kinder erleben Natur nicht nur mit den Augen, sondern mit dem ganzen K\u00f6rper.<\/p>\n<h2 data-start=\"814\" data-end=\"872\">Winterabenteuer Waldkinder und motorische Entwicklung<\/h2>\n<p data-start=\"874\" data-end=\"1158\">Winterabenteuer Waldkinder f\u00f6rdern die motorische Entwicklung auf nat\u00fcrliche Weise. Schnee ist rutschig, weich oder uneben. Kinder m\u00fcssen ihr Gleichgewicht anpassen, kleinere Schritte machen und bewusster auftreten. Diese feinen Anpassungen st\u00e4rken Koordination und K\u00f6rperwahrnehmung.<\/p>\n<p data-start=\"1160\" data-end=\"1402\">Auch das Gehen in der Gruppe ist eine wichtige Erfahrung. Hintereinander laufen, H\u00e4nde halten oder auf ein Stoppsignal reagieren \u2013 all das verlangt Aufmerksamkeit und Selbstkontrolle. Die Kinder lernen, ihren K\u00f6rper im Raum sicher zu bewegen.<\/p>\n<p data-start=\"1404\" data-end=\"1674\">Bereits beim Anziehen beginnt ein wichtiger Lernprozess. Jacke schliessen, M\u00fctze aufsetzen, Reissverschluss hochziehen. Selbstst\u00e4ndigkeit wird Schritt f\u00fcr Schritt aufgebaut. Wir geben Unterst\u00fctzung, wo sie n\u00f6tig ist, und lassen Raum, wo Kinder es selbst schaffen k\u00f6nnen.<\/p>\n<h2 data-start=\"1676\" data-end=\"1726\">Winterabenteuer Waldkinder als Sinneserlebnis<\/h2>\n<p data-start=\"1728\" data-end=\"2023\">Draussen sein im Schnee ist ein intensives Sinneserlebnis. Die kalte Luft auf der Haut, das Knirschen unter den Schuhen, das Beobachten von fallenden Schneeflocken \u2013 all das pr\u00e4gt sich tief ein. Kinder erfahren Temperaturunterschiede, nehmen Ger\u00fcche wahr und sp\u00fcren unterschiedliche Untergr\u00fcnde.<\/p>\n<p data-start=\"2025\" data-end=\"2259\">Im Wald entdecken sie, wie sich B\u00e4ume ver\u00e4ndern, wie Moos unter einer d\u00fcnnen Schneeschicht aussieht oder wie Spuren im Schnee entstehen. Solche Beobachtungen f\u00f6rdern Konzentration und Neugier. Natur wird nicht erkl\u00e4rt, sondern erlebt.<\/p>\n<p data-start=\"2261\" data-end=\"2451\">In der Kinderkrippe Bl\u00fcemli begleiten wir diese Momente sprachlich. Wir benennen, was wir sehen und f\u00fchlen. Begriffe wie kalt, weich, glatt oder gefroren werden im echten Kontext verstanden.<\/p>\n<h2 data-start=\"2453\" data-end=\"2508\">Winterabenteuer Waldkinder und soziale Kompetenzen<\/h2>\n<p data-start=\"2510\" data-end=\"2725\">Gemeinsame Erlebnisse im Freien st\u00e4rken das Gruppengef\u00fchl. Kinder warten aufeinander, helfen beim Aufstehen oder zeigen sich gegenseitig spannende Entdeckungen. Diese Situationen f\u00f6rdern Empathie und R\u00fccksichtnahme.<\/p>\n<p data-start=\"2727\" data-end=\"2921\">Besonders im Winter entstehen viele kooperative Momente. Ein H\u00fcgel wird gemeinsam erklommen, Spuren werden verglichen oder Schneeb\u00e4lle vorsichtig gerollt. Solche Erfahrungen schaffen Verbindung.<\/p>\n<p data-start=\"2923\" data-end=\"3085\">In der Kinderkrippe Bl\u00fcemli legen wir grossen Wert darauf, dass jedes Kind seinen Platz in der Gruppe findet. Naturerlebnisse bieten daf\u00fcr ideale Voraussetzungen.<\/p>\n<h2 data-start=\"3087\" data-end=\"3140\">Winterabenteuer Waldkinder und emotionale St\u00e4rke<\/h2>\n<p data-start=\"3142\" data-end=\"3327\">Herausforderungen geh\u00f6ren dazu. Kalte H\u00e4nde, ungewohnter Untergrund oder erste Unsicherheiten k\u00f6nnen auftreten. Doch genau diese Situationen helfen Kindern, innere St\u00e4rke zu entwickeln.<\/p>\n<p data-start=\"3329\" data-end=\"3536\">Wenn ein Kind merkt, dass es auch bei Schnee sicher laufen kann, entsteht Stolz. Wenn es erf\u00e4hrt, dass eine vertraute Betreuungsperson Sicherheit gibt, w\u00e4chst Vertrauen. Solche Erfahrungen pr\u00e4gen nachhaltig.<\/p>\n<p data-start=\"3538\" data-end=\"3830\">Studien zeigen, dass regelm\u00e4ssige Naturaufenthalte Stress reduzieren und das Wohlbefinden steigern k\u00f6nnen. Das Bundesamt f\u00fcr Gesundheit betont die Bedeutung von Bewegung im Freien f\u00fcr die gesunde Entwicklung von Kindern. Weitere Informationen dazu finden sich hier:<br data-start=\"3803\" data-end=\"3806\" \/><a class=\"decorated-link\" href=\"https:\/\/www.bag.admin.ch\" target=\"_new\" rel=\"noopener\" data-start=\"3806\" data-end=\"3830\">https:\/\/www.bag.admin.ch<\/a><\/p>\n<h2 data-start=\"3832\" data-end=\"3886\">Winterabenteuer Waldkinder als Teil unserer Werte<\/h2>\n<p data-start=\"3888\" data-end=\"4104\">Naturerfahrungen sind tief in unserer p\u00e4dagogischen Haltung verankert. Bewegung, Selbstst\u00e4ndigkeit und Beziehung stehen im Mittelpunkt unserer Arbeit. Das spiegelt sich auch in unseren regelm\u00e4ssigen Waldzeiten wider.<\/p>\n<p data-start=\"4106\" data-end=\"4196\">Mehr \u00fcber unsere Grundhaltung erfahren Eltern hier:<br data-start=\"4157\" data-end=\"4160\" \/><a class=\"decorated-link\" href=\"https:\/\/kitabluemli.ch\/unsere-werte\/\" target=\"_new\" rel=\"noopener\" data-start=\"4160\" data-end=\"4196\">https:\/\/kitabluemli.ch\/unsere-werte\/<\/a><\/p>\n<p data-start=\"4198\" data-end=\"4366\">Im Wald erleben Kinder Freiheit innerhalb klarer Strukturen. Sie d\u00fcrfen entdecken, ausprobieren und beobachten. Gleichzeitig sorgen wir f\u00fcr Sicherheit und Orientierung.<\/p>\n<h2 data-start=\"4368\" data-end=\"4418\">Winterabenteuer Waldkinder und Nachhaltigkeit<\/h2>\n<p data-start=\"4420\" data-end=\"4646\">Wer Natur im Jahreslauf erlebt, entwickelt ein feines Gesp\u00fcr f\u00fcr Umwelt und Ver\u00e4nderung. Kinder sehen, dass B\u00e4ume im Winter anders aussehen als im Herbst oder Fr\u00fchling. Sie lernen, dass Schnee schmilzt und Spuren verschwinden.<\/p>\n<p data-start=\"4648\" data-end=\"4815\">Diese unmittelbaren Erfahrungen legen den Grundstein f\u00fcr einen respektvollen Umgang mit der Natur. Nachhaltigkeit beginnt nicht mit Erkl\u00e4rungen, sondern mit Beziehung.<\/p>\n<p data-start=\"4817\" data-end=\"4969\">Unsere Waldgruppe bietet regelm\u00e4ssige Naturerlebnisse bei jedem Wetter. Mehr Informationen dazu finden Eltern hier:<br data-start=\"4932\" data-end=\"4935\" \/><a class=\"decorated-link\" href=\"https:\/\/kitabluemli.ch\/waldgruppe\/\" target=\"_new\" rel=\"noopener\" data-start=\"4935\" data-end=\"4969\">https:\/\/kitabluemli.ch\/waldgruppe\/<\/a><\/p>\n<h2 data-start=\"4971\" data-end=\"5024\">Winterabenteuer Waldkinder und Elterntransparenz<\/h2>\n<p data-start=\"5026\" data-end=\"5201\">F\u00fcr Eltern ist es oft beeindruckend zu sehen, wie viel Entwicklung in einem scheinbar einfachen Spaziergang steckt. Kinder werden sicherer, selbstst\u00e4ndiger und ausgeglichener.<\/p>\n<p data-start=\"5203\" data-end=\"5409\">Wir teilen unsere Beobachtungen im Gespr\u00e4ch und geben Einblicke in den Alltag. So wird sichtbar, wie gezielt wir Lernimpulse setzen und welche Bedeutung Naturerfahrungen f\u00fcr die kindliche Entwicklung haben.<\/p>\n<p data-start=\"5411\" data-end=\"5549\">Wer mehr \u00fcber unsere Angebote erfahren oder Kontakt aufnehmen m\u00f6chte, findet hier weitere Informationen:<br data-start=\"5515\" data-end=\"5518\" \/><a class=\"decorated-link\" href=\"https:\/\/kitabluemli.ch\/kontakt\/\" target=\"_new\" rel=\"noopener\" data-start=\"5518\" data-end=\"5549\">https:\/\/kitabluemli.ch\/kontakt\/<\/a><\/p>\n<p data-start=\"5551\" data-end=\"5866\" data-is-last-node=\"\" data-is-only-node=\"\">Wintertage im Wald sind mehr als Bewegung an der frischen Luft. Sie sind Lernr\u00e4ume voller Sinneseindr\u00fccke, sozialer Erfahrungen und innerer Wachstumsprozesse. In der Kinderkrippe Bl\u00fcemli schaffen wir sichere Rahmenbedingungen, damit Kinder die Welt auch im Winter mit Neugier, Freude und Vertrauen entdecken k\u00f6nnen.<\/p>\n<\/div>\n<div class=\"mt-3 w-full empty:hidden\">\n<div class=\"text-center\"><\/div>\n<\/div>\n<\/div>\n<\/div>\n<\/article>\n<\/div>\n<div class=\"pointer-events-none h-px w-px absolute bottom-0\" aria-hidden=\"true\" data-edge=\"true\"><\/div>\n","protected":false},"excerpt":{"rendered":"<p>Winterabenteuer Waldkinder geh\u00f6ren in der Kinderkrippe Bl\u00fcemli ganz selbstverst\u00e4ndlich zum Alltag. Wenn leise Schneeflocken fallen, Wege weiss bedeckt sind und kleine Stiefel Spuren im Schnee hinterlassen, beginnt f\u00fcr die Kinder eine besonders intensive Lernzeit. Draussen sein ist bei uns kein Ausnahmeprogramm, sondern ein fester Bestandteil unserer p\u00e4dagogischen Arbeit \u2013 auch im Winter. Die kalte Jahreszeit [&hellip;]<\/p>\n","protected":false},"author":2,"featured_media":31133,"comment_status":"closed","ping_status":"closed","sticky":false,"template":"","format":"standard","meta":{"footnotes":""},"categories":[520],"tags":[],"class_list":["post-31132","post","type-post","status-publish","format-standard","has-post-thumbnail","hentry","category-waldkinderkrippe-blog"],"_links":{"self":[{"href":"https:\/\/kitabluemli.ch\/en\/wp-json\/wp\/v2\/posts\/31132","targetHints":{"allow":["GET"]}}],"collection":[{"href":"https:\/\/kitabluemli.ch\/en\/wp-json\/wp\/v2\/posts"}],"about":[{"href":"https:\/\/kitabluemli.ch\/en\/wp-json\/wp\/v2\/types\/post"}],"author":[{"embeddable":true,"href":"https:\/\/kitabluemli.ch\/en\/wp-json\/wp\/v2\/users\/2"}],"replies":[{"embeddable":true,"href":"https:\/\/kitabluemli.ch\/en\/wp-json\/wp\/v2\/comments?post=31132"}],"version-history":[{"count":0,"href":"https:\/\/kitabluemli.ch\/en\/wp-json\/wp\/v2\/posts\/31132\/revisions"}],"wp:featuredmedia":[{"embeddable":true,"href":"https:\/\/kitabluemli.ch\/en\/wp-json\/wp\/v2\/media\/31133"}],"wp:attachment":[{"href":"https:\/\/kitabluemli.ch\/en\/wp-json\/wp\/v2\/media?parent=31132"}],"wp:term":[{"taxonomy":"category","embeddable":true,"href":"https:\/\/kitabluemli.ch\/en\/wp-json\/wp\/v2\/categories?post=31132"},{"taxonomy":"post_tag","embeddable":true,"href":"https:\/\/kitabluemli.ch\/en\/wp-json\/wp\/v2\/tags?post=31132"}],"curies":[{"name":"wp","href":"https:\/\/api.w.org\/{rel}","templated":true}]}}