{"id":31137,"date":"2026-03-11T12:00:42","date_gmt":"2026-03-11T11:00:42","guid":{"rendered":"https:\/\/kitabluemli.ch\/?p=31137"},"modified":"2026-03-09T14:05:28","modified_gmt":"2026-03-09T13:05:28","slug":"fruechte-schneiden-kinder-6-starke-lernmomente","status":"publish","type":"post","link":"https:\/\/kitabluemli.ch\/en\/fruechte-schneiden-kinder-6-starke-lernmomente\/","title":{"rendered":"Fr\u00fcchte schneiden Kinder 6 starke Lernmomente"},"content":{"rendered":"<div class=\"flex flex-col text-sm pb-25\">\n<article class=\"text-token-text-primary w-full focus:outline-none [--shadow-height:45px] has-data-writing-block:pointer-events-none has-data-writing-block:-mt-(--shadow-height) has-data-writing-block:pt-(--shadow-height) [&amp;:has([data-writing-block])&gt;*]:pointer-events-auto scroll-mt-[calc(var(--header-height)+min(200px,max(70px,20svh)))]\" dir=\"auto\" tabindex=\"-1\" data-turn-id=\"request-68f5d736-a780-8329-9da8-13894910d6b3-3\" data-testid=\"conversation-turn-76\" data-scroll-anchor=\"true\" data-turn=\"assistant\">\n<div class=\"text-base my-auto mx-auto pb-10 [--thread-content-margin:var(--thread-content-margin-xs,calc(var(--spacing)*4))] @w-sm\/main:[--thread-content-margin:var(--thread-content-margin-sm,calc(var(--spacing)*6))] @w-lg\/main:[--thread-content-margin:var(--thread-content-margin-lg,calc(var(--spacing)*16))] px-(--thread-content-margin)\">\n<div class=\"[--thread-content-max-width:40rem] @w-lg\/main:[--thread-content-max-width:48rem] mx-auto max-w-(--thread-content-max-width) flex-1 group\/turn-messages focus-visible:outline-hidden relative flex w-full min-w-0 flex-col agent-turn\" tabindex=\"-1\">\n<div class=\"flex max-w-full flex-col gap-4 grow\">\n<div class=\"min-h-8 text-message relative flex w-full flex-col items-end gap-2 text-start break-words whitespace-normal [.text-message+&amp;]:mt-1\" dir=\"auto\" data-message-author-role=\"assistant\" data-message-id=\"977aa38f-9f4e-40c0-a9b1-136e821f2e2a\" data-message-model-slug=\"gpt-5-3\">\n<div class=\"flex w-full flex-col gap-1 empty:hidden\">\n<div class=\"markdown prose dark:prose-invert w-full wrap-break-word dark markdown-new-styling\">\n<p data-start=\"113\" data-end=\"570\">Fr\u00fcchte schneiden Kinder geh\u00f6rt zu den wertvollen Alltagserfahrungen in der Kinderkrippe Bl\u00fcemli. Wenn Kinder Obst in kleine St\u00fccke schneiden, Fr\u00fcchte in Schalen legen oder beim Vorbereiten eines gemeinsamen Snacks helfen, entstehen wichtige Lernprozesse. Was auf den ersten Blick wie eine einfache K\u00fcchent\u00e4tigkeit wirkt, ist in Wirklichkeit ein vielseitiges p\u00e4dagogisches Angebot, das Motorik, Selbstst\u00e4ndigkeit und gesunde Ern\u00e4hrung miteinander verbindet.<\/p>\n<p data-start=\"572\" data-end=\"817\">In der Kinderkrippe Bl\u00fcemli ist das gemeinsame Zubereiten von Fr\u00fcchten Teil unseres Alltags. Kinder d\u00fcrfen mithelfen, beobachten, ausprobieren und eigene Erfahrungen machen. Dadurch entsteht ein nat\u00fcrlicher Zugang zu Lebensmitteln und Ern\u00e4hrung.<\/p>\n<h2 data-section-id=\"3ys35b\" data-start=\"819\" data-end=\"864\">Fr\u00fcchte schneiden Kinder und Feinmotorik<\/h2>\n<p data-start=\"866\" data-end=\"1134\">Fr\u00fcchte schneiden Kinder f\u00f6rdert besonders die Feinmotorik. Wenn Kinder kleine Obstst\u00fccke greifen, schneiden oder in eine Schale legen, trainieren sie gezielte Handbewegungen. Die Finger arbeiten pr\u00e4zise zusammen, w\u00e4hrend gleichzeitig Auge und Hand koordiniert werden.<\/p>\n<p data-start=\"1136\" data-end=\"1380\">Solche Bewegungsabl\u00e4ufe sind wichtige Grundlagen f\u00fcr sp\u00e4tere F\u00e4higkeiten wie Schreiben, Basteln oder Malen. Besonders das Halten eines kindgerechten Messers oder das Greifen kleiner Fruchtst\u00fccke st\u00e4rkt die Fingerkraft und Bewegungskoordination.<\/p>\n<p data-start=\"1382\" data-end=\"1533\">In der Kinderkrippe Bl\u00fcemli achten wir darauf, dass Kinder altersgerechte Werkzeuge verwenden. Dadurch k\u00f6nnen sie sicher und selbstst\u00e4ndig mitarbeiten.<\/p>\n<h2 data-section-id=\"1i7u52h\" data-start=\"1535\" data-end=\"1586\">Fr\u00fcchte schneiden Kinder und Selbstst\u00e4ndigkeit<\/h2>\n<p data-start=\"1588\" data-end=\"1816\">Fr\u00fcchte schneiden Kinder st\u00e4rkt das Gef\u00fchl von Selbstwirksamkeit. Kinder erleben, dass sie aktiv zum Alltag beitragen k\u00f6nnen. Sie bereiten gemeinsam mit anderen Kindern einen Snack vor und sehen sp\u00e4ter das Ergebnis ihrer Arbeit.<\/p>\n<p data-start=\"1818\" data-end=\"2039\">Dieses Erlebnis ist f\u00fcr Kinder besonders motivierend. Sie lernen, Verantwortung zu \u00fcbernehmen und erleben Stolz auf das eigene Tun. Wenn ein Kind ein St\u00fcck Apfel selbst geschnitten hat, schmeckt es oft gleich noch besser.<\/p>\n<p data-start=\"2041\" data-end=\"2227\">In der Kinderkrippe Bl\u00fcemli ermutigen wir Kinder, m\u00f6glichst viele Alltagsschritte selbst auszuprobieren. Selbstst\u00e4ndigkeit entsteht durch Vertrauen und durch Gelegenheiten zum Mitmachen.<\/p>\n<h2 data-section-id=\"12rcpki\" data-start=\"2229\" data-end=\"2280\">Fr\u00fcchte schneiden Kinder und gesunde Ern\u00e4hrung<\/h2>\n<p data-start=\"2282\" data-end=\"2479\">Fr\u00fcchte schneiden Kinder schafft einen positiven Bezug zu gesunder Ern\u00e4hrung. Kinder erleben Obst nicht nur als fertigen Snack, sondern als Lebensmittel, das vorbereitet und gemeinsam geteilt wird.<\/p>\n<p data-start=\"2481\" data-end=\"2674\">Wenn Kinder selbst Fr\u00fcchte schneiden, betrachten sie die Farben, riechen die unterschiedlichen Aromen und probieren verschiedene Geschm\u00e4cker aus. Dadurch entsteht Neugier auf neue Lebensmittel.<\/p>\n<p data-start=\"2676\" data-end=\"2851\">Studien zeigen, dass Kinder eher Obst und Gem\u00fcse essen, wenn sie an der Zubereitung beteiligt sind. Durch diese Erfahrung wird gesunde Ern\u00e4hrung zu etwas Selbstverst\u00e4ndlichem.<\/p>\n<h2 data-section-id=\"vbm212\" data-start=\"2853\" data-end=\"2912\">Fr\u00fcchte schneiden Kinder und mathematische Erfahrungen<\/h2>\n<p data-start=\"2914\" data-end=\"3085\">Beim Schneiden von Obst entstehen ganz nebenbei erste mathematische Erfahrungen. Kinder vergleichen St\u00fccke, z\u00e4hlen Obstst\u00fccke oder sortieren Fr\u00fcchte nach Farbe und Gr\u00f6sse.<\/p>\n<p data-start=\"3087\" data-end=\"3286\">Ein Apfel wird halbiert, eine Banane in mehrere St\u00fccke geteilt oder ein Teller mit verschiedenen Fr\u00fcchten gef\u00fcllt. Solche Situationen f\u00f6rdern ein erstes Verst\u00e4ndnis f\u00fcr Mengen, Formen und Strukturen.<\/p>\n<p data-start=\"3288\" data-end=\"3387\">Diese Lernmomente entstehen spielerisch und ohne Druck. Kinder lernen durch Handlung und Erfahrung.<\/p>\n<h2 data-section-id=\"1uzbgqf\" data-start=\"3389\" data-end=\"3442\">Fr\u00fcchte schneiden Kinder und soziale Kompetenzen<\/h2>\n<p data-start=\"3444\" data-end=\"3611\">Gemeinsames Vorbereiten eines Snacks st\u00e4rkt auch das soziale Lernen. Kinder teilen Lebensmittel, reichen Schalen weiter oder warten, bis alle ein St\u00fcck bekommen haben.<\/p>\n<p data-start=\"3613\" data-end=\"3766\">Solche Momente f\u00f6rdern Geduld, R\u00fccksichtnahme und Gemeinschaft. Essen wird nicht nur als individuelle T\u00e4tigkeit erlebt, sondern als gemeinsames Erlebnis.<\/p>\n<p data-start=\"3768\" data-end=\"3968\">In der Kinderkrippe Bl\u00fcemli legen wir grossen Wert darauf, dass Mahlzeiten in einer ruhigen und angenehmen Atmosph\u00e4re stattfinden. Kinder lernen dabei, aufeinander zu achten und miteinander zu teilen.<\/p>\n<h2 data-section-id=\"1ydmykg\" data-start=\"3970\" data-end=\"4021\">Fr\u00fcchte schneiden Kinder und Sprachentwicklung<\/h2>\n<p data-start=\"4023\" data-end=\"4183\">Beim gemeinsamen Schneiden und Vorbereiten entstehen viele Gespr\u00e4chssituationen. Kinder benennen Fr\u00fcchte, beschreiben Farben oder erz\u00e4hlen, was sie gerne essen.<\/p>\n<p data-start=\"4185\" data-end=\"4379\">Die Betreuungspersonen begleiten diese Situationen sprachlich. Begriffe wie Apfel, Banane, s\u00fcss oder sauer werden im direkten Zusammenhang erlebt. Sprache wird dadurch lebendig und verst\u00e4ndlich.<\/p>\n<p data-start=\"4381\" data-end=\"4489\">Weitere Einblicke in unsere t\u00e4glichen Aktivit\u00e4ten finden Eltern hier:<br data-start=\"4450\" data-end=\"4453\" \/><a class=\"decorated-link\" href=\"https:\/\/kitabluemli.ch\/aktivitaeten\/\" target=\"_new\" rel=\"noopener\" data-start=\"4453\" data-end=\"4489\">https:\/\/kitabluemli.ch\/aktivitaeten\/<\/a><\/p>\n<h2 data-section-id=\"1d5osze\" data-start=\"4491\" data-end=\"4559\">Fr\u00fcchte schneiden Kinder als Teil unseres p\u00e4dagogischen Alltags<\/h2>\n<p data-start=\"4561\" data-end=\"4779\">Fr\u00fcchte schneiden Kinder ist ein Beispiel daf\u00fcr, wie Lernen im Alltag stattfinden kann. P\u00e4dagogik bedeutet nicht immer ein geplantes Programm. Oft entstehen die wertvollsten Lernmomente in einfachen Alltagssituationen.<\/p>\n<p data-start=\"4781\" data-end=\"4973\">In der Kinderkrippe Bl\u00fcemli nutzen wir bewusst solche Situationen, um Kinder ganzheitlich zu f\u00f6rdern. Bewegung, Sprache, soziale Erfahrungen und Selbstst\u00e4ndigkeit werden miteinander verbunden.<\/p>\n<p data-start=\"4975\" data-end=\"5090\">Mehr \u00fcber unsere p\u00e4dagogische Haltung und unsere Werte erfahren Eltern hier:<br data-start=\"5051\" data-end=\"5054\" \/><a class=\"decorated-link\" href=\"https:\/\/kitabluemli.ch\/unsere-werte\/\" target=\"_new\" rel=\"noopener\" data-start=\"5054\" data-end=\"5090\">https:\/\/kitabluemli.ch\/unsere-werte\/<\/a><\/p>\n<h2 data-section-id=\"1njiejo\" data-start=\"5092\" data-end=\"5157\">Fr\u00fcchte schneiden Kinder und Vertrauen in eigene F\u00e4higkeiten<\/h2>\n<p data-start=\"5159\" data-end=\"5376\">Wenn Kinder erleben, dass ihnen etwas zugetraut wird, w\u00e4chst ihr Selbstvertrauen. Das gilt auch beim Schneiden von Fr\u00fcchten. Kinder lernen, dass sie Verantwortung \u00fcbernehmen k\u00f6nnen und dass ihre Mitarbeit wichtig ist.<\/p>\n<p data-start=\"5378\" data-end=\"5507\">Diese Erfahrungen pr\u00e4gen nachhaltig. Kinder entwickeln Mut, Neues auszuprobieren, und erleben, dass Fehler Teil des Lernens sind.<\/p>\n<p data-start=\"5509\" data-end=\"5630\">In der Kinderkrippe Bl\u00fcemli schaffen wir eine Umgebung, in der Kinder sich sicher f\u00fchlen und gleichzeitig wachsen k\u00f6nnen.<\/p>\n<p data-start=\"5632\" data-end=\"5781\">Eltern, die mehr \u00fcber unsere Angebote erfahren oder ihr Kind anmelden m\u00f6chten, finden hier weitere Informationen:<br data-start=\"5745\" data-end=\"5748\" \/><a class=\"decorated-link\" href=\"https:\/\/kitabluemli.ch\/anmeldung\/\" target=\"_new\" rel=\"noopener\" data-start=\"5748\" data-end=\"5781\">https:\/\/kitabluemli.ch\/anmeldung\/<\/a><\/p>\n<p data-start=\"5783\" data-end=\"6133\" data-is-last-node=\"\" data-is-only-node=\"\">Das gemeinsame Zubereiten von Fr\u00fcchten zeigt eindrucksvoll, wie viel Lernen in kleinen Alltagssituationen steckt. Durch Mitmachen, Beobachten und Ausprobieren entwickeln Kinder F\u00e4higkeiten, die sie ein Leben lang begleiten. In der Kinderkrippe Bl\u00fcemli schaffen wir daf\u00fcr den passenden Rahmen \u2013 mit Zeit, Vertrauen und Freude am gemeinsamen Entdecken.<\/p>\n<\/div>\n<\/div>\n<\/div>\n<\/div>\n<div class=\"z-0 flex min-h-[46px] justify-start\"><\/div>\n<div class=\"mt-3 w-full empty:hidden\">\n<div class=\"text-center\"><\/div>\n<\/div>\n<\/div>\n<\/div>\n<\/article>\n<\/div>\n<div class=\"pointer-events-none h-px w-px absolute bottom-0\" aria-hidden=\"true\" data-edge=\"true\"><\/div>\n","protected":false},"excerpt":{"rendered":"<p>Fr\u00fcchte schneiden Kinder geh\u00f6rt zu den wertvollen Alltagserfahrungen in der Kinderkrippe Bl\u00fcemli. Wenn Kinder Obst in kleine St\u00fccke schneiden, Fr\u00fcchte in Schalen legen oder beim Vorbereiten eines gemeinsamen Snacks helfen, entstehen wichtige Lernprozesse. Was auf den ersten Blick wie eine einfache K\u00fcchent\u00e4tigkeit wirkt, ist in Wirklichkeit ein vielseitiges p\u00e4dagogisches Angebot, das Motorik, Selbstst\u00e4ndigkeit und gesunde [&hellip;]<\/p>\n","protected":false},"author":2,"featured_media":31140,"comment_status":"closed","ping_status":"closed","sticky":false,"template":"","format":"standard","meta":{"footnotes":""},"categories":[519],"tags":[],"class_list":["post-31137","post","type-post","status-publish","format-standard","has-post-thumbnail","hentry","category-kinderkrippe-blog"],"_links":{"self":[{"href":"https:\/\/kitabluemli.ch\/en\/wp-json\/wp\/v2\/posts\/31137","targetHints":{"allow":["GET"]}}],"collection":[{"href":"https:\/\/kitabluemli.ch\/en\/wp-json\/wp\/v2\/posts"}],"about":[{"href":"https:\/\/kitabluemli.ch\/en\/wp-json\/wp\/v2\/types\/post"}],"author":[{"embeddable":true,"href":"https:\/\/kitabluemli.ch\/en\/wp-json\/wp\/v2\/users\/2"}],"replies":[{"embeddable":true,"href":"https:\/\/kitabluemli.ch\/en\/wp-json\/wp\/v2\/comments?post=31137"}],"version-history":[{"count":0,"href":"https:\/\/kitabluemli.ch\/en\/wp-json\/wp\/v2\/posts\/31137\/revisions"}],"wp:featuredmedia":[{"embeddable":true,"href":"https:\/\/kitabluemli.ch\/en\/wp-json\/wp\/v2\/media\/31140"}],"wp:attachment":[{"href":"https:\/\/kitabluemli.ch\/en\/wp-json\/wp\/v2\/media?parent=31137"}],"wp:term":[{"taxonomy":"category","embeddable":true,"href":"https:\/\/kitabluemli.ch\/en\/wp-json\/wp\/v2\/categories?post=31137"},{"taxonomy":"post_tag","embeddable":true,"href":"https:\/\/kitabluemli.ch\/en\/wp-json\/wp\/v2\/tags?post=31137"}],"curies":[{"name":"wp","href":"https:\/\/api.w.org\/{rel}","templated":true}]}}